{"id":425465,"date":"2025-09-29T06:51:11","date_gmt":"2025-09-29T06:51:11","guid":{"rendered":"https:\/\/www.europesays.com\/fr\/425465\/"},"modified":"2025-09-29T06:51:11","modified_gmt":"2025-09-29T06:51:11","slug":"nous-navons-pas-de-haine-a-exprimer-assure-le-patron-du-parquet-national-financier","status":"publish","type":"post","link":"https:\/\/www.europesays.com\/fr\/425465\/","title":{"rendered":"\u00ab\u00a0Nous n&rsquo;avons pas de haine \u00e0 exprimer\u00a0\u00bb, assure le patron du Parquet national financier"},"content":{"rendered":"\n<p class=\"c-chapo \">\n  \u00ab\u00a0Notre boussole, c&rsquo;est le droit, c&rsquo;est la r\u00e8gle de droit\u00a0\u00bb, a d\u00e9clar\u00e9 sur RTL le procureur Jean-Fran\u00e7ois Bohnert.\n<\/p>\n<p>            lire plus tard<\/p>\n<p id=\"dialog__title\" class=\"dialog__title\">Pour sauvegarder cet article, connectez-vous ou cr\u00e9ez un compte franceinfo<\/p>\n<p class=\"dialog__description\">Sans paiement. Sans abonnement.<\/p>\n<p>        Fermer la fen\u00eatre d\u2019activation des notifications France Info<\/p>\n<p>            cr\u00e9er votre compte<\/p>\n<p>            se connecter<\/p>\n<p>        Fermer la fen\u00eatre de pr\u00e9sentation<\/p>\n<p>    <img loading=\"lazy\" decoding=\"async\" class=\"signature__image lazyload\" width=\"100\" height=\"100\" data- alt=\"\" src=\"https:\/\/www.europesays.com\/fr\/wp-content\/uploads\/2025\/05\/64a68815cd1a7_placeholder-36b69ec8.png\"\/><\/p>\n<p>    Publi\u00e9 le 29\/09\/2025 08:27<\/p>\n<p>      Mis \u00e0 jour le 29\/09\/2025 08:35<\/p>\n<p>        Temps de lecture : 1min<\/p>\n<p>    <img decoding=\"async\"  alt=\"Le nouveau procureur g\u00e9n\u00e9ral de la R\u00e9publique charg\u00e9 des affaires financi\u00e8res, Jean-Fran\u00e7ois Bohnert, pose le 17 octobre 2019 dans son bureau au p\u00f4le financier du tribunal de Paris. (ERIC FEFERBERG \/ AFP)\" width=\"432\" height=\"243\" src=\"https:\/\/www.europesays.com\/fr\/wp-content\/uploads\/2025\/09\/000-1li52m-68da27624c59b921417385.jpg\" fetchpriority=\"high\"\/><\/p>\n<p>      Le nouveau procureur g\u00e9n\u00e9ral de la R\u00e9publique charg\u00e9 des affaires financi\u00e8res, Jean-Fran\u00e7ois Bohnert, pose le 17 octobre 2019 dans son bureau au p\u00f4le financier du tribunal de Paris. (ERIC FEFERBERG \/ AFP)<\/p>\n<p>La justice r\u00e9pond \u00e0 Nicolas Sarkozy. Le procureur financier Jean-Fran\u00e7ois Bohnert a assur\u00e9, lundi 29 septembre sur <a href=\"https:\/\/www.rtl.fr\/actu\/justice-faits-divers\/nous-n-avons-pas-de-haine-le-chef-du-parquet-national-financier-repond-a-nicolas-sarkozy-sur-rtl-et-assure-n-avoir-aucun-compte-a-regler-avec-l-ex-president-7900546419\" target=\"_blank\" rel=\"noopener nofollow\">RTL<\/a>, que le Parquet national financier (PNF) n&rsquo;avait \u00ab\u00a0pas de haine\u00a0\u00bb envers l&rsquo;ancien pr\u00e9sident de la R\u00e9publique, condamn\u00e9 la semaine derni\u00e8re \u00e0 Paris\u00a0<a href=\"https:\/\/www.franceinfo.fr\/politique\/affaire\/financement-de-la-campagne-de-sarkozy\/nicolas-sarkozy-condamne-a-cinq-ans-de-prison-dans-l-affaire-du-financement-libyen-de-sa-campagne-electorale-en-2007_7510897.html\" rel=\"nofollow noopener\" target=\"_blank\">\u00e0 une lourde peine<\/a> de cinq ans de prison pour association de malfaiteurs dans le dossier dit du financement libyen. \u00ab\u00a0Nous n&rsquo;avons pas de haine \u00e0 exprimer (&#8230;) Notre boussole, c&rsquo;est le droit, c&rsquo;est la r\u00e8gle de droit\u00a0\u00bb, a d\u00e9clar\u00e9 le chef du PNF en r\u00e9ponse <a href=\"https:\/\/www.franceinfo.fr\/politique\/affaire\/financement-de-la-campagne-de-sarkozy\/c-est-inquietant-pour-l-etat-de-droit-apres-la-condamnation-de-nicolas-sarkozy-les-critiques-contre-l-autorite-judiciaire-vont-crescendo_7515736.html\" rel=\"nofollow noopener\" target=\"_blank\">aux accusations formul\u00e9es par l&rsquo;ex-chef de l&rsquo;Etat<\/a> estimant que sa condamnation jeudi avec incarc\u00e9ration prochaine lui avait \u00e9t\u00e9 inflig\u00e9e par \u00ab\u00a0haine\u00a0\u00bb des magistrats.<\/p>\n<p>De nombreuses voix \u00e0 l&rsquo;image du <a href=\"https:\/\/www.franceinfo.fr\/societe\/affaire\/les-affaires-sarkozy\/condamnation-de-nicolas-sarkozy-les-attaques-et-menaces-de-mort-contre-les-magistrats-sont-inadmissibles-denonce-emmanuel-macron_7519639.html\" rel=\"nofollow noopener\" target=\"_blank\">pr\u00e9sident Emmanuel Macron<\/a> ont condamn\u00e9 ce week-end les \u00ab\u00a0les attaques et menaces de mort\u00a0\u00bb contre les magistrats ayant condamn\u00e9 Nicolas Sarkozy. Ce qui \u00ab\u00a0est une atteinte \u00e0 l&rsquo;Etat de droit, ce sont des menaces contre les juges\u00a0\u00bb et non un jugement \u00ab\u00a0rendu minutieusement\u00a0\u00bb, a \u00e9galement d\u00e9nonc\u00e9 lundi sur France Inter le pr\u00e9sident du tribunal judiciaire de Paris Peimane Ghaleh Marzban.<\/p>\n<p>Dans un entretien au <a href=\"https:\/\/www.franceinfo.fr\/politique\/nicolas-sarkozy\/je-m-attendais-a-tout-mais-pas-a-cela-reagit-nicolas-sarkozy-au-sujet-de-sa-condamnation-a-cinq-ans-de-prison-assortie-d-une-execution-provisoire_7517926.html\" target=\"_blank\" rel=\"noopener nofollow\">JDD<\/a> apr\u00e8s sa condamnation \u00e0 cinq ans de prison dans l&rsquo;affaire libyenne assortie d&rsquo;un prochain placement en d\u00e9tention, Nicolas Sarkozy a estim\u00e9 que \u00ab\u00a0toutes les limites de l&rsquo;Etat de droit\u00a0\u00bb avaient \u00ab\u00a0\u00e9t\u00e9 viol\u00e9es\u00a0\u00bb. La juge qui a pr\u00e9sid\u00e9 le tribunal a depuis \u00e9t\u00e9 menac\u00e9e de mort. Deux enqu\u00eates judiciaires ont \u00e9t\u00e9 ouvertes.<\/p>\n","protected":false},"excerpt":{"rendered":"\u00ab\u00a0Notre boussole, c&rsquo;est le droit, c&rsquo;est la r\u00e8gle de droit\u00a0\u00bb, a d\u00e9clar\u00e9 sur RTL le procureur Jean-Fran\u00e7ois Bohnert.&hellip;\n","protected":false},"author":2,"featured_media":425466,"comment_status":"","ping_status":"","sticky":false,"template":"","format":"standard","meta":{"footnotes":""},"categories":[1888],"tags":[1111,1928,11,1927,1777,674,1011,27,12,1926,626,1925,25],"class_list":{"0":"post-425465","1":"post","2":"type-post","3":"status-publish","4":"format-standard","5":"has-post-thumbnail","7":"category-paris","8":"tag-actu","9":"tag-actu-paris","10":"tag-actualites","11":"tag-actualites-paris","12":"tag-eu","13":"tag-europe","14":"tag-fr","15":"tag-france","16":"tag-news","17":"tag-news-paris","18":"tag-paris","19":"tag-paris-news","20":"tag-republique-francaise"},"share_on_mastodon":{"url":"https:\/\/pubeurope.com\/@fr\/115286264143260900","error":""},"_links":{"self":[{"href":"https:\/\/www.europesays.com\/fr\/wp-json\/wp\/v2\/posts\/425465","targetHints":{"allow":["GET"]}}],"collection":[{"href":"https:\/\/www.europesays.com\/fr\/wp-json\/wp\/v2\/posts"}],"about":[{"href":"https:\/\/www.europesays.com\/fr\/wp-json\/wp\/v2\/types\/post"}],"author":[{"embeddable":true,"href":"https:\/\/www.europesays.com\/fr\/wp-json\/wp\/v2\/users\/2"}],"replies":[{"embeddable":true,"href":"https:\/\/www.europesays.com\/fr\/wp-json\/wp\/v2\/comments?post=425465"}],"version-history":[{"count":0,"href":"https:\/\/www.europesays.com\/fr\/wp-json\/wp\/v2\/posts\/425465\/revisions"}],"wp:featuredmedia":[{"embeddable":true,"href":"https:\/\/www.europesays.com\/fr\/wp-json\/wp\/v2\/media\/425466"}],"wp:attachment":[{"href":"https:\/\/www.europesays.com\/fr\/wp-json\/wp\/v2\/media?parent=425465"}],"wp:term":[{"taxonomy":"category","embeddable":true,"href":"https:\/\/www.europesays.com\/fr\/wp-json\/wp\/v2\/categories?post=425465"},{"taxonomy":"post_tag","embeddable":true,"href":"https:\/\/www.europesays.com\/fr\/wp-json\/wp\/v2\/tags?post=425465"}],"curies":[{"name":"wp","href":"https:\/\/api.w.org\/{rel}","templated":true}]}}