{"id":425467,"date":"2025-09-29T06:52:11","date_gmt":"2025-09-29T06:52:11","guid":{"rendered":"https:\/\/www.europesays.com\/fr\/425467\/"},"modified":"2025-09-29T06:52:11","modified_gmt":"2025-09-29T06:52:11","slug":"les-valeurs-a-suivre-a-paris-et-en-europe-actualise-29-09-2025-a-0823","status":"publish","type":"post","link":"https:\/\/www.europesays.com\/fr\/425467\/","title":{"rendered":"Les valeurs \u00e0 suivre \u00e0 Paris et en Europe (actualis\u00e9) &#8211; 29\/09\/2025 \u00e0 08:23"},"content":{"rendered":"<p>\n (Actualis\u00e9 avec Lufthansa, Mercedes-Benz, TotalEnergies,<br \/>\nStellantis, AstraZeneca)\n<\/p>\n<p>\n *\n<\/p>\n<p>\n Variation des futures sur indice CAC 40  0#FCE:\n<\/p>\n<p>\n *\n<\/p>\n<p>\n Variation des futures sur indice Stoxx 600  0#FXXP:\n<\/p>\n<p>\n *\n<\/p>\n<p>\n Valeurs qui se traitent ex-dividende  .EX.PA\n<\/p>\n<p>\n *\n<\/p>\n<p>\n Le point sur les march\u00e9s europ\u00e9ens  .EUFR\n<\/p>\n<p>\n Les valeurs \u00e0 suivre<br \/>\nlundi \u00e0 la Bourse de Paris et en Europe :\n<\/p>\n<p>\n * EQUASENS<br \/>\n <a href=\"https:\/\/www.boursorama.com\/cours\/1rPEQS\/\" rel=\"nofollow noopener\" target=\"_blank\"><br \/>\n  EQSE.PA<br \/>\n <\/a><br \/>\n a confirm\u00e9 vendredi ses perspectives<br \/>\npour 2025.\n<\/p>\n<p>\n * LUFTHANSA<br \/>\n <a href=\"https:\/\/www.boursorama.com\/cours\/1zLHA\/\" rel=\"nofollow noopener\" target=\"_blank\"><br \/>\n  LHAG.DE<br \/>\n <\/a><br \/>\n va supprimer 4.000 emplois<br \/>\nadministratifs d&rsquo;ici 2030 en s&rsquo;appuyant sur la num\u00e9risation, \u00e0<br \/>\nl&rsquo;automatisation et \u00e0 la consolidation des processus, a d\u00e9clar\u00e9<br \/>\nlundi la compagnie a\u00e9rienne allemande dans le cadre de sa<br \/>\njourn\u00e9e investisseurs.\n<\/p>\n<p>\n * MERCEDES-BENZ<br \/>\n <a href=\"https:\/\/www.boursorama.com\/cours\/1zMBG\/\" rel=\"nofollow noopener\" target=\"_blank\"><br \/>\n  MBGn.DE<br \/>\n <\/a><br \/>\n &#8211; L&rsquo;aluminium fabriqu\u00e9 \u00e0 partir<br \/>\nd&rsquo;\u00e9nergies renouvelables et issu du recyclage aide le<br \/>\nconstructeur automobile de luxe \u00e0 r\u00e9duire les \u00e9missions de CO2<br \/>\ndans la production de sa nouvelle gamme de v\u00e9hicules<br \/>\n\u00e9lectriques, dans le cadre d&rsquo;un effort plus large visant \u00e0<br \/>\nd\u00e9carboniser ses activit\u00e9s, ont d\u00e9clar\u00e9 des dirigeants \u00e0<br \/>\nReuters.\n<\/p>\n<p>\n * TOTALENERGIES<br \/>\n <a href=\"https:\/\/www.boursorama.com\/cours\/1rPTTE\/\" rel=\"nofollow noopener\" target=\"_blank\"><br \/>\n  TTEF.PA<br \/>\n <\/a><br \/>\n a annonc\u00e9 lundi avoir sign\u00e9 un<br \/>\naccord pour la cession de 50% d&rsquo;un portefeuille d&rsquo;actifs<br \/>\nsolaires de 1,4 GW en Am\u00e9rique du nord, valoris\u00e9 \u00e0 1,25 milliard<br \/>\nde dollars (1,07 milliard d&rsquo;euros).\n<\/p>\n<p>\n * STELLANTIS<br \/>\n <a href=\"https:\/\/www.boursorama.com\/cours\/1gSTLAM\/\" rel=\"nofollow noopener\" target=\"_blank\"><br \/>\n  STLAM.MI<br \/>\n <\/a><br \/>\n a annonc\u00e9 lundi la nomination de<br \/>\nJoao Laranjo au poste de directeur financier (\u00ab\u00a0Chief financial<br \/>\nofficer\u00a0\u00bb), avec effet imm\u00e9diat.\n<\/p>\n<p>\n * ASTRAZENECA<br \/>\n <a href=\"https:\/\/www.boursorama.com\/cours\/1uAZN.L\/\" rel=\"nofollow noopener\" target=\"_blank\"><br \/>\n  AZN.L<br \/>\n <\/a><br \/>\n a annonc\u00e9 lundi qu&rsquo;elle allait<br \/>\nd\u00e9sormais coter ses actions directement \u00e0 la Bourse de New York,<br \/>\nau lieu des actions de d\u00e9p\u00f4t actuelles, ajoutant qu&rsquo;elle<br \/>\ncontinuerait \u00e0 \u00eatre cot\u00e9e et \u00e0 avoir son si\u00e8ge social au<br \/>\nRoyaume-Uni.\n<\/p>\n<p>\n * VOLKSWAGEN GROUP<br \/>\n <a href=\"https:\/\/www.boursorama.com\/cours\/1zVOW\/\" rel=\"nofollow noopener\" target=\"_blank\"><br \/>\n  VOWG.DE<br \/>\n <\/a><br \/>\n restructure ses activit\u00e9s en<br \/>\nInde, un march\u00e9 cl\u00e9 pour le constructeur automobile qui souhaite<br \/>\ny investir davantage, mais qui est confront\u00e9 \u00e0 des changements<br \/>\npolitiques et \u00e0 une concurrence croissante, selon une note<br \/>\ninterne consult\u00e9e par Reuters.\n<\/p>\n<p>\n * EXOSENS<br \/>\n <a href=\"https:\/\/www.boursorama.com\/cours\/1rPEXENS\/\" rel=\"nofollow noopener\" target=\"_blank\"><br \/>\n  EXENS.PA<br \/>\n <\/a><br \/>\n a annonc\u00e9 lundi la signature d\u2019un<br \/>\ncontrat \u00ab\u00a0majeur\u00a0\u00bb d&rsquo;approvisionnement avec le minist\u00e8re espagnol<br \/>\nde la D\u00e9fense portant sur 17.000 monoculaires de vision nocturne<br \/>\navec NVLS (Night Vision Lasers Spain).\n<\/p>\n<p>\n * Le groupe danois GENMAB  GMAB.CO  a accept\u00e9 d&rsquo;acqu\u00e9rir la<br \/>\nsoci\u00e9t\u00e9 n\u00e9erlandaise de biotechnologie cot\u00e9e au Nasdaq MERUS NV\n<\/p>\n<p>\n 2GH.F , qui d\u00e9veloppe un m\u00e9dicament contre le cancer de la t\u00eate<br \/>\net du cou, pour un montant de 8 milliards de dollars en esp\u00e8ces,<br \/>\nont annonc\u00e9 lundi les deux entreprises dans un communiqu\u00e9.\n<\/p>\n<p>\n L&rsquo;AGENDA FRANCE &amp; INTERNATIONAL \u00c0 7 JOURS:<\/p>\n<p> nL5N3VC0M5\n<\/p>\n<p>\n (R\u00e9dig\u00e9 par Bertrand De Meyer et Mara V\u00eelcu, \u00e9dit\u00e9 par Augustin<br \/>\nTurpin)<\/p>\n","protected":false},"excerpt":{"rendered":"(Actualis\u00e9 avec Lufthansa, Mercedes-Benz, TotalEnergies, Stellantis, AstraZeneca) * Variation des futures sur indice CAC 40 0#FCE: * Variation&hellip;\n","protected":false},"author":2,"featured_media":64038,"comment_status":"","ping_status":"","sticky":false,"template":"","format":"standard","meta":{"footnotes":""},"categories":[1888],"tags":[400,1111,1928,11,1927,398,408,405,1777,674,1011,27,403,402,399,404,12,1926,626,1925,25,401,406,407],"class_list":{"0":"post-425467","1":"post","2":"type-post","3":"status-publish","4":"format-standard","5":"has-post-thumbnail","7":"category-paris","8":"tag-action-cac-40","9":"tag-actu","10":"tag-actu-paris","11":"tag-actualites","12":"tag-actualites-paris","13":"tag-bourse-de-paris","14":"tag-boursorama","15":"tag-cotations","16":"tag-eu","17":"tag-europe","18":"tag-fr","19":"tag-france","20":"tag-indices-devises","21":"tag-investir","22":"tag-investissement","23":"tag-marche-boursier","24":"tag-news","25":"tag-news-paris","26":"tag-paris","27":"tag-paris-news","28":"tag-republique-francaise","29":"tag-sicav","30":"tag-trackers","31":"tag-warrants"},"share_on_mastodon":{"url":"https:\/\/pubeurope.com\/@fr\/115286268035361036","error":""},"_links":{"self":[{"href":"https:\/\/www.europesays.com\/fr\/wp-json\/wp\/v2\/posts\/425467","targetHints":{"allow":["GET"]}}],"collection":[{"href":"https:\/\/www.europesays.com\/fr\/wp-json\/wp\/v2\/posts"}],"about":[{"href":"https:\/\/www.europesays.com\/fr\/wp-json\/wp\/v2\/types\/post"}],"author":[{"embeddable":true,"href":"https:\/\/www.europesays.com\/fr\/wp-json\/wp\/v2\/users\/2"}],"replies":[{"embeddable":true,"href":"https:\/\/www.europesays.com\/fr\/wp-json\/wp\/v2\/comments?post=425467"}],"version-history":[{"count":0,"href":"https:\/\/www.europesays.com\/fr\/wp-json\/wp\/v2\/posts\/425467\/revisions"}],"wp:featuredmedia":[{"embeddable":true,"href":"https:\/\/www.europesays.com\/fr\/wp-json\/wp\/v2\/media\/64038"}],"wp:attachment":[{"href":"https:\/\/www.europesays.com\/fr\/wp-json\/wp\/v2\/media?parent=425467"}],"wp:term":[{"taxonomy":"category","embeddable":true,"href":"https:\/\/www.europesays.com\/fr\/wp-json\/wp\/v2\/categories?post=425467"},{"taxonomy":"post_tag","embeddable":true,"href":"https:\/\/www.europesays.com\/fr\/wp-json\/wp\/v2\/tags?post=425467"}],"curies":[{"name":"wp","href":"https:\/\/api.w.org\/{rel}","templated":true}]}}