{"id":425468,"date":"2025-09-29T06:53:27","date_gmt":"2025-09-29T06:53:27","guid":{"rendered":"https:\/\/www.europesays.com\/fr\/425468\/"},"modified":"2025-09-29T06:53:27","modified_gmt":"2025-09-29T06:53:27","slug":"huit-lieux-incontournables-a-frequenter-durant-la-fashion-week-a-paris","status":"publish","type":"post","link":"https:\/\/www.europesays.com\/fr\/425468\/","title":{"rendered":"Huit lieux incontournables \u00e0 fr\u00e9quenter durant la Fashion Week \u00e0 Paris"},"content":{"rendered":"<p>La <a href=\"https:\/\/www.timeout.fr\/paris\/actualites\/5-moments-musicaux-qui-ont-marque-lhistoire-de-la-fashion-week-a-paris-011524\" target=\"_blank\" rel=\"noopener\">Fashion Week<\/a> d\u00e9file de nouveau dans Paris,\u00a0\u00a0\u00a0 du lundi 29 septembre au mardi 7 octobre 2025 ! Si vous n\u2019avez toujours pas re\u00e7u d\u2019invitation pour les d\u00e9fil\u00e9s du pr\u00eat-\u00e0-porter f\u00e9minin Printemps\/\u00c9t\u00e9 2027, il faut se faire une raison\u2026 mais il est toujours possible de frayer avec celles et ceux qui font la mode quand ils se d\u00e9tendent entre deux collections. Il suffit de fr\u00e9quenter les m\u00eames adresses ! Time Out vous en a s\u00e9lectionn\u00e9 neuf, en fonction de vos envies et de l\u2019heure de la journ\u00e9e. A vous de choisir soigneusement votre tenue \u2013 se faire pr\u00eater un teckel serait un vrai plus.<\/p>\n<p>Un caf\u00e9<strong>\u00a0:\u00a0<\/strong><strong>Dreamin Man<\/strong>\u00a0<br \/>\n<img decoding=\"async\" id=\"8dc225b2-01f4-8882-539d-037f76d074b4\" class=\"photo lazy inline\" loading=\"lazy\" data-component=\"lazy-embed\" src=\"https:\/\/www.europesays.com\/fr\/wp-content\/uploads\/2025\/09\/1759128803_205_image.webp.webp\" alt=\"Table avec caf\u00e9\" data-caption=\"\" data-credit=\"\u00a9 Antoine Besse\" data-width-class=\"\" data-image-id=\"106181258\"\/>&#13;<br \/>\n\u00a9 Antoine Besse&#13;<\/p>\n<p>Pour sa troisi\u00e8me adresse parisienne, le couple Yuichiro Sugiyama et Yui Matsuzaki s\u2019installe dans le 1er, au c\u0153ur du r\u00e9acteur fashion. L\u2019int\u00e9rieur soigneusement d\u00e9cati qui m\u00eale vieux meubles chin\u00e9s et \u00e9normes tron\u00e7ons d\u2019arbre m\u00e9riterait de faire la couverture d\u2019un magazine de mode. En attendant, on y avale caf\u00e9s et petites p\u00e2tisseries avec les gens qui les remplissent (les magazines).<\/p>\n<p><strong>O\u00f9 ?<\/strong> 31 rue Coquilli\u00e8re, Paris 1er.<\/p>\n<p><strong>Une librairie :\u00a0<\/strong><strong>Ofr.<\/strong><br \/>\n<img decoding=\"async\" id=\"684622ba-7496-e574-d10a-f15fdc75c2b5\" class=\"photo lazy inline\" loading=\"lazy\" data-component=\"lazy-embed\" src=\"https:\/\/www.europesays.com\/fr\/wp-content\/uploads\/2025\/09\/1759128804_603_image.webp.webp\" alt=\"Ofr.\" data-credit=\"\u00a9 EP \/ Time Out Paris\" data-width-class=\"\" data-image-id=\"100522265\"\/>&#13;<br \/>\n\u00a9 EP \/ Time Out Paris&#13;<\/p>\n<p>Adul\u00e9e des fans d&rsquo;art et de mode, la librairie Ofr. propose le haut du panier de la sc\u00e8ne artistique internationale. Fanzines, cartes postales arty, publications in\u00e9dites, accessoires de mode\u2026 Tout pour s\u2019en mettre plein les mirettes, du dernier num\u00e9ro du magazine anglais Love jusqu\u2019au recueil des meilleurs street style de Facehunter. L&rsquo;espace, situ\u00e9 \u00e0 une manif de la place de la R\u00e9publique, abrite r\u00e9guli\u00e8rement des expos et des d\u00e9dicaces \u2013 coucou Sofia Coppola. Dans l&rsquo;arri\u00e8re-boutique, vous trouverez \u00e9galement des expos et des ventes priv\u00e9es de jeunes marques de mode !\u00a0<\/p>\n<p><strong>O\u00f9 ?<\/strong> 20 rue Dupetit-Thouars, Paris 3e.<\/p>\n<p><strong>Un concept store :\u00a0<\/strong>Dover Street Market<br \/>\n<img decoding=\"async\" id=\"329c4c4a-8062-fbce-840b-06b4e08e2c02\" class=\"photo lazy inline\" loading=\"lazy\" data-component=\"lazy-embed\" src=\"https:\/\/www.europesays.com\/fr\/wp-content\/uploads\/2025\/09\/1759128804_731_image.webp.webp\" alt=\"Dover Street Market Paris\" data-caption=\"\" data-credit=\"\u00a9 Dover Street Market Paris\" data-width-class=\"\" data-image-id=\"106272274\"\/>&#13;<br \/>\n\u00a9 Dover Street Market Paris&#13;<\/p>\n<p>Pour une petite nippe, rendez-vous \u00e0 Dover Street Market. Ouvert au printemps dernier dans l\u2019h\u00f4tel particulier du Marais qui a longtemps accueilli l\u2019espace 3537, ce concept store pens\u00e9 par la DA de Comme des Gar\u00e7ons est l\u2019un des nouveaux repaires du Paris modeux. Sur l\u2019\u00e9tiquette cette semaine ? Les soldes bien s\u00fbr mais aussi la signature d\u2019un bouquin questionnant l\u2019\u00e9thique de l\u2019\u00e9quipement outdoor et une installation dans la cour c\u00e9l\u00e9brant l\u2019\u0153uvre de l\u2019artiste g\u00e9orgien Niko Pirosmani.<\/p>\n<p><strong>O\u00f9 ? <\/strong>35-37 rue des Francs-Bourgeois, Paris 4e.<\/p>\n<p><strong>Un Bar :\u00a0<\/strong>Mishmish<br \/>\n<img decoding=\"async\" id=\"49b0f257-cb4c-9f30-7ea8-170fdc6fa050\" class=\"photo lazy inline\" loading=\"lazy\" data-component=\"lazy-embed\" src=\"https:\/\/www.europesays.com\/fr\/wp-content\/uploads\/2025\/09\/1759128805_754_image.webp.webp\" alt=\"Bar \u00e0 vin nature et BPM\" data-caption=\"\" data-credit=\"\u00a9 Antoine Besse\" data-width-class=\"\" data-image-id=\"106290937\"\/>&#13;<br \/>\n\u00a9 Antoine Besse&#13;<\/p>\n<p>Banquette en b\u00e9ton brut, murs opalescents et enceintes artisanales grosses comme des frigos, cette nouvelle version de Mishmish\u00a0(soit abricot en arabe\u2026 faites ce que vous voulez de cette info) s\u2019av\u00e8re une franche r\u00e9ussite dans le genre, assez pointu, barav minimal berlinois anti-sulfites et pro-grosses basses.\u00a0On ne peut que saluer la volont\u00e9 de Zacharie Rabehi, le taulier, d\u2019offrir un lieu \u00e0 bamboche o\u00f9 l\u00e8ver le coude et onduler du boule avec une plantureuse programmation de DJ.<\/p>\n<p><strong>O\u00f9 ?<\/strong> 3 rue de la Fid\u00e9lit\u00e9, Paris 10e<\/p>\n<p>Une Expo : Rick Owens<\/p>\n<p><img decoding=\"async\" id=\"93c28d1b-98ab-4b83-9970-87ac373bb8ea\" class=\"photo lazy inline\" loading=\"lazy\" data-component=\"lazy-embed\" src=\"https:\/\/www.europesays.com\/fr\/wp-content\/uploads\/2025\/09\/1759128805_50_image.webp.webp\" alt=\"Rick Owens, Temple of Love\" data-caption=\"\" data-credit=\"SS19 BABEL MEN\u2019S FITTING, PALAIS BOURBON, PARIS, 19 JUNE 2018, OWENSCORP\" data-width-class=\"\" data-image-id=\"106290117\"\/>&#13;<br \/>\nSS19 BABEL MEN\u2019S FITTING, PALAIS BOURBON, PARIS, 19 JUNE 2018, OWENSCORP&#13;<\/p>\n<p>Un des stylistes les plus singuliers de sa g\u00e9n\u00e9ration, Rick Owens fait partie des rares cr\u00e9ateurs ind\u00e9pendants \u00e0 conjuguer reconnaissance critique et succ\u00e8s commercial dans une industrie largement domin\u00e9e par les g\u00e9ants du luxe. Foule de mannequins, objets marquants, reconstitution de sa chambre\u2026 cette exposition sc\u00e9nographi\u00e9e par Rick Owens lui-m\u00eame donne l\u2019impression d\u2019une \u00e9trange c\u00e9r\u00e9monie en son propre hommage. Un d\u00e9miurge radical, ma\u00eetre d\u2019un monde t\u00e9n\u00e9breux que d\u2019aucuns jugeront herm\u00e9tique, mais qui f\u00e9d\u00e8re une v\u00e9ritable communaut\u00e9 de fid\u00e8les.<\/p>\n<p><strong>O\u00f9\u00a0?<\/strong> 10 avenue Pierre-Ier-de-Serbie, Paris 16e<\/p>\n<p>Un Restau :\u00a0<strong>Finka<\/strong><br \/>\n<img decoding=\"async\" id=\"f19f0b25-e781-7a78-b8b2-5c3cebaeade9\" class=\"photo lazy inline\" loading=\"lazy\" data-component=\"lazy-embed\" src=\"https:\/\/www.europesays.com\/fr\/wp-content\/uploads\/2025\/09\/1759128806_25_image.webp.webp\" alt=\"Esteban Salazar\" data-caption=\"\" data-credit=\"\u00a9 Anastasia Li\" data-width-class=\"\" data-image-id=\"106309849\"\/>&#13;<br \/>\n\u00a9 Anastasia Li&#13;<\/p>\n<p>L\u2019ancien Datsha rebaptis\u00e9e en Finka a mis le cap sur la Colombie avec, \u00e0 la barre, le chef Esteban Salazar, vu dans la saison 2025 de Top Chef. La salle conserve son \u00e9l\u00e9gante d\u00e9co industrielle de briques et de m\u00e9tal mais a gagn\u00e9 quelques plantes, une BO latino et des lumi\u00e8res plus vives. La carte sillonne les biotopes du pays de Pablo Escobar et de Shakira : Cara\u00efbes, Andes, Amazonie, c\u00f4te Pacifique, plaines orientales. Une succession de petites assiettes graphiques, inventives et plut\u00f4t frugales.<\/p>\n<p><strong>O\u00f9\u00a0?<\/strong> 57 rue des Gravilliers, Paris 3e<\/p>\n<p>Un concert :\u00a0<strong>John Glacier<\/strong><br \/>\n<img decoding=\"async\" id=\"8127cc80-04cf-e325-b0a8-ec0821c1090d\" class=\"photo lazy inline\" loading=\"lazy\" data-component=\"lazy-embed\" src=\"https:\/\/www.europesays.com\/fr\/wp-content\/uploads\/2025\/09\/1759128806_647_image.webp.webp\" alt=\"Rappeuse\" data-caption=\"\" data-credit=\"\u00a9 killerwiththeaim\" data-width-class=\"\" data-image-id=\"106323416\"\/>&#13;<br \/>\n\u00a9 killerwiththeaim&#13;<\/p>\n<p>John Glacier ne vous laissera pas de marbre. Avec Like a Ribbon sorti en d\u00e9but d\u2019ann\u00e9e, la rappeuse londonienne livrait un disque aimantant, entre scansion de pr\u00eatresse et prods vaporeuses, aussi minimalistes qu\u2019\u00e9clectiques m\u00ealant teintes rock, drum\u2019n\u2019bass et sonorit\u00e9s plus exp\u00e9rimentales. Un intense flow avec lequel elle d\u00e9bite de graciles textes po\u00e9tiques, pas loin de la psychanalyse, parlant de confiance en soi ou de sa place dans le monde \u2014 qu\u2019il s\u2019agisse de notori\u00e9t\u00e9 ou des \u00e9l\u00e9ments naturels. Chaud devant : John Glacier d\u00e9barque \u00e0 Paris.<br \/><strong>Quand ?<\/strong> Vendredi 3 octobre 2025.<br \/><strong>O\u00f9 ?<\/strong> Le Trabendo, 211 avenue Jean-Jaur\u00e8s, Paris 19e.<\/p>\n<p><strong>Un club : l<\/strong>e Pamela<br \/>\n<img decoding=\"async\" id=\"d4f441de-7a49-c37c-de3e-1ea3516118b0\" class=\"photo lazy inline\" loading=\"lazy\" data-component=\"lazy-embed\" src=\"https:\/\/www.europesays.com\/fr\/wp-content\/uploads\/2025\/09\/1759128807_876_image.webp.webp\" alt=\"Pamela Club\" data-caption=\"\" data-credit=\"\u00a9 Yasmine Bennis\" data-width-class=\"\" data-image-id=\"105826063\"\/>&#13;<br \/>\n\u00a9 Yasmine Bennis&#13;<\/p>\n<p>Depuis 2021,\u00a0<a href=\"https:\/\/www.timeout.fr\/paris\/clubbing\/pamela\" target=\"_blank\" rel=\"noopener\">le Pamela<\/a> a remis au go\u00fbt du jour les nuits du Quartier latin. Repris par Adam Spielman du collectif Madman Regent, ce<a href=\"https:\/\/www.timeout.fr\/paris\/clubbing\/clubs-boite-de-nuit\" target=\"_blank\" rel=\"noopener\"> club<\/a> s\u2019est donn\u00e9 les moyens, entre d\u00e9cor de cave vo\u00fbt\u00e9e avec une s\u00e9rie d\u2019alc\u00f4ves bien trouss\u00e9es, un soundsystem Solution 63 Hz flambant neuf, un fumoir XXL et une carte de cocktails tout \u00e0 fait recommandable.<\/p>\n<p><strong>O\u00f9 ?<\/strong> 62 rue Mazarine, Paris 6e.<\/p>\n","protected":false},"excerpt":{"rendered":"La Fashion Week d\u00e9file de nouveau dans Paris,\u00a0\u00a0\u00a0 du lundi 29 septembre au mardi 7 octobre 2025 !&hellip;\n","protected":false},"author":2,"featured_media":425469,"comment_status":"","ping_status":"","sticky":false,"template":"","format":"standard","meta":{"footnotes":""},"categories":[1888],"tags":[11,4573,4572,1777,674,1011,27,12,626,3907,25],"class_list":{"0":"post-425468","1":"post","2":"type-post","3":"status-publish","4":"format-standard","5":"has-post-thumbnail","7":"category-paris","8":"tag-actualites","9":"tag-actualites-vivre-en-ville","10":"tag-categories-que-faire","11":"tag-eu","12":"tag-europe","13":"tag-fr","14":"tag-france","15":"tag-news","16":"tag-paris","17":"tag-que-faire","18":"tag-republique-francaise"},"share_on_mastodon":{"url":"https:\/\/pubeurope.com\/@fr\/115286272169185660","error":""},"_links":{"self":[{"href":"https:\/\/www.europesays.com\/fr\/wp-json\/wp\/v2\/posts\/425468","targetHints":{"allow":["GET"]}}],"collection":[{"href":"https:\/\/www.europesays.com\/fr\/wp-json\/wp\/v2\/posts"}],"about":[{"href":"https:\/\/www.europesays.com\/fr\/wp-json\/wp\/v2\/types\/post"}],"author":[{"embeddable":true,"href":"https:\/\/www.europesays.com\/fr\/wp-json\/wp\/v2\/users\/2"}],"replies":[{"embeddable":true,"href":"https:\/\/www.europesays.com\/fr\/wp-json\/wp\/v2\/comments?post=425468"}],"version-history":[{"count":0,"href":"https:\/\/www.europesays.com\/fr\/wp-json\/wp\/v2\/posts\/425468\/revisions"}],"wp:featuredmedia":[{"embeddable":true,"href":"https:\/\/www.europesays.com\/fr\/wp-json\/wp\/v2\/media\/425469"}],"wp:attachment":[{"href":"https:\/\/www.europesays.com\/fr\/wp-json\/wp\/v2\/media?parent=425468"}],"wp:term":[{"taxonomy":"category","embeddable":true,"href":"https:\/\/www.europesays.com\/fr\/wp-json\/wp\/v2\/categories?post=425468"},{"taxonomy":"post_tag","embeddable":true,"href":"https:\/\/www.europesays.com\/fr\/wp-json\/wp\/v2\/tags?post=425468"}],"curies":[{"name":"wp","href":"https:\/\/api.w.org\/{rel}","templated":true}]}}