{"id":425498,"date":"2025-09-29T07:11:10","date_gmt":"2025-09-29T07:11:10","guid":{"rendered":"https:\/\/www.europesays.com\/fr\/425498\/"},"modified":"2025-09-29T07:11:10","modified_gmt":"2025-09-29T07:11:10","slug":"motogp-angel-charte-sur-jorge-martin-la-fracture-est-affreuse-il-est-tres-decourage","status":"publish","type":"post","link":"https:\/\/www.europesays.com\/fr\/425498\/","title":{"rendered":"MotoGP, Angel Charte sur Jorge Martin : \u00ab\u00a0la fracture est affreuse il est tr\u00e8s d\u00e9courag\u00e9\u00a0\u00bb"},"content":{"rendered":"<p><strong>Le week-end de Motegi a tourn\u00e9 au cauchemar pour Jorge<br \/>\nMartin. Le pilote madril\u00e8ne, d\u00e9j\u00e0 fragilis\u00e9 par une saison marqu\u00e9e<br \/>\npar les blessures, a subi samedi une nouvelle chute spectaculaire<br \/>\nlors de la course sprint du Grand Prix du Japon. Transport\u00e9 par<br \/>\nh\u00e9licopt\u00e8re m\u00e9dicalis\u00e9, on le voit avec le visage ferm\u00e9, un bras<br \/>\nsoutenu par une \u00e9charpe improvis\u00e9e avec un signe \u00ab OK \u00bb depuis<br \/>\nl\u2019h\u00e9licopt\u00e8re cens\u00e9 rassurer ses fans. Mais une radiographie<br \/>\ninqui\u00e9tante confirme la gravit\u00e9 de sa fracture de la clavicule<br \/>\ndroite.<\/strong><\/p>\n<p>D\u2019abord \u00e9voqu\u00e9e comme une simple fracture, la blessure s\u2019av\u00e8re<br \/>\nbien plus s\u00e9rieuse. Le Dr <strong>Angel Charte<\/strong>,<br \/>\nm\u00e9decin-chef du <a href=\"https:\/\/www.motogp.com\/en\" rel=\"nofollow noopener\" target=\"_blank\">MotoGP<\/a>, a<br \/>\nlivr\u00e9 un diagnostic pr\u00e9cis \u00e0 Diario AS : \u00ab il souffre d\u2019une<br \/>\nfracture du tiers distal moyen de l\u2019\u00e9paule droite. Ce n\u2019est pas une<br \/>\nfracture nette, mais <strong>une fracture \u00e9clat\u00e9e en trois<br \/>\nparties<\/strong> : trois fragments distaux et un proximal. La<br \/>\nfracture est affreuse. \u00bb<\/p>\n<p><a href=\"https:\/\/www.paddock-gp.com\/motogp-le-docteur-charte-remet-les-pendules-a-lheure-les-pilotes-savent-les-risques-quils-prennent\/\" rel=\"nofollow noopener\" target=\"_blank\"><br \/>\n<strong>Charte<\/strong><\/a> a confi\u00e9 avoir craint une complication<br \/>\npulmonaire \u00e0 cause d\u2019un \u00e9clat osseux : \u00ab <strong>je me<br \/>\ndemandais hier si l\u2019un des \u00e9clats avait pu toucher son<br \/>\npoumon<\/strong>, ce qui aurait \u00e9t\u00e9 grave. Mais un scanner r\u00e9alis\u00e9 \u00e0<br \/>\nTokyo a confirm\u00e9 que <strong>le poumon \u00e9tait indemne<\/strong>.<br \/>\n\u00bb<\/p>\n<p>M\u00eame si le m\u00e9decin juge la situation moins critique que<br \/>\nl\u2019accident survenu plus t\u00f4t dans l\u2019ann\u00e9e au Qatar, il reconna\u00eet que<br \/>\nle moral du pilote est au plus bas :<\/p>\n<p>\u00ab Il \u00e9tait tr\u00e8s d\u00e9courag\u00e9 et accepte que cette saison ne<br \/>\nsoit pas celle qu\u2019il esp\u00e9rait<strong>. Je suis triste<\/strong>, non<br \/>\npas parce que c\u2019est Martin, mais parce que <strong>c\u2019est un pilote<br \/>\nqui ne m\u00e9rite pas ce genre de malchance<\/strong>. \u00bb<\/p>\n<p><img loading=\"lazy\" decoding=\"async\" class=\"aligncenter size-full wp-image-1333624\" src=\"https:\/\/www.europesays.com\/fr\/wp-content\/uploads\/2025\/09\/rene-cover-mie-e1759015874980.jpg\" alt=\"Jorge Martin\" width=\"800\" height=\"418\"\/><\/p>\n<p><strong>Jorge Martin : direction<br \/>\nBarcelone pour une intervention cl\u00e9<\/strong><\/p>\n<p>Le plan m\u00e9dical s\u2019est mis en place sans attendre.<br \/>\n<strong>Martin<\/strong> a quitt\u00e9 Tokyo dimanche matin pour<br \/>\nrejoindre Barcelone, o\u00f9 il sera op\u00e9r\u00e9 lundi par le <strong>Dr<br \/>\nXavier Mir<\/strong>, sp\u00e9cialiste reconnu des pilotes MotoGP, \u00e0<br \/>\nl\u2019h\u00f4pital universitaire Dexeus.<\/p>\n<p>\u00ab Nous r\u00e9aliserons une IRM pour <strong>v\u00e9rifier qu\u2019aucun<br \/>\nligament n\u2019a \u00e9t\u00e9 touch\u00e9 au niveau de la clavicule<\/strong>. Cela<br \/>\ncompliquerait la situation, mais nous ne le pensons pas \u00bb, a<br \/>\npr\u00e9cis\u00e9 le Dr Charte.<\/p>\n<p>Quant aux d\u00e9lais de r\u00e9cup\u00e9ration, le m\u00e9decin refuse pour<br \/>\nl\u2019instant tout pronostic : \u00ab\u00a0il est difficile d\u2019\u00e9valuer le<br \/>\ntemps de gu\u00e9rison avant l\u2019op\u00e9ration. Si tout se passe bien, la<br \/>\nr\u00e9\u00e9ducation pourrait \u00eatre relativement courte, mais <strong>avancer<br \/>\nune date serait imprudent<\/strong>. \u00bb<\/p>\n<p>Pour <strong>Jorge Martin<\/strong>, 2025 ressemble de plus en<br \/>\nplus \u00e0 un chemin de croix. Apr\u00e8s un hiver d\u00e9j\u00e0 marqu\u00e9 par des<br \/>\nfractures multiples, le pilote <strong>Aprilia<\/strong> esp\u00e9rait<br \/>\ntourner la page. Ce nouveau coup dur, survenu alors qu\u2019il tentait<br \/>\nde retrouver le rythme en MotoGP, pourrait compromettre le reste de<br \/>\nsa saison et raviver les incertitudes sur son avenir sportif<br \/>\nimm\u00e9diat.<\/p>\n<p>Reste d\u00e9sormais \u00e0 savoir si l\u2019op\u00e9ration de ce lundi permettra un<br \/>\nretour rapide ou si l\u2019Espagnol devra prolonger une ann\u00e9e d\u00e9j\u00e0<br \/>\nmarqu\u00e9e par la malchance et les blessures \u00e0 r\u00e9p\u00e9tition. Ses fans,<br \/>\neux, esp\u00e8rent un miracle pour revoir leur champion en piste avant<br \/>\nla fin du championnat.<\/p>\n<p><img loading=\"lazy\" decoding=\"async\" class=\"aligncenter wp-image-726366\" src=\"https:\/\/www.europesays.com\/fr\/wp-content\/uploads\/2025\/09\/gg-2.gallery_full_top_lg.jpg\" alt=\"Jorge Martin \" width=\"1180\" height=\"708\"  \/><\/p>\n","protected":false},"excerpt":{"rendered":"Le week-end de Motegi a tourn\u00e9 au cauchemar pour Jorge Martin. Le pilote madril\u00e8ne, d\u00e9j\u00e0 fragilis\u00e9 par une&hellip;\n","protected":false},"author":2,"featured_media":425499,"comment_status":"","ping_status":"","sticky":false,"template":"","format":"standard","meta":{"footnotes":""},"categories":[1413],"tags":[1011,27,1457,1456,60],"class_list":{"0":"post-425498","1":"post","2":"type-post","3":"status-publish","4":"format-standard","5":"has-post-thumbnail","7":"category-moto","8":"tag-fr","9":"tag-france","10":"tag-moto","11":"tag-motocycle","12":"tag-sports"},"share_on_mastodon":{"url":"https:\/\/pubeurope.com\/@fr\/115286343054142493","error":""},"_links":{"self":[{"href":"https:\/\/www.europesays.com\/fr\/wp-json\/wp\/v2\/posts\/425498","targetHints":{"allow":["GET"]}}],"collection":[{"href":"https:\/\/www.europesays.com\/fr\/wp-json\/wp\/v2\/posts"}],"about":[{"href":"https:\/\/www.europesays.com\/fr\/wp-json\/wp\/v2\/types\/post"}],"author":[{"embeddable":true,"href":"https:\/\/www.europesays.com\/fr\/wp-json\/wp\/v2\/users\/2"}],"replies":[{"embeddable":true,"href":"https:\/\/www.europesays.com\/fr\/wp-json\/wp\/v2\/comments?post=425498"}],"version-history":[{"count":0,"href":"https:\/\/www.europesays.com\/fr\/wp-json\/wp\/v2\/posts\/425498\/revisions"}],"wp:featuredmedia":[{"embeddable":true,"href":"https:\/\/www.europesays.com\/fr\/wp-json\/wp\/v2\/media\/425499"}],"wp:attachment":[{"href":"https:\/\/www.europesays.com\/fr\/wp-json\/wp\/v2\/media?parent=425498"}],"wp:term":[{"taxonomy":"category","embeddable":true,"href":"https:\/\/www.europesays.com\/fr\/wp-json\/wp\/v2\/categories?post=425498"},{"taxonomy":"post_tag","embeddable":true,"href":"https:\/\/www.europesays.com\/fr\/wp-json\/wp\/v2\/tags?post=425498"}],"curies":[{"name":"wp","href":"https:\/\/api.w.org\/{rel}","templated":true}]}}