{"id":425500,"date":"2025-09-29T07:12:10","date_gmt":"2025-09-29T07:12:10","guid":{"rendered":"https:\/\/www.europesays.com\/fr\/425500\/"},"modified":"2025-09-29T07:12:10","modified_gmt":"2025-09-29T07:12:10","slug":"felix-lebrun-facile-vainqueur-de-son-1er-tour-au-smash-de-pekin-les-bleus-brillent","status":"publish","type":"post","link":"https:\/\/www.europesays.com\/fr\/425500\/","title":{"rendered":"F\u00e9lix Lebrun facile vainqueur de son 1er tour au Smash de P\u00e9kin, les Bleus brillent"},"content":{"rendered":"<p>Le Fran\u00e7ais n\u2019a connu aucune difficult\u00e9 pour \u00e9liminer pour l\u2019Australien Aditya Sareen et rejoindre ainsi ses trois compatriotes d\u00e9j\u00e0 qualifi\u00e9s.<\/p>\n<p class=\"fig-paragraph\">Le temps passant, F\u00e9lix Lebrun, apr\u00e8s avoir longtemps \u00e9t\u00e9 l\u2019un des plus jeunes du circuit, va commencer \u00e0 affronter des adversaires dont il est l\u2019a\u00een\u00e9. Comme cela a \u00e9t\u00e9 le cas ce lundi lors du 1er tour du Smash de P\u00e9kin o\u00f9 il n\u2019a fait qu\u2019une bouch\u00e9e de l\u2019Australien Aditya Sareen, seulement 17 printemps au compteur alors que le num\u00e9ro 1 hexagonal, lui, a f\u00eat\u00e9 r\u00e9cemment ses 19 ans. Une victoire en trois sets (11-5, 11-9, 11-2) face \u00e0 un adversaire qui pointe au 49e rang mondial et qui fait partie des grands espoirs du \u00abping\u00bb international.<\/p>\n<p class=\"fig-paragraph\">Au prochain tour, F\u00e9lix Lebrun aura tout int\u00e9r\u00eat \u00e0 se m\u00e9fier de son adversaire, le Chinois Yuanyu Chen, 22e mondial \u00e0 20 ans et qui a sorti au 1er tour Dimitrij Otcharov en cinq manches. Le Montpelli\u00e9rain n\u2019est pas le seul Fran\u00e7ais \u00e0 avoir valid\u00e9 son ticket pour le 2e tour du tournoi chinois, l\u2019\u00e9quivalent d\u2019un Grand Chelem en tennis, puisque le brelan Simon Gauzy-Flavien Cotton-Thibaut Poret en a fait de m\u00eame. Le premier nomm\u00e9 n\u2019a pas laiss\u00e9 de set en route face \u00e0 un qualifi\u00e9, le Kazakh Kirill Gerassimenko, m\u00eame s\u2019il s\u2019en est fallu de peu que le troisi\u00e8me acte lui \u00e9chappe (11-9, 11-8, 17-15). Au 2e tour, il aura le redoutable honneur d\u2019affronter le Br\u00e9silien Hugo Calderano, 3e au classement mondial.<\/p>\n<p>                                    <a class=\"fig-a11y-skip a11y-hidden\" href=\"#fig-a11y-skip-main-inarticle\"><br \/>\n        Passer la publicit\u00e9<br \/>\n    <\/a><\/p>\n<p class=\"fig-paragraph\">Flavien Cotton, lui, a \u00e9t\u00e9 particuli\u00e8rement en verve pour \u00e9carter le Chinois Xu Yingbin, surclass\u00e9 en trois manches (11-7, 12-10, 11-6). Au 2e tour, il affrontera le Ta\u00efwanais Yi-Hsin Feng, qui a \u00e9limin\u00e9 la t\u00eate de s\u00e9rie num\u00e9ro 8, l\u2019Allemand Benedikt Duda. Enfin, Thibaut Poret a, lui, d\u00e9croch\u00e9 la premi\u00e8re victoire de sa carri\u00e8re dans un Smash en dominant le champion du monde junior et champion de Chine en titre Huang Youzheng au terme d\u2019un formidable bras de fer en cinq manches (11-9, 9-11, 11-8, 6-11, 11-4). Ces quatre mousquetaires pourraient m\u00eame \u00eatre cinq si Alexis Lebrun, ce lundi, franchit le cap du 1er tour face au qualifi\u00e9 roumain Eduard Ionescu.<\/p>\n","protected":false},"excerpt":{"rendered":"Le Fran\u00e7ais n\u2019a connu aucune difficult\u00e9 pour \u00e9liminer pour l\u2019Australien Aditya Sareen et rejoindre ainsi ses trois compatriotes&hellip;\n","protected":false},"author":2,"featured_media":425501,"comment_status":"","ping_status":"","sticky":false,"template":"","format":"standard","meta":{"footnotes":""},"categories":[1412],"tags":[2466,2465,2464,1977,1981,451,207,2468,1451,63,1452,1453,1454,1455,1011,27,66,447,2467,1457,2182,1980,479,2259,60,1467],"class_list":{"0":"post-425500","1":"post","2":"type-post","3":"status-publish","4":"format-standard","5":"has-post-thumbnail","7":"category-f1","8":"tag-2466","9":"tag-actu-sport","10":"tag-actualite-sportive","11":"tag-auto","12":"tag-classement","13":"tag-coupe-du-monde","14":"tag-cyclisme","15":"tag-euro-foot","16":"tag-f1","17":"tag-football","18":"tag-formula-1","19":"tag-formula1","20":"tag-formule-1","21":"tag-formule1","22":"tag-fr","23":"tag-france","24":"tag-ligue-1","25":"tag-ligue-des-champions","26":"tag-live-sport","27":"tag-moto","28":"tag-nba","29":"tag-resultats","30":"tag-rugby","31":"tag-score","32":"tag-sports","33":"tag-tennis"},"share_on_mastodon":{"url":"https:\/\/pubeurope.com\/@fr\/115286346499917308","error":""},"_links":{"self":[{"href":"https:\/\/www.europesays.com\/fr\/wp-json\/wp\/v2\/posts\/425500","targetHints":{"allow":["GET"]}}],"collection":[{"href":"https:\/\/www.europesays.com\/fr\/wp-json\/wp\/v2\/posts"}],"about":[{"href":"https:\/\/www.europesays.com\/fr\/wp-json\/wp\/v2\/types\/post"}],"author":[{"embeddable":true,"href":"https:\/\/www.europesays.com\/fr\/wp-json\/wp\/v2\/users\/2"}],"replies":[{"embeddable":true,"href":"https:\/\/www.europesays.com\/fr\/wp-json\/wp\/v2\/comments?post=425500"}],"version-history":[{"count":0,"href":"https:\/\/www.europesays.com\/fr\/wp-json\/wp\/v2\/posts\/425500\/revisions"}],"wp:featuredmedia":[{"embeddable":true,"href":"https:\/\/www.europesays.com\/fr\/wp-json\/wp\/v2\/media\/425501"}],"wp:attachment":[{"href":"https:\/\/www.europesays.com\/fr\/wp-json\/wp\/v2\/media?parent=425500"}],"wp:term":[{"taxonomy":"category","embeddable":true,"href":"https:\/\/www.europesays.com\/fr\/wp-json\/wp\/v2\/categories?post=425500"},{"taxonomy":"post_tag","embeddable":true,"href":"https:\/\/www.europesays.com\/fr\/wp-json\/wp\/v2\/tags?post=425500"}],"curies":[{"name":"wp","href":"https:\/\/api.w.org\/{rel}","templated":true}]}}