{"id":425514,"date":"2025-09-29T07:20:12","date_gmt":"2025-09-29T07:20:12","guid":{"rendered":"https:\/\/www.europesays.com\/fr\/425514\/"},"modified":"2025-09-29T07:20:12","modified_gmt":"2025-09-29T07:20:12","slug":"les-sentinelles-une-serie-de-superheros-poilus","status":"publish","type":"post","link":"https:\/\/www.europesays.com\/fr\/425514\/","title":{"rendered":"\u00ab\u00a0Les Sentinelles\u00a0\u00bb, une s\u00e9rie de superh\u00e9ros Poilus"},"content":{"rendered":"<p>Tout commence dans les tranch\u00e9es. Sur un champ de bataille de la <a href=\"https:\/\/www.20minutes.fr\/dossier\/premiere-guerre-mondiale\" class=\"c-link c-link--is-underlined\" target=\"_blank\" rel=\"noopener\">Premi\u00e8re Guerre mondiale<\/a>, un soldat fran\u00e7ais, laiss\u00e9 pour mort, lutte au corps-\u00e0-corps pour s\u2019\u00e9chapper de cet enfer. La premi\u00e8re s\u00e9quence des Sentinelles, diffus\u00e9e sur <a href=\"https:\/\/www.20minutes.fr\/arts-stars\/medias\/canal_plus\/\" class=\"c-link c-link--is-underlined\" target=\"_blank\" rel=\"noopener\">Canal+<\/a>\u00a0ce lundi \u00e0 21\u00a0heures, donne tout de suite le ton, celui d\u2019une s\u00e9rie violente, sombre et ambitieuse. \u00ab\u00a0On voulait montrer l\u2019horreur de cette boucherie\u00a0\u00bb, lance Guillaume Lemans, cocr\u00e9ateur et coproducteur de ce 8&#215;52 minutes au <a href=\"https:\/\/www.20minutes.fr\/arts-stars\/serie\/4174325-20250921-festival-fiction-violences-faites-femmes-denoncees-palmares\" class=\"c-link c-link--is-underlined\" target=\"_blank\" rel=\"noopener\">Festival de la Fiction de La\u00a0Rochelle<\/a>.<\/p>\n<p>Adaptation de la s\u00e9rie de romans graphiques cultes \u00e9ponymes de Xavier Dorison et Enrique Brecia, <a href=\"https:\/\/www.20minutes.fr\/culture\/1187353-20130711-20130711-sentinelles-papier-a-toile\" class=\"c-link c-link--is-underlined\" target=\"_blank\" rel=\"noopener\">Les Sentinelles<\/a> suit un groupe de superh\u00e9ros, des Poilus devenus surhommes, cens\u00e9s aider les Fran\u00e7ais et leurs alli\u00e9s \u00e0 remporter la Premi\u00e8re Guerre mondiale. Un mix de <a href=\"https:\/\/www.20minutes.fr\/cinema\/1288626-20140203-20140203-robocop-remake-vitamine\" class=\"c-link c-link--is-underlined\" target=\"_blank\" rel=\"noopener\">RoboCop<\/a> et de <a href=\"https:\/\/www.20minutes.fr\/cinema\/captain-america\/\" class=\"c-link c-link--is-underlined\" target=\"_blank\" rel=\"noopener\">Captain America<\/a> \u00e0 la sauce fran\u00e7aise.<\/p>\n<p><\/p>\n<p>Une histoire de super-soldats<\/p>\n<p>Les Sentinelles suit Gabriel Ferraud (Louis Peres), un soldat gri\u00e8vement bless\u00e9 et recrut\u00e9 pour participer \u00e0 un programme de recherche ultrasecret de l\u2019arm\u00e9e fran\u00e7aise. Apr\u00e8s l\u2019injection d\u2019un s\u00e9rum appel\u00e9 le Dyx\u00e9nal, Gabriel se voit dot\u00e9 de capacit\u00e9s in\u00e9dites\u2026 Plus fort, plus rapide, plus r\u00e9sistant qu\u2019un \u00eatre humain normal, Gabriel int\u00e8gre une unit\u00e9 d\u2019\u00e9lite constitu\u00e9e de super-soldats augment\u00e9s\u00a0: les Sentinelles. \u00ab\u00a0C\u2019est un voyage d\u2019Ulysse, Gabriel esp\u00e8re rejoindre sa femme, Ir\u00e8ne. Il esp\u00e8re rentrer chez lui\u00a0\u00bb, commente Guillaume Lemans.<\/p>\n<p>Dans l\u2019univers des comics am\u00e9ricains, Captain America, soldat am\u00e9lior\u00e9 lui aussi par un cocktail super-h\u00e9ro\u00efque, devient le porte-drapeau des valeurs d\u00e9mocratiques de son pays et le d\u00e9fenseur du monde libre contre le <a href=\"https:\/\/www.20minutes.fr\/monde\/nazisme\/\" class=\"c-link c-link--is-underlined\" target=\"_blank\" rel=\"noopener\">nazisme<\/a>. La s\u00e9rie et la BD Les Sentinelles mettent plut\u00f4t l\u2019accent sur l\u2019enfer que vivent ces Poilus. \u00ab\u00a0Les Sentinelles, ce sont des robots de combat monstrueux, autant que des super-h\u00e9ros, mais aussi des cobayes et des armes de mort\u00a0\u00bb, abonde Guillaume Lemans.<\/p>\n<p>Et de rappeler que la Grande Guerre est \u00ab\u00a0a \u00e9t\u00e9 une surprise pour tout le monde, aussi bien du c\u00f4t\u00e9 allemand que du c\u00f4t\u00e9 fran\u00e7ais, sur la boucherie que \u00e7a allait vite devenir. C\u2019est la premi\u00e8re guerre moderne, un moment de l\u2019histoire o\u00f9 toute la science humaine a invent\u00e9 des armes. Le lance-flammes, la grenade, le tank, c\u2019est invent\u00e9 pour\u00a01914. Toute l\u2019industrie europ\u00e9enne et la science sont au service de la mort. La grande surprise, c\u2019est que c\u2019est vachement efficace\u00a0!\u00a0\u00bb Pour lui, \u00ab\u00a0Les Sentinelles est la quintessence de cette id\u00e9e de la technologie et de la course \u00e0 l\u2019armement entre Fran\u00e7ais et Allemands pour inventer des armes de mort.\u00a0\u00bb<\/p>\n<p>Une adaptation libre de la bande dessin\u00e9e<\/p>\n<p>D\u00e8s ce postulat, la s\u00e9rie prend des libert\u00e9s avec la BD qui faisait de son h\u00e9ros, Taillefer, une sorte de cyborg recouvert de m\u00e9tal, insensible aux balles et aliment\u00e9 par une pile au radium. \u00ab\u00a0Il y a de la trahison, parce qu\u2019adapter, c\u2019est trahir\u00a0\u00bb, assume Guillaume Lemans.<\/p>\n<p>L\u2019escouade de sc\u00e9naristes, compos\u00e9e de Guillaume Lemans, Xabi Molia et Rapha\u00eblle Richet, a pris beaucoup de libert\u00e9 avec le mat\u00e9riel originel. \u00ab\u00a0Les Sentinelles est un vrai r\u00e9cit de guerre qui se d\u00e9ploie vraiment sur le champ de bataille. J\u2019ai rajout\u00e9 des lignes \u00e0 Paris. D\u2019abord, on ne peut pas faire qu\u2019un r\u00e9cit de guerre. On n\u2019aurait pas eu les moyens \u00e9conomiques. Et puis, je voulais fusionner des genres. Donc, j\u2019ai apport\u00e9 cet \u00e9l\u00e9ment fantastique qu\u2019il n\u2019y a pas dans la BD\u00a0\u00bb, explique Guillaume Lemans.<\/p>\n<p>Deux mondes s\u2019affrontent\u00a0: celui de la science au travers le laboratoire des Sentinelles et celui du mysticisme au travers de l\u2019\u00e9trange cabaret Les Damn\u00e9s, th\u00e9\u00e2tre d\u2019\u00e9v\u00e9nements surnaturels. Les Sentinelles se d\u00e9ploient comme un savant cocktail m\u00ealant super-h\u00e9ros, r\u00e9cit de guerre, action, espionnage, surnaturel et roman-feuilleton. \u00ab\u00a0Je pensais que \u00e7a fusionnerait bien et on en a discut\u00e9 apr\u00e8s avec Xavier, qui aime beaucoup la s\u00e9rie\u00a0\u00bb, se r\u00e9jouit Guillaume Lemans.<\/p>\n<p>\u00ab\u00a0Pour ne pas n\u2019avoir que nos soldats, on a travaill\u00e9 \u00e0 des univers dans lesquels on pouvait lancer des personnages f\u00e9minins\u00a0\u00bb, poursuit-il. Les Sentinelles s\u2019appuie sur un trio de femmes\u00a0: la scientifique, Marthe (Pauline \u00c9tienne), \u00ab\u00a0une chercheuse, ambitieuse, avec Marie Curie en r\u00e9f\u00e9rence\u00a0\u00bb, l\u2019\u00e9pouse de Gabriel, Ir\u00e8ne (Olivia Ross), \u00ab\u00a0le moteur \u00e9motionnel de la saison\u00a0\u00bb, devenue journaliste, et Gis\u00e8le, l\u2019attraction principale du cabaret.<\/p>\n<p>Une s\u00e9rie qui assume ses ambitions<\/p>\n<p>A l\u2019image, Les Sentinelles brasse esth\u00e9tique steampunk, baroque et minutieuse reconstitution historique. \u00ab\u00a0J\u2019ai un peu boss\u00e9 des \u00e9l\u00e9ments de l\u2019histoire, mais je ne me suis pas du tout contraint par l\u2019aspect historique\u00a0\u00bb, pr\u00e9cise Guillaume Lemans. La s\u00e9rie multiplie \u00e9galement les clins d\u2019\u0153il et autres r\u00e9f\u00e9rences (RoboCop, Frankenstein, Jules Verne, \u00ab\u00a0<a href=\"https:\/\/www.20minutes.fr\/cinema\/star_wars\/\" class=\"c-link c-link--is-underlined\" target=\"_blank\" rel=\"noopener\">Star Wars<\/a>\u00a0\u00bb, docteur Jekyll et mister Hyde, Jin-Roh)\u00a0: \u00ab\u00a0Il y a la pop culture, on y a tout mis, s\u2019amuse le cr\u00e9ateur. ll il y a \u00e9videmment une petite figure de Star Wars qui passe \u00e0 droite ou \u00e0 gauche, mais presque qui nous a d\u00e9pass\u00e9s parce qu\u2019elle n\u2019\u00e9tait pas compl\u00e8tement consciente. Et au montage, on s\u2019est dit\u00a0: \u201cputain, on est li\u00e9s \u00e0 mort\u201d. Entre le c\u00f4t\u00e9 obscur de la force et <a href=\"https:\/\/www.20minutes.fr\/dossier\/dark_vador\" class=\"c-link c-link--is-underlined\" target=\"_blank\" rel=\"noopener\">Dark Vador<\/a> qui passe par l\u00e0\u00a0!\u00a0\u00bb<\/p>\n<p>R\u00e9sultat\u00a0? Un univers visuel singulier et foisonnant. \u00ab\u00a0On n\u2019a aucun frein \u00e0 l\u2019imaginaire. On a un frein \u00e0 la r\u00e9alit\u00e9 de la fabrication. Notre \u00e9criture doit travailler de concert avec nos r\u00e9alit\u00e9s, avec nos lignes de production, pour que \u00e7a s\u2019ait de la gueule tout le temps\u00a0\u00bb, analyse Guillaume Lemans. Et de donner un exemple\u00a0: \u00ab\u00a0On avait deux batailles dans un \u00e9pisode et on a d\u00e9cid\u00e9 que finalement, il n\u2019y en aura qu\u2019une, mais plus spectaculaire.\u00a0\u00bb<\/p>\n<p>Apr\u00e8s \u00ab\u00a0sept ann\u00e9es de travail depuis l\u2019acquisition des droits\u00a0\u00bb, Guillaume Lemans assume ses ambitions\u00a0: \u00ab\u00a0J\u2019avais la conviction qu\u2019on pouvait, en r\u00e9ussissant \u00e0 poser un univers, \u00e0 le faire na\u00eetre, faire beaucoup de saisons. C\u2019est-\u00e0-dire qu\u2019on a cr\u00e9\u00e9 un univers qu\u2019on peut maintenant d\u00e9ployer.\u00a0\u00bb<\/p>\n<p>Et de se f\u00e9liciter\u00a0: \u00ab\u00a0Il y a l\u2019exposition d\u2019un savoir-faire fran\u00e7ais dans cette s\u00e9rie. Nous, Fran\u00e7ais, on sait faire \u00e7a. N\u2019ayons pas honte\u00a0! On n\u2019est surtout pas sur la comp\u00e9tition avec les super-h\u00e9ros am\u00e9ricains. On est l\u00e9gitime \u00e0 le faire.\u00a0\u00bb Le cr\u00e9ateur esp\u00e8re que la s\u00e9rie soit vendue \u00e0 l\u2019international\u00a0: \u00ab\u00a0Je parie beaucoup sur la dimension genre et fusion des genres, nos super soldats, leur look, les moyens qu\u2019on a mis et ce design tr\u00e8s fort, tr\u00e8s assum\u00e9\u00a0\u00bb.<\/p>\n","protected":false},"excerpt":{"rendered":"Tout commence dans les tranch\u00e9es. Sur un champ de bataille de la Premi\u00e8re Guerre mondiale, un soldat fran\u00e7ais,&hellip;\n","protected":false},"author":2,"featured_media":425515,"comment_status":"","ping_status":"","sticky":false,"template":"","format":"standard","meta":{"footnotes":""},"categories":[1354],"tags":[10474,7408,58,59,1346,1011,27,1360,2384,521,2136,252],"class_list":{"0":"post-425514","1":"post","2":"type-post","3":"status-publish","4":"format-standard","5":"has-post-thumbnail","7":"category-films","8":"tag-canal","9":"tag-captain-america","10":"tag-divertissement","11":"tag-entertainment","12":"tag-films","13":"tag-fr","14":"tag-france","15":"tag-movies","16":"tag-premiere-guerre-mondiale","17":"tag-serie","18":"tag-super-heros","19":"tag-television"},"share_on_mastodon":{"url":"https:\/\/pubeurope.com\/@fr\/115286378107983417","error":""},"_links":{"self":[{"href":"https:\/\/www.europesays.com\/fr\/wp-json\/wp\/v2\/posts\/425514","targetHints":{"allow":["GET"]}}],"collection":[{"href":"https:\/\/www.europesays.com\/fr\/wp-json\/wp\/v2\/posts"}],"about":[{"href":"https:\/\/www.europesays.com\/fr\/wp-json\/wp\/v2\/types\/post"}],"author":[{"embeddable":true,"href":"https:\/\/www.europesays.com\/fr\/wp-json\/wp\/v2\/users\/2"}],"replies":[{"embeddable":true,"href":"https:\/\/www.europesays.com\/fr\/wp-json\/wp\/v2\/comments?post=425514"}],"version-history":[{"count":0,"href":"https:\/\/www.europesays.com\/fr\/wp-json\/wp\/v2\/posts\/425514\/revisions"}],"wp:featuredmedia":[{"embeddable":true,"href":"https:\/\/www.europesays.com\/fr\/wp-json\/wp\/v2\/media\/425515"}],"wp:attachment":[{"href":"https:\/\/www.europesays.com\/fr\/wp-json\/wp\/v2\/media?parent=425514"}],"wp:term":[{"taxonomy":"category","embeddable":true,"href":"https:\/\/www.europesays.com\/fr\/wp-json\/wp\/v2\/categories?post=425514"},{"taxonomy":"post_tag","embeddable":true,"href":"https:\/\/www.europesays.com\/fr\/wp-json\/wp\/v2\/tags?post=425514"}],"curies":[{"name":"wp","href":"https:\/\/api.w.org\/{rel}","templated":true}]}}