{"id":425538,"date":"2025-09-29T07:34:14","date_gmt":"2025-09-29T07:34:14","guid":{"rendered":"https:\/\/www.europesays.com\/fr\/425538\/"},"modified":"2025-09-29T07:34:14","modified_gmt":"2025-09-29T07:34:14","slug":"a-la-seyne-des-insoumis-quittent-le-mouvement","status":"publish","type":"post","link":"https:\/\/www.europesays.com\/fr\/425538\/","title":{"rendered":"\u00e0 La Seyne, des Insoumis quittent le mouvement"},"content":{"rendered":"<p class=\"fs-5 \">Dans la deuxi\u00e8me ville du Var, La France Insoumise (LFI) compte deux \u00ab groupes d\u2019action \u00bb : La Seyne insoumise (ou \u00ab groupe historique \u00bb) et Berthe insoumise (groupe men\u00e9 par le POI &#8211; Parti ouvrier ind\u00e9pendant). Depuis plus d\u2019un an, en vue des municipales de 2026, leurs repr\u00e9sentants avaient choisi de prolonger le Nouveau Front Populaire (NFP) constitu\u00e9 lors des l\u00e9gislatives de 2024 avec les principaux partis de gauche. Ses militants travaillaient donc avec le PCF, le PS, la GRS et les Ecologistes afin d\u2019\u00e9laborer un \u00ab programme de rupture au service des Seynois \u00bb.<\/p>\n<p class=\"fs-5 \">Mais coup de th\u00e9\u00e2tre : les instances nationales de LFI ont annonc\u00e9 s\u2019opposer \u00e0 cette strat\u00e9gie, pr\u00e9f\u00e9rant une liste LFI plut\u00f4t que l\u2019union voulue localement.<\/p>\n<p class=\"fs-5 \">\u00ab Cette ligne a \u00e9t\u00e9 confirm\u00e9e par l\u2019\u00e9quipe de Manuel Bompard (coordinateur national de LFI) et elle est pl\u00e9biscit\u00e9e par le groupe d\u2019action de Berthe, pourtant minoritaire au sein des Insoumis seynois, et le POI \u00bb, affirment les membres de La Seyne insoumise.<\/p>\n<p>                                                                                \u00ab D\u00e9fendre l\u2019union, sans compromission \u00bb<\/p>\n<p class=\"fs-5 \">Estimant que LFI \u00ab prend la responsabilit\u00e9 de fracturer la possibilit\u00e9 d\u2019un v\u00e9ritable changement pour les Seynois \u00bb, les repr\u00e9sentants du groupe \u00ab historique \u00bb tirent donc les cons\u00e9quences de \u00ab ce choix qui affaiblit notre camp et met en p\u00e9ril la dynamique n\u00e9cessaire pour battre le RN et la droite r\u00e9actionnaire en 2026 \u00bb. Ils annoncent qu\u2019ils quittent le mouvement de Jean-Luc M\u00e9lenchon \u00ab pour pr\u00e9server l\u2019unit\u00e9 et refuser d\u2019\u00eatre associ\u00e9s \u00e0 une liste purement LFI oppos\u00e9e au NFP seynois \u00bb.<\/p>\n<p class=\"fs-5 \">\u00ab D\u00e9fendre l\u2019union, sans compromission \u00bb, telle est donc la position qu\u2019ont fait conna\u00eetre Isabelle Renier, Herv\u00e9 Fechino, Nicolas Grilheres et Guy Calmes. Au total, assurent-ils, \u00ab une dizaine de militants \u00bb du groupe historique claque la porte de LFI \u00ab la mort dans l\u2019\u00e2me \u00bb.<\/p>\n<p class=\"fs-5 \">Au passage, ils expriment leur \u00ab solidarit\u00e9 envers celles et ceux qui, avant nous, ont os\u00e9 d\u00e9noncer les d\u00e9rives au sein de LFI et ont \u00e9t\u00e9 marginalis\u00e9s, voire exclus \u00bb. Pour autant, assurent les partants, \u00ab nous souhaitons rester dans la dynamique du NFP seynois, mais sans orientation macro-compatible. Pour ce faire, concluent-ils, nous devons nous r\u00e9inventer ailleurs afin de poursuivre le combat autour d\u2019un projet de rupture \u00bb. A cet \u00e9gard, certains pourraient rejoindre L\u2019Apr\u00e8s, le mouvement fond\u00e9 en 2024 par des dissidents de LFI.<\/p>\n","protected":false},"excerpt":{"rendered":"Dans la deuxi\u00e8me ville du Var, La France Insoumise (LFI) compte deux \u00ab groupes d\u2019action \u00bb : La&hellip;\n","protected":false},"author":2,"featured_media":425539,"comment_status":"","ping_status":"","sticky":false,"template":"","format":"standard","meta":{"footnotes":""},"categories":[9619],"tags":[1111,11,1777,674,1011,27,3434,12,882,25,2310],"class_list":{"0":"post-425538","1":"post","2":"type-post","3":"status-publish","4":"format-standard","5":"has-post-thumbnail","7":"category-toulon","8":"tag-actu","9":"tag-actualites","10":"tag-eu","11":"tag-europe","12":"tag-fr","13":"tag-france","14":"tag-municipales-2026","15":"tag-news","16":"tag-provence-alpes-cote-dazur","17":"tag-republique-francaise","18":"tag-toulon"},"share_on_mastodon":{"url":"https:\/\/pubeurope.com\/@fr\/115286433062783905","error":""},"_links":{"self":[{"href":"https:\/\/www.europesays.com\/fr\/wp-json\/wp\/v2\/posts\/425538","targetHints":{"allow":["GET"]}}],"collection":[{"href":"https:\/\/www.europesays.com\/fr\/wp-json\/wp\/v2\/posts"}],"about":[{"href":"https:\/\/www.europesays.com\/fr\/wp-json\/wp\/v2\/types\/post"}],"author":[{"embeddable":true,"href":"https:\/\/www.europesays.com\/fr\/wp-json\/wp\/v2\/users\/2"}],"replies":[{"embeddable":true,"href":"https:\/\/www.europesays.com\/fr\/wp-json\/wp\/v2\/comments?post=425538"}],"version-history":[{"count":0,"href":"https:\/\/www.europesays.com\/fr\/wp-json\/wp\/v2\/posts\/425538\/revisions"}],"wp:featuredmedia":[{"embeddable":true,"href":"https:\/\/www.europesays.com\/fr\/wp-json\/wp\/v2\/media\/425539"}],"wp:attachment":[{"href":"https:\/\/www.europesays.com\/fr\/wp-json\/wp\/v2\/media?parent=425538"}],"wp:term":[{"taxonomy":"category","embeddable":true,"href":"https:\/\/www.europesays.com\/fr\/wp-json\/wp\/v2\/categories?post=425538"},{"taxonomy":"post_tag","embeddable":true,"href":"https:\/\/www.europesays.com\/fr\/wp-json\/wp\/v2\/tags?post=425538"}],"curies":[{"name":"wp","href":"https:\/\/api.w.org\/{rel}","templated":true}]}}