{"id":42554,"date":"2025-04-21T22:43:16","date_gmt":"2025-04-21T22:43:16","guid":{"rendered":"https:\/\/www.europesays.com\/fr\/42554\/"},"modified":"2025-04-21T22:43:16","modified_gmt":"2025-04-21T22:43:16","slug":"les-stations-depuration-se-renouvellent","status":"publish","type":"post","link":"https:\/\/www.europesays.com\/fr\/42554\/","title":{"rendered":"les stations d&rsquo;\u00e9puration se renouvellent"},"content":{"rendered":"<p>\nLes stations d&rsquo;\u00e9puration remontent dans les priorit\u00e9s d&rsquo;investissement de l&rsquo;Eurom\u00e9tropole de Strasbourg (EMS). La collectivit\u00e9 a clos le 8 avril une enqu\u00eate publique sur la cr\u00e9ation d&rsquo;un nouvel ouvrage \u00e0 Illkirch (<a title=\"L&#039;actualit\u00e9 BTP du d\u00e9partement du Bas-Rhin\" href=\"https:\/\/www.lemoniteur.fr\/bas-rhin\/\" rel=\"noopener\" target=\"\" class=\"lien-contextuel\">Bas-Rhin<\/a>). Ce projet vise \u00e0 restructurer la collecte et le traitement pr\u00e9alable des eaux us\u00e9es sur la partie sud de son territoire, avant leur envoi vers le nord et la grande station commune de La Wantzenau, d&rsquo;une capacit\u00e9 d&rsquo;un million \u00e9quivalents-habitant (EH). Une organisation qui \u00e9vitera l&rsquo;engorgement des r\u00e9seaux d&rsquo;assainissement du secteur. Attendue fin 2028, l&rsquo;infrastructure d&rsquo;Illkirch sera, elle, dimensionn\u00e9e \u00e0 50 000 EH, soit 10 000 EH de plus que les trois qu&rsquo;elle remplacera, car \u00ab vieillissantes et satur\u00e9es \u00bb, rappelle Thierry Schaal, vice-pr\u00e9sident de l&rsquo;EMS charg\u00e9 de l&rsquo;eau et de l&rsquo;assainissement.<\/p>\n<p>\nExploit\u00e9e en r\u00e9gie, la nouvelle station d&rsquo;\u00e9puration s&rsquo;installera sur un terrain aujourd&rsquo;hui agricole de 6 ha, \u00ab qui s&rsquo;est av\u00e9r\u00e9 le plus appropri\u00e9 pour r\u00e9unir les crit\u00e8res de pr\u00e9servation des zones humides et du potentiel agricole \u00bb, poursuit l&rsquo;\u00e9lu. Sa construction, pr\u00e9vue \u00e0 partir de 2027, repr\u00e9sente un investissement de 38,9 M\u20ac HT via un march\u00e9 de conception- r\u00e9alisation en cours de consultation (proc\u00e9dure n\u00e9goci\u00e9e). D\u00e8s l&rsquo;ann\u00e9e prochaine cependant, un r\u00e9seau de transfert des eaux us\u00e9es des communes voisines de Fegersheim et Geispolsheim vers Illkirch sera cr\u00e9\u00e9 de sorte \u00e0 constituer un \u00ab syst\u00e8me d&rsquo;assainissement sud \u00bb.<\/p>\n<p>\nLe sch\u00e9ma directeur m\u00e9tropolitain d&rsquo;assainissement, dans lequel ces projets s&rsquo;inscrivent, pr\u00e9voit aussi l&rsquo;am\u00e9nagement de bassins d&rsquo;orage jusqu&rsquo;en 2030 pour la r\u00e9tention des eaux lors des \u00e9pisodes de fortes pluies. Sur les 27 ouvrages programm\u00e9s, d&rsquo;une capacit\u00e9 de stockage totale de 62 000 m3 \u00e0 l&rsquo;\u00e9chelle de l&rsquo;agglom\u00e9ration, le secteur sud en accueillera sept (14 430 m3 cumul\u00e9s) dont quatre sont achev\u00e9s, un en chantier (Geispolsheim quartier gare) et deux \u00e0 lancer \u00e0 Geispolsheim et Fegersheim.<\/p>\n<p>\n<b>Traitement des boues. <\/b>L&rsquo;heure est \u00e9galement aux travaux \u00e0 la station de La Wantzenau, exploit\u00e9e par <a title=\"\" href=\"https:\/\/www.lemoniteur.fr\/veolia\/\" rel=\"noopener\" target=\"\" class=\"lien-contextuel\">Veolia<\/a>. Laur\u00e9at du march\u00e9 de conception- r\u00e9alisation de l&rsquo;EMS, le groupement comprenant Degr\u00e9mont (mandataire et filiale du groupe Suez), Demathieu Bard (g\u00e9nie civil), Loeber (\u00e9lectricit\u00e9), Oze Architecture et Naldeo (ma\u00eetrise d&rsquo;\u0153uvre) a entam\u00e9 fin f\u00e9vrier le renouvellement de la ligne de traitement des boues pour 55 M\u20ac.<\/p>\n<p>\nGr\u00e2ce \u00e0 une version modernis\u00e9e de l&rsquo;incin\u00e9ration dans un four \u00e0 lit fluidis\u00e9, le projet vise \u00e0 d\u00e9gager une quantit\u00e9 de c haleur sup\u00e9rieure aux besoins sp\u00e9cifiques du site, de sorte que cet exc\u00e9dent puisse alimenter le reste de l&rsquo;agglom\u00e9ration. Sa production est \u00e9valu\u00e9e \u00e0 20 GWh par an, \u00e0 mettre au regard des 17 GWh par an que g\u00e9n\u00e8re aujourd&rsquo;hui la station d&rsquo;\u00e9puration, sous la forme de biogaz issu de la m\u00e9thanisation de 13 000 tonnes annuelles de boues. En outre, le nouveau traitement doit permettre de r\u00e9cup\u00e9rer les 250 \u00e0 300 tonnes annuelles de phosphore contenues dans les cendres pour leur valorisation. Sa mise en service compl\u00e8te est pr\u00e9vue en avril 2028.<\/p>\n","protected":false},"excerpt":{"rendered":"Les stations d&rsquo;\u00e9puration remontent dans les priorit\u00e9s d&rsquo;investissement de l&rsquo;Eurom\u00e9tropole de Strasbourg (EMS). La collectivit\u00e9 a clos le&hellip;\n","protected":false},"author":2,"featured_media":42555,"comment_status":"","ping_status":"","sticky":false,"template":"","format":"standard","meta":{"footnotes":""},"categories":[2820],"tags":[1111,11,2649,932,1777,12925,674,1011,27,775,5495,12,25,12926,12927,640,6233],"class_list":{"0":"post-42554","1":"post","2":"type-post","3":"status-publish","4":"format-standard","5":"has-post-thumbnail","7":"category-strasbourg","8":"tag-actu","9":"tag-actualites","10":"tag-bas-rhin","11":"tag-est","12":"tag-eu","13":"tag-eurometropole-de-stras","14":"tag-europe","15":"tag-fr","16":"tag-france","17":"tag-grand-est","18":"tag-infrastructures","19":"tag-news","20":"tag-republique-francaise","21":"tag-restructuration","22":"tag-station-d-epuration","23":"tag-strasbourg","24":"tag-technique"},"share_on_mastodon":{"url":"https:\/\/pubeurope.com\/@fr\/114378375529675504","error":""},"_links":{"self":[{"href":"https:\/\/www.europesays.com\/fr\/wp-json\/wp\/v2\/posts\/42554","targetHints":{"allow":["GET"]}}],"collection":[{"href":"https:\/\/www.europesays.com\/fr\/wp-json\/wp\/v2\/posts"}],"about":[{"href":"https:\/\/www.europesays.com\/fr\/wp-json\/wp\/v2\/types\/post"}],"author":[{"embeddable":true,"href":"https:\/\/www.europesays.com\/fr\/wp-json\/wp\/v2\/users\/2"}],"replies":[{"embeddable":true,"href":"https:\/\/www.europesays.com\/fr\/wp-json\/wp\/v2\/comments?post=42554"}],"version-history":[{"count":0,"href":"https:\/\/www.europesays.com\/fr\/wp-json\/wp\/v2\/posts\/42554\/revisions"}],"wp:featuredmedia":[{"embeddable":true,"href":"https:\/\/www.europesays.com\/fr\/wp-json\/wp\/v2\/media\/42555"}],"wp:attachment":[{"href":"https:\/\/www.europesays.com\/fr\/wp-json\/wp\/v2\/media?parent=42554"}],"wp:term":[{"taxonomy":"category","embeddable":true,"href":"https:\/\/www.europesays.com\/fr\/wp-json\/wp\/v2\/categories?post=42554"},{"taxonomy":"post_tag","embeddable":true,"href":"https:\/\/www.europesays.com\/fr\/wp-json\/wp\/v2\/tags?post=42554"}],"curies":[{"name":"wp","href":"https:\/\/api.w.org\/{rel}","templated":true}]}}