{"id":425540,"date":"2025-09-29T07:35:15","date_gmt":"2025-09-29T07:35:15","guid":{"rendered":"https:\/\/www.europesays.com\/fr\/425540\/"},"modified":"2025-09-29T07:35:15","modified_gmt":"2025-09-29T07:35:15","slug":"le-stade-toulousain-en-tete-match-fou-entre-bayonne-et-toulon-le-classement","status":"publish","type":"post","link":"https:\/\/www.europesays.com\/fr\/425540\/","title":{"rendered":"le Stade Toulousain en t\u00eate, match fou entre Bayonne et Toulon, le classement"},"content":{"rendered":"<p class=\"app_entry_lead\">\n<p>                    <a title=\"\u00a0\u00a9\u00a0FEP\/Icon Sport\/ABACA\" href=\"https:\/\/www.europesays.com\/fr\/wp-content\/uploads\/2025\/09\/80836298.jpg\" class=\"fancy\"><\/p>\n<p>                            <img loading=\"lazy\" decoding=\"async\" src=\"https:\/\/www.europesays.com\/fr\/wp-content\/uploads\/2025\/09\/80836298.jpg\" alt=\"Top 14\u00a0: le Stade Toulousain en t\u00eate, match fou entre Bayonne et Toulon, le classement\" width=\"1500\" height=\"1000\"\/><\/p>\n<p>                    <\/a><\/p>\n<p>                Le championnat de France de rugby a une nouvelle fois offert de grosses \u00e9motions \u00e0 l&rsquo;occasion de la 4e journ\u00e9e.<\/p>\n<p>Sommaire<\/p>\n<p>Toulouse est de retour ! Apr\u00e8s la grosse gifle re\u00e7ue \u00e0 Montpellier la semaine derni\u00e8re, les Toulousains se sont r\u00e9veill\u00e9s dans un derby tr\u00e8s chaud face \u00e0 Castres. Bonus offensif \u00e0 la cl\u00e9, les champions de France ont inflig\u00e9 59 points aux Tarnais pour reprendre la place de leader.<\/p>\n<p>Le choc de la journ\u00e9e \u00e9tait sans aucun doute entre les deux demi-finalistes de l&rsquo;ann\u00e9e derni\u00e8re avec Bayonne et Toulon. Malgr\u00e9 une premi\u00e8re p\u00e9riode d\u00e9licate, le RCT a su retourner la situation et revenir totalement dans la rencontre, pouvant m\u00eame s&rsquo;imposer. Mais dans les ultimes secondes, un drop de Segonds a crucifi\u00e9 les Varois.<\/p>\n<p>Dans le reste des r\u00e9sultats, l&rsquo;UBB s&rsquo;est inclin\u00e9 sur la pelouse du Stade Fran\u00e7ais, Pau poursuit son bon d\u00e9but de saison apr\u00e8s son \u00e9crasante victoire face au Lou, Perpignan n&rsquo;a toujours pas gagn\u00e9 apr\u00e8s sa d\u00e9faite face \u00e0 La Rochelle et Montauban a pris ses premiers points apr\u00e8s un nul face \u00e0 Montpellier 22-22.<\/p>\n<p>Quel est le calendrier du Top 14 ?<\/p>\n<p><a class=\"fancy\" href=\"https:\/\/img-4.linternaute.com\/InuFhLOsXONz0-ZRGEEfrTVM_0U=\/1080x\/smart\/9642d72ad1174d3a9a446bad86705964\/ccmcms-linternaute\/79805843.jpg\" rel=\"nofollow noopener\" target=\"_blank\"><img decoding=\"async\" alt=\"\" src=\"https:\/\/www.europesays.com\/fr\/wp-content\/uploads\/2025\/09\/79805843.jpg\"\/><\/a><\/p>\n<p>\u00a9\u00a0Top 14 \/ LNR<\/p>\n<p><a class=\"fancy\" href=\"https:\/\/img-4.linternaute.com\/XHERIHPgjcvxRW3QdzfCZrmOqY4=\/1080x\/smart\/c730f60e579e411ea221af8a0fef33d4\/ccmcms-linternaute\/79805854.jpg\" rel=\"nofollow noopener\" target=\"_blank\"><img decoding=\"async\" alt=\"\" src=\"https:\/\/www.europesays.com\/fr\/wp-content\/uploads\/2025\/09\/79805854.jpg\"\/><\/a><\/p>\n<p>\u00a9\u00a0Top 14 \/ LNR<\/p>\n<p>Quel est le programme des journ\u00e9es de Top 14 ?<\/p>\n<p>Pour toutes les journ\u00e9es du Top 14, voici le programme \u00e9tabli :<\/p>\n<ul>\n<li>4\u00a0rencontres le samedi \u00e0 15h (en multiplex)<\/li>\n<li>1\u00a0rencontre le samedi \u00e0 17h<\/li>\n<li>1\u00a0rencontre le samedi en prime time (21h), accompagn\u00e9e en avant et apr\u00e8s-match du Canal Rugby Club.<\/li>\n<li>1\u00a0rencontre le dimanche en prime time (21h), accompagn\u00e9e en avant et apr\u00e8s-match du Canal Rugby Club.<\/li>\n<\/ul>\n<p>Quelles sont les \u00e9quipes du Top 14 ?<\/p>\n<p>Comme l&rsquo;indique le nom du championnat de France de rugby, 14 clubs sont dans l&rsquo;\u00e9lite, voici la liste des clubs :<\/p>\n<ul>\n<li>Bayonne<\/li>\n<li>Montauban<\/li>\n<li>Vannes<\/li>\n<li>Castres<\/li>\n<li>Clermont<\/li>\n<li>La Rochelle<\/li>\n<li>Lyon<\/li>\n<li>Montpellier<\/li>\n<li>Pau<\/li>\n<li>Perpignan<\/li>\n<li>Racing 92<\/li>\n<li>Stade Fran\u00e7ais<\/li>\n<li>Toulon<\/li>\n<li>Toulouse<\/li>\n<\/ul>\n","protected":false},"excerpt":{"rendered":"Le championnat de France de rugby a une nouvelle fois offert de grosses \u00e9motions \u00e0 l&rsquo;occasion de la&hellip;\n","protected":false},"author":2,"featured_media":425541,"comment_status":"","ping_status":"","sticky":false,"template":"","format":"standard","meta":{"footnotes":""},"categories":[9619],"tags":[1111,11,55453,51761,1777,674,51763,1011,27,12,51767,882,25,479,478,2310],"class_list":{"0":"post-425540","1":"post","2":"type-post","3":"status-publish","4":"format-standard","5":"has-post-thumbnail","7":"category-toulon","8":"tag-actu","9":"tag-actualites","10":"tag-cms-linternaute-2595371","11":"tag-controller-content","12":"tag-eu","13":"tag-europe","14":"tag-format-papier","15":"tag-fr","16":"tag-france","17":"tag-news","18":"tag-parallaxeinfeed","19":"tag-provence-alpes-cote-dazur","20":"tag-republique-francaise","21":"tag-rugby","22":"tag-top-14","23":"tag-toulon"},"share_on_mastodon":{"url":"https:\/\/pubeurope.com\/@fr\/115286437232379089","error":""},"_links":{"self":[{"href":"https:\/\/www.europesays.com\/fr\/wp-json\/wp\/v2\/posts\/425540","targetHints":{"allow":["GET"]}}],"collection":[{"href":"https:\/\/www.europesays.com\/fr\/wp-json\/wp\/v2\/posts"}],"about":[{"href":"https:\/\/www.europesays.com\/fr\/wp-json\/wp\/v2\/types\/post"}],"author":[{"embeddable":true,"href":"https:\/\/www.europesays.com\/fr\/wp-json\/wp\/v2\/users\/2"}],"replies":[{"embeddable":true,"href":"https:\/\/www.europesays.com\/fr\/wp-json\/wp\/v2\/comments?post=425540"}],"version-history":[{"count":0,"href":"https:\/\/www.europesays.com\/fr\/wp-json\/wp\/v2\/posts\/425540\/revisions"}],"wp:featuredmedia":[{"embeddable":true,"href":"https:\/\/www.europesays.com\/fr\/wp-json\/wp\/v2\/media\/425541"}],"wp:attachment":[{"href":"https:\/\/www.europesays.com\/fr\/wp-json\/wp\/v2\/media?parent=425540"}],"wp:term":[{"taxonomy":"category","embeddable":true,"href":"https:\/\/www.europesays.com\/fr\/wp-json\/wp\/v2\/categories?post=425540"},{"taxonomy":"post_tag","embeddable":true,"href":"https:\/\/www.europesays.com\/fr\/wp-json\/wp\/v2\/tags?post=425540"}],"curies":[{"name":"wp","href":"https:\/\/api.w.org\/{rel}","templated":true}]}}