{"id":425556,"date":"2025-09-29T07:47:12","date_gmt":"2025-09-29T07:47:12","guid":{"rendered":"https:\/\/www.europesays.com\/fr\/425556\/"},"modified":"2025-09-29T07:47:12","modified_gmt":"2025-09-29T07:47:12","slug":"conseil-municipal-de-strasbourg-52-points-a-examiner-entre-elections-a-venir-et-tensions-exacerbees-suivez-notre-direct","status":"publish","type":"post","link":"https:\/\/www.europesays.com\/fr\/425556\/","title":{"rendered":"Conseil municipal de Strasbourg. 52 points \u00e0 examiner, entre \u00e9lections \u00e0 venir et tensions exacerb\u00e9es \u00a0: suivez notre direct"},"content":{"rendered":"<p>Le premier conseil municipal de l&rsquo;ann\u00e9e 2025-2026 b\u00e9n\u00e9ficie d&rsquo;un ordre du jour (un peu) all\u00e9g\u00e9, mais pourrait bien cacher quelques passes d&rsquo;arme entre oppositions et majorit\u00e9 dans un contexte politique tendu, exacerb\u00e9 par l&rsquo;approche des \u00e9ch\u00e9ances \u00e9lectorales. 52 points y sont annonc\u00e9s, en attendant de d\u00e9couvrir les dossiers qui seront propos\u00e9s, en ordre du jour additionnel, par les groupes minoritaires. Les principaux candidats d\u00e9clar\u00e9s aux municipales, la maire sortante <a href=\"https:\/\/www.dna.fr\/elections\/2025\/07\/03\/a-strasbourg-l-ecologiste-jeanne-barseghian-candidate-a-sa-reelection\" target=\"_blank\" rel=\"noopener\">Jeanne Barseghian<\/a>, le conseiller LR <a href=\"https:\/\/www.dna.fr\/elections\/2025\/09\/24\/jean-philippe-vetter-(lr)-veut-amplifier-sa-dynamique-de-rassemblement\" target=\"_blank\" rel=\"noopener\">Jean-Philippe Vetter<\/a> et l&rsquo;\u00e9lu Horizons <a href=\"https:\/\/www.dna.fr\/elections\/2025\/09\/04\/a-strasbourg-jakubowicz-se-declare-candidat-pour-faire-bouger-les-lignes\" target=\"_blank\" rel=\"noopener\">Pierre Jakubowicz<\/a>, devraient donc \u00eatre amen\u00e9s \u00e0 ferrailler sur divers points, \u00e0 commencer par celui de l&rsquo;implantation d&rsquo;un centre d&rsquo;h\u00e9bergement d&rsquo;urgence pour les r\u00e9fugi\u00e9s du c\u00f4t\u00e9 du quartier de la Montagne Verte (point 42). Le projet, qui inqui\u00e8te localement depuis plus d&rsquo;un an, a encore fait monter au cr\u00e9neau des riverains <a href=\"https:\/\/www.dna.fr\/politique\/2025\/09\/24\/des-habitants-toujours-opposes-au-centre-d-hebergement-de-la-montagne-verte-etat-et-mairie-maintiennent\" target=\"_blank\" rel=\"noopener\">lors d&rsquo;une r\u00e9union publique sur le sujet le 23 septembre<\/a>.<\/p>\n<p>Les d\u00e9bats s&rsquo;annoncent \u00e9galement potentiellement vifs sur le sujet de la participation citoyenne, un grief souvent retenu par l&rsquo;opposition contre l&rsquo;\u00e9quipe en place. La pr\u00e9sentation du rapport de l&rsquo;Observatoire ind\u00e9pendant de la participation citoyenne 2024-2025, qui ouvrira les d\u00e9bats (point 1), pourrait bien \u00eatre, \u00e0 ce titre, la pomme de discorde de cette s\u00e9ance. Tout comme le point suivant, l&rsquo;examen d&rsquo;une p\u00e9tition citoyenne qui introduit l&rsquo;id\u00e9e de signer le \u00ab Plant based treaty\u00a0\u00bb. Il s&rsquo;agit d&rsquo;y \u00ab\u00a0adopter des politiques qui favorisent un passage \u00e0 une alimentation \u00e0 base de plantes pour lutter contre le changement climatique \u00bb&#8230;<\/p>\n","protected":false},"excerpt":{"rendered":"Le premier conseil municipal de l&rsquo;ann\u00e9e 2025-2026 b\u00e9n\u00e9ficie d&rsquo;un ordre du jour (un peu) all\u00e9g\u00e9, mais pourrait bien&hellip;\n","protected":false},"author":2,"featured_media":111075,"comment_status":"","ping_status":"","sticky":false,"template":"","format":"standard","meta":{"footnotes":""},"categories":[2820],"tags":[1111,11,2389,2649,1984,12255,2880,4188,1777,674,1011,27,775,12,316,25,640],"class_list":{"0":"post-425556","1":"post","2":"type-post","3":"status-publish","4":"format-standard","5":"has-post-thumbnail","7":"category-strasbourg","8":"tag-actu","9":"tag-actualites","10":"tag-alsace","11":"tag-bas-rhin","12":"tag-conseil-municipal","13":"tag-direct-actualite","14":"tag-edition-strasbourg","15":"tag-elections-municipales","16":"tag-eu","17":"tag-europe","18":"tag-fr","19":"tag-france","20":"tag-grand-est","21":"tag-news","22":"tag-politique","23":"tag-republique-francaise","24":"tag-strasbourg"},"share_on_mastodon":{"url":"https:\/\/pubeurope.com\/@fr\/115286484292079200","error":""},"_links":{"self":[{"href":"https:\/\/www.europesays.com\/fr\/wp-json\/wp\/v2\/posts\/425556","targetHints":{"allow":["GET"]}}],"collection":[{"href":"https:\/\/www.europesays.com\/fr\/wp-json\/wp\/v2\/posts"}],"about":[{"href":"https:\/\/www.europesays.com\/fr\/wp-json\/wp\/v2\/types\/post"}],"author":[{"embeddable":true,"href":"https:\/\/www.europesays.com\/fr\/wp-json\/wp\/v2\/users\/2"}],"replies":[{"embeddable":true,"href":"https:\/\/www.europesays.com\/fr\/wp-json\/wp\/v2\/comments?post=425556"}],"version-history":[{"count":0,"href":"https:\/\/www.europesays.com\/fr\/wp-json\/wp\/v2\/posts\/425556\/revisions"}],"wp:featuredmedia":[{"embeddable":true,"href":"https:\/\/www.europesays.com\/fr\/wp-json\/wp\/v2\/media\/111075"}],"wp:attachment":[{"href":"https:\/\/www.europesays.com\/fr\/wp-json\/wp\/v2\/media?parent=425556"}],"wp:term":[{"taxonomy":"category","embeddable":true,"href":"https:\/\/www.europesays.com\/fr\/wp-json\/wp\/v2\/categories?post=425556"},{"taxonomy":"post_tag","embeddable":true,"href":"https:\/\/www.europesays.com\/fr\/wp-json\/wp\/v2\/tags?post=425556"}],"curies":[{"name":"wp","href":"https:\/\/api.w.org\/{rel}","templated":true}]}}