{"id":425559,"date":"2025-09-29T07:49:14","date_gmt":"2025-09-29T07:49:14","guid":{"rendered":"https:\/\/www.europesays.com\/fr\/425559\/"},"modified":"2025-09-29T07:49:14","modified_gmt":"2025-09-29T07:49:14","slug":"le-bea-livre-son-premier-rapport-et-vise-un-avion","status":"publish","type":"post","link":"https:\/\/www.europesays.com\/fr\/425559\/","title":{"rendered":"le Bea livre son premier rapport et vise un avion"},"content":{"rendered":"<p>            Par<br \/>\n        <strong><br \/>\n            <a href=\"https:\/\/actu.fr\/auteur\/ugo-maillard\" title=\"Consulter tous les articles de Ugo Maillard\" rel=\"nofollow noopener\" target=\"_blank\">Ugo Maillard<\/a><br \/>\n        <\/strong><\/p>\n<p>        Publi\u00e9 le<\/p>\n<p>            29 sept. 2025 \u00e0 9h18        <\/p>\n<p>Les premi\u00e8res conclusions sont tomb\u00e9es. Dans un rapport paru le samedi 27\u00a0septembre 2025, les enqu\u00eateurs du Bureau d\u2019enqu\u00eate et d\u2019analyse pour la s\u00e9curit\u00e9 de l\u2019aviation civile a d\u00e9voil\u00e9 les premiers \u00e9l\u00e9ments issus de leurs recherches au sujet <strong>du crash \u00e9vit\u00e9 \u00e0 l\u2019a\u00e9roport de Nice<\/strong> C\u00f4te d\u2019Azur, le dimanche 21\u00a0septembre.\u00a0Ce jour-l\u00e0, deux Airbus A320 ont fr\u00f4l\u00e9 le choc \u00e0 quelques m\u00e8tres pr\u00e8s, selon les <a href=\"https:\/\/actu.fr\/provence-alpes-cote-d-azur\/nice_06088\/crash-evite-de-justesse-a-l-aeroport-de-nice-le-pilote-etait-en-etat-de-choc-temoigne-un-passager_63195486.html\" rel=\"nofollow noopener\" target=\"_blank\">dires des passagers<\/a> interrog\u00e9s par notre <a href=\"https:\/\/actu.fr\/nice\/\" rel=\"nofollow noopener\" target=\"_blank\">actu Nice<\/a>.<\/p>\n<p class=\" wall-content\">L<strong>\u2019incident qui n\u2019a pas fait de victime<\/strong> est tr\u00e8s grave, ce qui a pouss\u00e9 les enqu\u00eateurs du Bea a lanc\u00e9 des investigations.<\/p>\n<p>Une erreur d\u2019un pilote<\/p>\n<p class=\" wall-content\">Apr\u00e8s avoir <a href=\"https:\/\/actu.fr\/provence-alpes-cote-d-azur\/nice_06088\/crash-evite-a-l-aeroport-de-nice-le-bea-fait-un-point-sur-l-enquete_63213267.html\" rel=\"nofollow noopener\" target=\"_blank\">r\u00e9cup\u00e9r\u00e9 les bo\u00eetes d\u2019enregistrement de vol<\/a> et auditionn\u00e9 des t\u00e9moins, les \u00e9quipes du Bureau d\u2019enqu\u00eate et d\u2019analyse pour la s\u00e9curit\u00e9 de l\u2019aviation civile ont publi\u00e9 leurs premi\u00e8res conclusions.<\/p>\n<p class=\" wall-content\">Dans un r\u00e9sum\u00e9, le BEA \u00e9crit\u2009: \u00ab\u2009L\u2019\u00e9quipage du TS-INP est autoris\u00e9 \u00e0 l\u2019atterrissage sur la piste 04L mais s\u2019aligne sur la piste 04R occup\u00e9e par le OE-IJZ align\u00e9 et pr\u00eat au d\u00e9collage. Il approche de la piste 04R jusqu\u2019\u00e0 survoler le OE-IJZ puis il interrompt son atterrissage.\u2009\u00bb<\/p>\n<p class=\" wall-content\">On comprend donc que le pilote de l\u2019avion Nouvelair en provenance de Tunis s\u2019est <strong>tromp\u00e9 de piste d\u2019atterrissage<\/strong>.<\/p>\n<p class=\" wall-content\">\u00c0 l\u2019instar de ce qu\u2019<a href=\"https:\/\/actu.fr\/provence-alpes-cote-d-azur\/nice_06088\/un-crash-evite-de-justesse-a-l-aeroport-de-nice-deux-avions-manquent-de-se-percuter_63194026.html\" rel=\"nofollow noopener\" target=\"_blank\">avait d\u00e9clar\u00e9 la communication de l\u2019a\u00e9roport \u00e0 notre r\u00e9daction<\/a>, le pilote Nouvelair semble avoir commis une erreur.<\/p>\n<p>La compagnie tunisienne pointe la m\u00e9t\u00e9o<\/p>\n<p class=\" wall-content\">Quelques heures apr\u00e8s le crash \u00e9vit\u00e9 de justesse, la compagnie tunisienne Nouvelair indiquait que \u00ab\u2009l\u2019un incident est survenu dans des conditions m\u00e9t\u00e9orologiques particuli\u00e8rement difficiles, marqu\u00e9es par de tr\u00e8s fortes pluies et une visibilit\u00e9 extr\u00eamement r\u00e9duite\u2009\u00bb. Une version que les enqu\u00eateurs du Bea ne partagent pas.<\/p>\n<p>Votre r\u00e9gion, votre actu !<\/p>\n<p>Recevez chaque jour les infos qui comptent pour vous.<\/p>\n<p>\t<a href=\"https:\/\/actu.fr\/newsletter\" class=\"ac-btn ac-btn--corner ac-btn--medium ac-btn--blue800\" rel=\"nofollow noopener\" target=\"_blank\">S&rsquo;incrire<\/a><\/p>\n<p class=\" wall-content\">\u00c0 noter que deux autres enqu\u00eates sont en cours. De son c\u00f4t\u00e9, le <strong>parquet de Nice<\/strong> a \u00e9galement\u00a0ouvert une enqu\u00eate\u00a0pour \u00ab\u2009mise en danger de la vie d\u2019autrui\u2009\u00bb. Le Service de la navigation a\u00e9rienne (SNA) enqu\u00eate \u00e9galement sur l\u2019incident.<\/p>\n<p class=\" wall-content\">Personnalisez votre actualit\u00e9 en ajoutant vos villes et m\u00e9dias en favori avec <a href=\"https:\/\/moncompte.actu.fr\" title=\"D\u00e9couvez Mon Actu\" rel=\"nofollow noopener\" data-trk=\"{&quot;cta&quot;:{&quot;action&quot;:&quot;https:\\\/\\\/moncompte.actu.fr&quot;,&quot;category&quot;:&quot;mon compte&quot;,&quot;from&quot;:&quot;article footer&quot;,&quot;name&quot;:&quot;Mon actu&quot;,&quot;type&quot;:&quot;cta&quot;}}\" target=\"_blank\">Mon Actu<\/a>.<\/p>\n","protected":false},"excerpt":{"rendered":"Par Ugo Maillard Publi\u00e9 le 29 sept. 2025 \u00e0 9h18 Les premi\u00e8res conclusions sont tomb\u00e9es. Dans un rapport&hellip;\n","protected":false},"author":2,"featured_media":212840,"comment_status":"","ping_status":"","sticky":false,"template":"","format":"standard","meta":{"footnotes":""},"categories":[2819],"tags":[1111,11,54041,1777,674,118,1011,27,12,2401,1072,882,25],"class_list":{"0":"post-425559","1":"post","2":"type-post","3":"status-publish","4":"format-standard","5":"has-post-thumbnail","7":"category-nice","8":"tag-actu","9":"tag-actualites","10":"tag-crash-avion","11":"tag-eu","12":"tag-europe","13":"tag-faits-divers","14":"tag-fr","15":"tag-france","16":"tag-news","17":"tag-nice","18":"tag-police","19":"tag-provence-alpes-cote-dazur","20":"tag-republique-francaise"},"share_on_mastodon":{"url":"https:\/\/pubeurope.com\/@fr\/115286492040755111","error":""},"_links":{"self":[{"href":"https:\/\/www.europesays.com\/fr\/wp-json\/wp\/v2\/posts\/425559","targetHints":{"allow":["GET"]}}],"collection":[{"href":"https:\/\/www.europesays.com\/fr\/wp-json\/wp\/v2\/posts"}],"about":[{"href":"https:\/\/www.europesays.com\/fr\/wp-json\/wp\/v2\/types\/post"}],"author":[{"embeddable":true,"href":"https:\/\/www.europesays.com\/fr\/wp-json\/wp\/v2\/users\/2"}],"replies":[{"embeddable":true,"href":"https:\/\/www.europesays.com\/fr\/wp-json\/wp\/v2\/comments?post=425559"}],"version-history":[{"count":0,"href":"https:\/\/www.europesays.com\/fr\/wp-json\/wp\/v2\/posts\/425559\/revisions"}],"wp:featuredmedia":[{"embeddable":true,"href":"https:\/\/www.europesays.com\/fr\/wp-json\/wp\/v2\/media\/212840"}],"wp:attachment":[{"href":"https:\/\/www.europesays.com\/fr\/wp-json\/wp\/v2\/media?parent=425559"}],"wp:term":[{"taxonomy":"category","embeddable":true,"href":"https:\/\/www.europesays.com\/fr\/wp-json\/wp\/v2\/categories?post=425559"},{"taxonomy":"post_tag","embeddable":true,"href":"https:\/\/www.europesays.com\/fr\/wp-json\/wp\/v2\/tags?post=425559"}],"curies":[{"name":"wp","href":"https:\/\/api.w.org\/{rel}","templated":true}]}}