{"id":425566,"date":"2025-09-29T07:53:15","date_gmt":"2025-09-29T07:53:15","guid":{"rendered":"https:\/\/www.europesays.com\/fr\/425566\/"},"modified":"2025-09-29T07:53:15","modified_gmt":"2025-09-29T07:53:15","slug":"violer-ca-coute-moins-cher-que-tirer-des-cartouches-un-film-poignant-sur-la-guerre-en-republique-democratique-du-congo","status":"publish","type":"post","link":"https:\/\/www.europesays.com\/fr\/425566\/","title":{"rendered":"\u00ab\u00a0Violer, \u00e7a co\u00fbte moins cher que tirer des cartouches\u00a0\u00bb, un film poignant sur la guerre en R\u00e9publique d\u00e9mocratique du Congo"},"content":{"rendered":"<p>On a entendu plusieurs mouchoirs vibrer samedi 27\u00a0septembre, apr\u00e8s la projection de \u00ab\u00a0Muganga, celui qui soigne\u00a0\u00bb, en cl\u00f4ture du <a href=\"https:\/\/www.sudouest.fr\/culture\/sortir-a-bordeaux\/bordeaux-six-films-a-l-utopia-pour-parler-d-egalite-entre-les-genres-ou-face-a-la-justice-quelle-que-soit-l-origine-geographique-25968585.php\" target=\"_blank\" rel=\"follow nofollow noopener\">Festival du film justice et droits humains<\/a>. La grande salle de l\u2019Utopia de Bordeaux \u00e9tait pleine \u2013 comme pour la plupart des autres s\u00e9ances de l\u2019\u00e9dition 2025 \u2013 et l\u2019\u00e9motion en a \u00e9t\u00e9 d\u00e9multipli\u00e9e apr\u00e8s ce film qui \u00e9voque l\u2019engagement du docteur Denis Mukwege aupr\u00e8s des femmes d\u00e9truites par les viols de guerre en R\u00e9publique d\u00e9mocratique du Congo (RDC).<\/p>\n<p>La r\u00e9alisatrice, Marie-H\u00e9l\u00e8ne Roux, a constat\u00e9 que \u00ab\u00a080\u00a0% des spectateurs ignorent la r\u00e9alit\u00e9\u00a0\u00bb de ce conflit. Une raison parmi d\u2019autres de venir pr\u00e9senter son premier long-m\u00e9trage. Elle l\u2019avait d\u00e9j\u00e0 fait lors d\u2019<a href=\"https:\/\/www.sudouest.fr\/gironde\/pessac\/cinema-quatre-choses-a-savoir-sur-les-universites-populaires-du-cinema-jean-eustache-25791591.php\" target=\"_blank\" rel=\"follow nofollow noopener\">une Unipop \u00e0 Pessac\u00a0;<\/a> elle a \u00e0 nouveau fait le voyage en Gironde pour la cl\u00f4ture de ce festival.<\/p>\n<p>        <img decoding=\"async\" id=\"26119499\" src=\"https:\/\/www.europesays.com\/fr\/wp-content\/uploads\/2025\/09\/1759132394_544_muganga-celui-qui-soigne-0003-c-petites-poupees-production-exp.jpg\" alt=\"Isaac de Bankol\u00e9, dans le r\u00f4le du docteur Mukwege, et Vincent Macaigne, dans celui du docteur Cadi\u00e8re, son assistant belge\u00a0: le tandem phare de \u00ab\u00a0Muganga, celui qui soigne\u00a0\u00bb.\" itemprop=\"contentURL\"\/><\/p>\n<p>    Isaac de Bankol\u00e9, dans le r\u00f4le du docteur Mukwege, et Vincent Macaigne, dans celui du docteur Cadi\u00e8re, son assistant belge\u00a0: le tandem phare de \u00ab\u00a0Muganga, celui qui soigne\u00a0\u00bb.<\/p>\n<p>Petites Poup\u00e9es Production<\/p>\n<p>\u00ab\u00a0Ce film, c\u2019est dix ans de combat, dit-elle. Les festivals, les distributeurs n\u2019en voulaient pas. On nous disait que personne ne s\u2019int\u00e9resserait \u00e0 cette histoire.\u00a0\u00bb Mais, n\u00e9e au Gabon (o\u00f9 \u00ab\u00a0Muganga\u00a0\u00bb a \u00e9t\u00e9 tourn\u00e9) et ayant grandi en R\u00e9publique centrafricaine et au Burundi, trois pays proches de la RDC, Marie-H\u00e9l\u00e8ne Roux n\u2019a, elle, jamais cess\u00e9 d\u2019y croire. \u00ab\u00a0J\u2019ai \u00e9t\u00e9 choqu\u00e9e par ce que subit le corps des femmes dans cette partie du monde, mais aussi \u00e9merveill\u00e9e par la dignit\u00e9 dont elles continuent \u00e0 faire preuve et par la grandeur de ceux qui les soignent.\u00a0\u00bb<\/p>\n<p>\u00ab\u00a0La situation ne s\u2019est pas am\u00e9lior\u00e9e\u00a0\u00bb<\/p>\n<p>Plus de 1\u00a0000\u00a0femmes sont viol\u00e9es chaque jour dans la province du Sud-Kivu, dans l\u2019est de la RDC, l\u00e0 o\u00f9 le docteur Mukwege a ouvert son h\u00f4pital, explique la r\u00e9alisatrice. \u00c0 un spectateur qui s\u2019\u00e9tonne d\u2019un chiffre aussi \u00e9lev\u00e9, elle apporte une r\u00e9ponse glaciale de r\u00e9alisme\u00a0: \u00ab\u00a0Violer, \u00e7a co\u00fbte moins cher que tirer des cartouches. Le sous-sol de cette r\u00e9gion est l\u2019un des plus riches du monde, avec des r\u00e9serves importantes de minerais rares utilis\u00e9s pour la fabrication de t\u00e9l\u00e9phones et d\u2019\u00e9quipements num\u00e9riques. En terrorisant les populations, on les force \u00e0 partir et il devient plus facile d\u2019exploiter ces richesses. Tout cela rel\u00e8ve d\u2019une strat\u00e9gie.\u00a0\u00bb<\/p>\n<p>        <img decoding=\"async\" id=\"26121909\" src=\"https:\/\/www.europesays.com\/fr\/wp-content\/uploads\/2025\/09\/5-muganga-celui-qui-soigne-petitespoupe-esproduction.jpg\" alt=\"L\u2019h\u00f4pital de Panzi, tel qu\u2019il a \u00e9t\u00e9 reconstitu\u00e9 pour le tournage du film.\" itemprop=\"contentURL\"\/><\/p>\n<p>    L\u2019h\u00f4pital de Panzi, tel qu\u2019il a \u00e9t\u00e9 reconstitu\u00e9 pour le tournage du film.<\/p>\n<p>Petites Poup\u00e9es Production<\/p>\n<p>\u00ab\u00a0\u2018\u2018Muganga\u2019\u2019 est une fiction, revendique-t-elle, parce qu\u2019une fiction permet plus de s\u2019identifier aux personnages qu\u2019un documentaire.\u00a0\u00bb Mais ce film s\u2019appuie aussi sur une visite \u00e0 l\u2019h\u00f4pital de Panzi, dirig\u00e9 par le docteur Mukwege. Il est en tout cas jug\u00e9 cr\u00e9dible par une spectatrice angolaise, qui remercie Marie-H\u00e9l\u00e8ne Roux \u00ab\u00a0en tant que femme africaine ayant grandi dans un pays en guerre\u00a0\u00bb. Cr\u00e9dible aussi pour un membre de M\u00e9decins sans fronti\u00e8res, \u00ab\u00a0m\u00eame si la situation ne s\u2019est pas am\u00e9lior\u00e9e. Je suis intervenu l\u00e0-bas\u2026\u00a0\u00bb<\/p>\n<p>\u00ab\u00a0La ville de Bukavu, o\u00f9 se trouve l\u2019h\u00f4pital, est assi\u00e9g\u00e9e par le M23, un groupe arm\u00e9 soutenu par le Rwanda, confirme la r\u00e9alisatrice. L\u2019a\u00e9roport est ferm\u00e9. Le docteur Mukwege ne peut pas revenir. Mais les \u00e9quipes de soins travaillent toujours.\u00a0\u00bb Elle fait appel aux spectateurs pour que son film leur serve de soutien. \u00ab\u00a0Parlez-en autour de vous et sur Internet. C\u2019est le conflit le plus meurtrier depuis la Deuxi\u00e8me Guerre mondiale et personne n\u2019en parle.\u00a0\u00bb<\/p>\n<p>Elle \u00e9voque aussi l\u2019actrice Angelina Jolie, qui a rejoint la production du film. \u00ab\u00a0On \u00e9tait ensemble \u00e0 Londres la semaine derni\u00e8re pour r\u00e9pondre \u00e0 des interviews et chercher une distribution internationale.\u00a0\u00bb Un film peut-il avoir un poids politique\u00a0? On va voir\u2026<\/p>\n","protected":false},"excerpt":{"rendered":"On a entendu plusieurs mouchoirs vibrer samedi 27\u00a0septembre, apr\u00e8s la projection de \u00ab\u00a0Muganga, celui qui soigne\u00a0\u00bb, en cl\u00f4ture&hellip;\n","protected":false},"author":2,"featured_media":425567,"comment_status":"","ping_status":"","sticky":false,"template":"","format":"standard","meta":{"footnotes":""},"categories":[2817],"tags":[1111,11,1997,1777,674,1011,27,12,2219,25],"class_list":{"0":"post-425566","1":"post","2":"type-post","3":"status-publish","4":"format-standard","5":"has-post-thumbnail","7":"category-bordeaux","8":"tag-actu","9":"tag-actualites","10":"tag-bordeaux","11":"tag-eu","12":"tag-europe","13":"tag-fr","14":"tag-france","15":"tag-news","16":"tag-nouvelle-aquitaine","17":"tag-republique-francaise"},"share_on_mastodon":{"url":"https:\/\/pubeurope.com\/@fr\/115286507860711351","error":""},"_links":{"self":[{"href":"https:\/\/www.europesays.com\/fr\/wp-json\/wp\/v2\/posts\/425566","targetHints":{"allow":["GET"]}}],"collection":[{"href":"https:\/\/www.europesays.com\/fr\/wp-json\/wp\/v2\/posts"}],"about":[{"href":"https:\/\/www.europesays.com\/fr\/wp-json\/wp\/v2\/types\/post"}],"author":[{"embeddable":true,"href":"https:\/\/www.europesays.com\/fr\/wp-json\/wp\/v2\/users\/2"}],"replies":[{"embeddable":true,"href":"https:\/\/www.europesays.com\/fr\/wp-json\/wp\/v2\/comments?post=425566"}],"version-history":[{"count":0,"href":"https:\/\/www.europesays.com\/fr\/wp-json\/wp\/v2\/posts\/425566\/revisions"}],"wp:featuredmedia":[{"embeddable":true,"href":"https:\/\/www.europesays.com\/fr\/wp-json\/wp\/v2\/media\/425567"}],"wp:attachment":[{"href":"https:\/\/www.europesays.com\/fr\/wp-json\/wp\/v2\/media?parent=425566"}],"wp:term":[{"taxonomy":"category","embeddable":true,"href":"https:\/\/www.europesays.com\/fr\/wp-json\/wp\/v2\/categories?post=425566"},{"taxonomy":"post_tag","embeddable":true,"href":"https:\/\/www.europesays.com\/fr\/wp-json\/wp\/v2\/tags?post=425566"}],"curies":[{"name":"wp","href":"https:\/\/api.w.org\/{rel}","templated":true}]}}