{"id":425576,"date":"2025-09-29T07:58:10","date_gmt":"2025-09-29T07:58:10","guid":{"rendered":"https:\/\/www.europesays.com\/fr\/425576\/"},"modified":"2025-09-29T07:58:10","modified_gmt":"2025-09-29T07:58:10","slug":"en-raison-du-malaise-dun-passager-la-ligne-t3-du-tram-est-perturbee-a-marseille","status":"publish","type":"post","link":"https:\/\/www.europesays.com\/fr\/425576\/","title":{"rendered":"en raison du malaise d&rsquo;un passager, la ligne T3 du tram est perturb\u00e9e \u00e0 Marseille"},"content":{"rendered":"<p>Dans un communiqu\u00e9 sur son site, <a href=\"https:\/\/www.rtm.fr\/infos-trafic\/2011652459081738588\" target=\"_blank\" rel=\"noopener\">la R\u00e9gie des transports en commun (RTM)<\/a> signale que la ligne T3 du Tram \u00e0 Marseille est perturb\u00e9e depuis quelques minutes. Et ce en raison d\u2019un incident. Un voyageur, en effet, a fait un malaise, \u00e0 hauteur de la station Rome-Dragon, provoquant l\u2019intervention des secours. Plusieurs v\u00e9hicules des marins-pompiers sont sur place.<\/p>\n<p>En cons\u00e9quence, pas moins de quatre stations sont non-desservies. Il s\u2019agit de Rome Davso, Place de Rome, Rome Dragon et Castellane. La ligne circule uniquement entre Arenc Le Silo et Cours Saint-Louis La RTM demande \u00e0 ses clients de privil\u00e9gier le m\u00e9tro pour leurs d\u00e9placements. La ligne sera r\u00e9tablie d\u00e8s que les conditions le permettront, ajoute la r\u00e9gie.<\/p>\n<p>\u00ab\u00a0Ils ont fait descendre subitement tout le monde du tram, relate une voyageuse interrog\u00e9e, rue de Rome.\u00a0On doit finir le trajet \u00e0 pied. Dans le tram, j\u2019ai\u00a0vu une femme couch\u00e9e par terre.\u00a0Elle a visiblement eu un malaise.\u00a0\u00bb<\/p>\n","protected":false},"excerpt":{"rendered":"Dans un communiqu\u00e9 sur son site, la R\u00e9gie des transports en commun (RTM) signale que la ligne T3&hellip;\n","protected":false},"author":2,"featured_media":425577,"comment_status":"","ping_status":"","sticky":false,"template":"","format":"standard","meta":{"footnotes":""},"categories":[2814],"tags":[17,1111,11,1102,2837,1777,674,1011,27,1922,3052,33355,884,12,12030,882,13637,16,25,1097],"class_list":{"0":"post-425576","1":"post","2":"type-post","3":"status-publish","4":"format-standard","5":"has-post-thumbnail","7":"category-marseille","8":"tag-17","9":"tag-actu","10":"tag-actualites","11":"tag-breakingnews","12":"tag-dun","13":"tag-eu","14":"tag-europe","15":"tag-fr","16":"tag-france","17":"tag-info","18":"tag-ligne","19":"tag-malaise","20":"tag-marseille","21":"tag-news","22":"tag-passager","23":"tag-provence-alpes-cote-dazur","24":"tag-raison","25":"tag-region","26":"tag-republique-francaise","27":"tag-trafic"},"share_on_mastodon":{"url":"https:\/\/pubeurope.com\/@fr\/115286527457809610","error":""},"_links":{"self":[{"href":"https:\/\/www.europesays.com\/fr\/wp-json\/wp\/v2\/posts\/425576","targetHints":{"allow":["GET"]}}],"collection":[{"href":"https:\/\/www.europesays.com\/fr\/wp-json\/wp\/v2\/posts"}],"about":[{"href":"https:\/\/www.europesays.com\/fr\/wp-json\/wp\/v2\/types\/post"}],"author":[{"embeddable":true,"href":"https:\/\/www.europesays.com\/fr\/wp-json\/wp\/v2\/users\/2"}],"replies":[{"embeddable":true,"href":"https:\/\/www.europesays.com\/fr\/wp-json\/wp\/v2\/comments?post=425576"}],"version-history":[{"count":0,"href":"https:\/\/www.europesays.com\/fr\/wp-json\/wp\/v2\/posts\/425576\/revisions"}],"wp:featuredmedia":[{"embeddable":true,"href":"https:\/\/www.europesays.com\/fr\/wp-json\/wp\/v2\/media\/425577"}],"wp:attachment":[{"href":"https:\/\/www.europesays.com\/fr\/wp-json\/wp\/v2\/media?parent=425576"}],"wp:term":[{"taxonomy":"category","embeddable":true,"href":"https:\/\/www.europesays.com\/fr\/wp-json\/wp\/v2\/categories?post=425576"},{"taxonomy":"post_tag","embeddable":true,"href":"https:\/\/www.europesays.com\/fr\/wp-json\/wp\/v2\/tags?post=425576"}],"curies":[{"name":"wp","href":"https:\/\/api.w.org\/{rel}","templated":true}]}}