{"id":425580,"date":"2025-09-29T08:00:13","date_gmt":"2025-09-29T08:00:13","guid":{"rendered":"https:\/\/www.europesays.com\/fr\/425580\/"},"modified":"2025-09-29T08:00:13","modified_gmt":"2025-09-29T08:00:13","slug":"lyon-le-tunnel-de-fourviere-ferme-pour-plusieurs-nuits-attention-a-vos-trajets-cette-semaine","status":"publish","type":"post","link":"https:\/\/www.europesays.com\/fr\/425580\/","title":{"rendered":"Lyon. Le tunnel de Fourvi\u00e8re ferm\u00e9 pour plusieurs nuits, attention \u00e0 vos trajets cette semaine"},"content":{"rendered":"<p>Du lundi 29\u00a0septembre au dimanche 5\u00a0octobre, divers travaux d\u2019entretien ou de r\u00e9novation de chauss\u00e9es seront entrepris sur le r\u00e9seau des voies rapides de l\u2019agglom\u00e9ration. Les conditions de circulation seront donc perturb\u00e9es sur plusieurs axes.<\/p>\n<p>\u25b6\u00a0\u00c0 commencer par la M6 et la M7. Le tunnel sous Fourvi\u00e8re sera totalement ferm\u00e9 dans les nuits du lundi 29\u00a0septembre au jeudi 2\u00a0octobre, de 20\u00a0h\u00a030 \u00e0 5\u00a0h le lendemain. Dans le sens Nord\/Sud, au niveau d\u2019\u00c9cully, les travaux concerneront la portion du N\u0153ud de Valvert jusqu\u2019\u00e0 Confluence (diffuseur 1.3). Dans le sens oppos\u00e9, ils s\u2019appliqueront du N\u0153ud de Pierre-B\u00e9nite jusqu\u2019au N\u0153ud de Valvert.<\/p>\n<p>  Circulation sur une voie sur les autoroutes<\/p>\n<p>Plusieurs chantiers seront \u00e9galement effectu\u00e9s sur des tron\u00e7ons d\u2019autoroute, \u00e0 chaque fois sur le cr\u00e9neau horaire 20\u00a0h\u00a030 &#8211; 6\u00a0h le lendemain.<\/p>\n<p>\u25b6 Sur l\u2019A42, le diffuseur 5 de Saint-Maurice-de-Beynost sera ferm\u00e9 dans les deux sens, le 29\u00a0septembre. Le 30\u00a0septembre, m\u00eame situation mais pour celui de Montluel (diffuseur 5.1), au niveau de La Boisse.<\/p>\n<p>\u25b6 Concernant l\u2019A6, la circulation sera r\u00e9duite \u00e0 une voie, le 29\u00a0septembre du N\u0153ud d\u2019Anse au N\u0153ud des Ch\u00e8res, et le 30\u00a0septembre du N\u0153ud des Ch\u00e8res au N\u0153ud de Limonest.<\/p>\n<p>\u25b6 Sur l\u2019A89, elle le sera aussi le mercredi 1er \u00a0octobre, de Dardilly (diffuseur 41) \u00e0 Lozanne (diffuseur 39) et le lendemain, jeudi, dans le sens oppos\u00e9.<\/p>\n<p>\u25b6 Enfin, les derniers travaux toucheront l\u2019A7, du N\u0153ud de Ternay jusqu\u2019\u00e0 Condrieu (diffuseur 10). Ils s\u2019appliqueront du lundi 29\u00a0septembre au jeudi 1er \u00a0octobre, rendant la circulation possible sur une voie seulement. La sortie 8 Chasse sera quant \u00e0 elle ferm\u00e9e dans le sens Sud-Nord du mardi au jeudi.<\/p>\n","protected":false},"excerpt":{"rendered":"Du lundi 29\u00a0septembre au dimanche 5\u00a0octobre, divers travaux d\u2019entretien ou de r\u00e9novation de chauss\u00e9es seront entrepris sur le&hellip;\n","protected":false},"author":2,"featured_media":425581,"comment_status":"","ping_status":"","sticky":false,"template":"","format":"standard","meta":{"footnotes":""},"categories":[1889],"tags":[1111,11,2430,3542,3152,2757,3153,3154,1777,674,107,1011,27,2428,12,25,2429,3151,2803],"class_list":{"0":"post-425580","1":"post","2":"type-post","3":"status-publish","4":"format-standard","5":"has-post-thumbnail","7":"category-lyon","8":"tag-actu","9":"tag-actualites","10":"tag-auvergne-rhone-alpes","11":"tag-circulation","12":"tag-edition-est-lyonnais","13":"tag-edition-lyon-villeurbanne","14":"tag-edition-ouest-lyonnais","15":"tag-edition-sud-lyonnais","16":"tag-eu","17":"tag-europe","18":"tag-fil-info","19":"tag-fr","20":"tag-france","21":"tag-lyon","22":"tag-news","23":"tag-republique-francaise","24":"tag-rhone","25":"tag-selection-de-la-redaction-69","26":"tag-transport"},"share_on_mastodon":{"url":"https:\/\/pubeurope.com\/@fr\/115286535309715492","error":""},"_links":{"self":[{"href":"https:\/\/www.europesays.com\/fr\/wp-json\/wp\/v2\/posts\/425580","targetHints":{"allow":["GET"]}}],"collection":[{"href":"https:\/\/www.europesays.com\/fr\/wp-json\/wp\/v2\/posts"}],"about":[{"href":"https:\/\/www.europesays.com\/fr\/wp-json\/wp\/v2\/types\/post"}],"author":[{"embeddable":true,"href":"https:\/\/www.europesays.com\/fr\/wp-json\/wp\/v2\/users\/2"}],"replies":[{"embeddable":true,"href":"https:\/\/www.europesays.com\/fr\/wp-json\/wp\/v2\/comments?post=425580"}],"version-history":[{"count":0,"href":"https:\/\/www.europesays.com\/fr\/wp-json\/wp\/v2\/posts\/425580\/revisions"}],"wp:featuredmedia":[{"embeddable":true,"href":"https:\/\/www.europesays.com\/fr\/wp-json\/wp\/v2\/media\/425581"}],"wp:attachment":[{"href":"https:\/\/www.europesays.com\/fr\/wp-json\/wp\/v2\/media?parent=425580"}],"wp:term":[{"taxonomy":"category","embeddable":true,"href":"https:\/\/www.europesays.com\/fr\/wp-json\/wp\/v2\/categories?post=425580"},{"taxonomy":"post_tag","embeddable":true,"href":"https:\/\/www.europesays.com\/fr\/wp-json\/wp\/v2\/tags?post=425580"}],"curies":[{"name":"wp","href":"https:\/\/api.w.org\/{rel}","templated":true}]}}