{"id":425585,"date":"2025-09-29T08:03:11","date_gmt":"2025-09-29T08:03:11","guid":{"rendered":"https:\/\/www.europesays.com\/fr\/425585\/"},"modified":"2025-09-29T08:03:11","modified_gmt":"2025-09-29T08:03:11","slug":"dans-le-val-de-marne-le-geant-du-recyclage-derichebourg-sattaque-aux-ballons-deau-chaude-et-frigidaires","status":"publish","type":"post","link":"https:\/\/www.europesays.com\/fr\/425585\/","title":{"rendered":"Dans le Val-de-Marne, le g\u00e9ant du recyclage Derichebourg s&rsquo;attaque aux ballons d&rsquo;eau chaude et frigidaires"},"content":{"rendered":"<p>            Par<br \/>\n        <strong><br \/>\n            <a href=\"https:\/\/actu.fr\/auteur\/redaction-valdemarne\" title=\"Consulter tous les articles de R\u00e9daction Val de Marne\" target=\"_blank\" rel=\"noopener\">R\u00e9daction Val de Marne<\/a><br \/>\n        <\/strong><\/p>\n<p>        Publi\u00e9 le<\/p>\n<p>            29 sept. 2025 \u00e0 9h13        <\/p>\n<p>Des tas. Lorsque l\u2019on p\u00e9n\u00e8tre un site de <a href=\"https:\/\/actu.fr\/tag\/recyclage\" target=\"_blank\" rel=\"noopener\">recyclage<\/a> tel que celui de Derichebourg en bordure de Marne \u00e0 <strong>Bonneuil-sur-Marne<\/strong> (Val-de-Marne), le visiteur voit d\u2019abord diff\u00e9rents monticules de mati\u00e8res s\u00e9par\u00e9es par des murs de b\u00e9ton : \u00ab M\u00e9taux non ferreux \u00bb, \u00ab plastiques \u00bb, etc. Tout ceci est en r\u00e9alit\u00e9 le produit fini, ou du moins la r\u00e9sultante de toutes les op\u00e9rations m\u00e9caniques qui se d\u00e9roulent \u00e0 l\u2019int\u00e9rieur. Car au sein d\u2019un large hangar, quelques op\u00e9rateurs s\u2019affairent \u00e0 prendre en charge de vieux frigos. Edouard Rosier, le responsable d\u2019exploitation du site, ne cache pas que certains arrivent jusqu\u2019ici avec encore des denr\u00e9es \u00e0 l\u2019int\u00e9rieur\u2026 Celles-ci vont finir \u00e0 la poubelle, contrairement au reste du frigidaire qui se voit \u00eatre d\u00e9mantel\u00e9 manuellement et valoris\u00e9 quasiment \u00e0 100%.<\/p>\n<p>15 000 ballons franciliens \u00e0 traiter par an<\/p>\n<p class=\" wall-content\">Une fois ce premier travail de d\u00e9molition accompli, vient l\u2019\u00e9tape la plus importante\u00a0: la d\u00e9pollution. Derichebourg retire les compresseurs, dont les moteurs baignent dans l\u2019huile. Une huile qui peut \u00eatre elle-m\u00eame charg\u00e9e en fluide frigorig\u00e8ne\u00a0: CFC, fr\u00e9on ou autre gaz que la soci\u00e9t\u00e9 de recyclage s\u2019attache \u00e0 capter et \u00e0 liqu\u00e9fier avec la plus grande minutie.<\/p>\n<p class=\" wall-content\">Pass\u00e9 le broyage, les frigos livrent plusieurs mati\u00e8res\u00a0: beaucoup de m\u00e9tal, un peu de verre et de plastiques, mais aussi des mousses qui, une fois r\u00e9duites en poudre, partent dans les cimenteries afin de contribuer \u00e0 la mont\u00e9e en temp\u00e9rature des fours.<\/p>\n<p class=\" wall-content\">Si Derichebourg prend d\u00e9j\u00e0 en charge 500 frigidaires par jour environ, l\u2019activit\u00e9 sur les ballons d\u2019eau chaude est pour le coup tout \u00e0 fait nouvelle : l\u2019unit\u00e9 de d\u00e9molition a d\u00e9marr\u00e9 au mois de juin 2025 moyennant un investissement de 25 millions d\u2019euros. Environ 15 000 tonnes de ballons franciliens devraient \u00eatre trait\u00e9es sur un an. Le processus s\u2019av\u00e8re nettement moins complexe que pour les unit\u00e9s de froid.<\/p>\n<p>Des gaz et du calcaire<\/p>\n<p class=\" wall-content\">Les ballons, stock\u00e9s en tas \u00e0 l\u2019ext\u00e9rieur, sont directement envoy\u00e9s dans un broyeur. Le peu de plastique contenu dans le ballon est s\u00e9par\u00e9 du reste par un proc\u00e9d\u00e9 \u00e9cul\u00e9. Mais la grande nouveaut\u00e9 tient en la r\u00e9cup\u00e9ration des gaz fluor\u00e9s pr\u00e9sents dans les mousses isolantes des ballons d\u2019eau chaude.<\/p>\n<p class=\" wall-content\">Ces gaz ont un pouvoir de <a href=\"https:\/\/actu.fr\/tag\/rechauffement-climatique\" target=\"_blank\" rel=\"noopener\">r\u00e9chauffement climatique<\/a> plus de 10\u00a0000 fois sup\u00e9rieur \u00e0 celui du CO2\u00a0! Afin de r\u00e9cup\u00e9rer ces gaz, l\u2019entreprise de recyclage agit comme elle le fait avec les frigidaires\u00a0: les mousses sont broy\u00e9es, l\u00e9g\u00e8rement chauff\u00e9es, le gaz est capt\u00e9 et mis \u00e0 l\u2019\u00e9tat liquide pour des raisons de praticit\u00e9.<\/p>\n<p>    <img   decoding=\"async\" loading=\"lazy\" src=\"https:\/\/www.europesays.com\/fr\/wp-content\/uploads\/2025\/09\/img-7093-960x640.jpg\" alt=\"Au sein d\u2019un large hangar, quelques op\u00e9rateurs s\u2019affairent \u00e0 prendre en charge de vieux frigos\" width=\"960\" height=\"640\"\/><br \/>\n    Au sein d\u2019un large hangar, quelques op\u00e9rateurs s\u2019affairent \u00e0 prendre en charge de vieux frigos (\u00a9Arnaud Murati)<\/p>\n<p>Votre r\u00e9gion, votre actu !<\/p>\n<p>Recevez chaque jour les infos qui comptent pour vous.<\/p>\n<p>\t<a href=\"https:\/\/actu.fr\/newsletter\" class=\"ac-btn ac-btn--corner ac-btn--medium ac-btn--blue800\" target=\"_blank\" rel=\"noopener\">S&rsquo;incrire<\/a><\/p>\n<p class=\" wall-content\">Demeure tout de m\u00eame un souci avec les ballons\u00a0: le calcaire\u00a0! L\u2019affaire est d\u2019autant plus sensible que l\u2019eau est notoirement calcaire en Ile-de-France. Derichebourg a donc \u00e9t\u00e9 contraint de mettre au point un processus pour s\u00e9parer le calcaire du m\u00e9tal. Une fois extrait, celui-ci est ensuite valoris\u00e9 pour faire des routes.<\/p>\n<p class=\" wall-content\">Selon Derichebourg, le fait de d\u00e9manteler les ballons d\u2019eau chaude dans les r\u00e8gles de l\u2019art permettrait d\u2019\u00e9conomiser l\u2019\u00e9mission de 2,3 tonnes de CO2 par tonne de ballons trait\u00e9s chaque ann\u00e9e.<\/p>\n<p class=\" wall-content\"><strong>Arnaud Murati<\/strong><\/p>\n<p class=\" wall-content\">Personnalisez votre actualit\u00e9 en ajoutant vos villes et m\u00e9dias en favori avec <a href=\"https:\/\/moncompte.actu.fr\" title=\"D\u00e9couvez Mon Actu\" rel=\"nofollow noopener\" data-trk=\"{&quot;cta&quot;:{&quot;action&quot;:&quot;https:\\\/\\\/moncompte.actu.fr&quot;,&quot;category&quot;:&quot;mon compte&quot;,&quot;from&quot;:&quot;article footer&quot;,&quot;name&quot;:&quot;Mon actu&quot;,&quot;type&quot;:&quot;cta&quot;}}\" target=\"_blank\">Mon Actu<\/a>.<\/p>\n","protected":false},"excerpt":{"rendered":"Par R\u00e9daction Val de Marne Publi\u00e9 le 29 sept. 2025 \u00e0 9h13 Des tas. Lorsque l\u2019on p\u00e9n\u00e8tre un&hellip;\n","protected":false},"author":2,"featured_media":425586,"comment_status":"","ping_status":"","sticky":false,"template":"","format":"standard","meta":{"footnotes":""},"categories":[1592],"tags":[1111,11,33,1777,674,1011,27,662,12,626,1800,3887,25,216],"class_list":{"0":"post-425585","1":"post","2":"type-post","3":"status-publish","4":"format-standard","5":"has-post-thumbnail","7":"category-ile-de-france","8":"tag-actu","9":"tag-actualites","10":"tag-economie","11":"tag-eu","12":"tag-europe","13":"tag-fr","14":"tag-france","15":"tag-ile-de-france","16":"tag-news","17":"tag-paris","18":"tag-pollution","19":"tag-recyclage","20":"tag-republique-francaise","21":"tag-vie-des-entreprises"},"share_on_mastodon":{"url":"https:\/\/pubeurope.com\/@fr\/115286547123402767","error":""},"_links":{"self":[{"href":"https:\/\/www.europesays.com\/fr\/wp-json\/wp\/v2\/posts\/425585","targetHints":{"allow":["GET"]}}],"collection":[{"href":"https:\/\/www.europesays.com\/fr\/wp-json\/wp\/v2\/posts"}],"about":[{"href":"https:\/\/www.europesays.com\/fr\/wp-json\/wp\/v2\/types\/post"}],"author":[{"embeddable":true,"href":"https:\/\/www.europesays.com\/fr\/wp-json\/wp\/v2\/users\/2"}],"replies":[{"embeddable":true,"href":"https:\/\/www.europesays.com\/fr\/wp-json\/wp\/v2\/comments?post=425585"}],"version-history":[{"count":0,"href":"https:\/\/www.europesays.com\/fr\/wp-json\/wp\/v2\/posts\/425585\/revisions"}],"wp:featuredmedia":[{"embeddable":true,"href":"https:\/\/www.europesays.com\/fr\/wp-json\/wp\/v2\/media\/425586"}],"wp:attachment":[{"href":"https:\/\/www.europesays.com\/fr\/wp-json\/wp\/v2\/media?parent=425585"}],"wp:term":[{"taxonomy":"category","embeddable":true,"href":"https:\/\/www.europesays.com\/fr\/wp-json\/wp\/v2\/categories?post=425585"},{"taxonomy":"post_tag","embeddable":true,"href":"https:\/\/www.europesays.com\/fr\/wp-json\/wp\/v2\/tags?post=425585"}],"curies":[{"name":"wp","href":"https:\/\/api.w.org\/{rel}","templated":true}]}}