{"id":425587,"date":"2025-09-29T08:04:11","date_gmt":"2025-09-29T08:04:11","guid":{"rendered":"https:\/\/www.europesays.com\/fr\/425587\/"},"modified":"2025-09-29T08:04:11","modified_gmt":"2025-09-29T08:04:11","slug":"que-faire-avec-les-enfants-cette-semaine-du-29","status":"publish","type":"post","link":"https:\/\/www.europesays.com\/fr\/425587\/","title":{"rendered":"Que faire avec les enfants cette semaine du 29"},"content":{"rendered":"<p>\n  L&rsquo;automne pointe franchement le bout de son nez. Mais on ne c\u00e8de pas \u00e0 la morosit\u00e9, et on entame ce mois d&rsquo;octobre du bon pied\u00a0! Au programme\u00a0: des ateliers et des rencontres passionnantes avec la F\u00eate de la science, un week-end anniversaire \u00e0 ne pas rater au mus\u00e9e de l&rsquo;Homme ou une s\u00e9ance de cin\u00e9 en famille pour les nostalgiques.\n<\/p>\n<p>  Coup de coeur<\/p>\n<p>  On f\u00eate la science<\/p>\n<p>\n  Du 3 au 13 octobre, Paris c\u00e9l\u00e8bre la F\u00eate de la science et s&rsquo;int\u00e9resse aux diff\u00e9rentes formes d&rsquo;intelligences. Au programme\u00a0: des ateliers pour d\u00e9couvrir, exp\u00e9rimenter et s&rsquo;amuser\u2026 De quoi activer les neurones des petits de 3 ans jusqu&rsquo;aux ados de 16 ans. <strong>En famille<\/strong>\n<\/p>\n<p>  Rendez-vous<\/p>\n<p>  On c\u00e9l\u00e8bre les 10 ans du mus\u00e9e de l&rsquo;Homme<\/p>\n<p>\n  Le mus\u00e9e de l&rsquo;Homme f\u00eate les dix ans de sa r\u00e9ouverture\u00a0! Le temps d&rsquo;un week-end en famille, on fait un bond dans l&rsquo;histoire avec des animations, des rencontres, des exp\u00e9riences et des visites in\u00e9dites. \u00c0 l\u2019occasion de cet anniversaire, le mus\u00e9e d\u00e9voilera un tout nouvel espace\u00a0: une immersion ludique et interactive dans la vie des familles pr\u00e9historiques. Enfin, Ariol le c\u00e9l\u00e8bre petit \u00e2ne cr\u00e9e par Marc Boutavant nous accompagnera tout au long de ce week-end plein de surprises\u00a0! <strong>En famille<\/strong>\n<\/p>\n<p>  On d\u00e9vore la litt\u00e9rature \u00e9cologique<\/p>\n<p>\n  Des livres qui parlent de la nature, d&rsquo;\u00e9cologie\u2026 \u00c0 l&rsquo;Acad\u00e9mie du Climat (Paris Centre), durant deux jours, les enfants ont aussi leur festival du livre d&rsquo;\u00e9cologie\u00a0! \u00c0 travers des rencontres d\u2019auteurs et d&rsquo;autrices, des ateliers cr\u00e9atifs, des rencontres, des d\u00e9dicaces, et des jeux, ils sont, d\u00e8s le plus jeune \u00e2ge, sensibilis\u00e9s \u00e0 la question de la pr\u00e9servation de la plan\u00e8te. <strong>D\u00e8s 2 ans <\/strong>\n<\/p>\n<p>  On passe le week-end chez Honor\u00e9<\/p>\n<p>\n  Nich\u00e9e sur les coteaux de Passy, la maison de Balzac (16e) est la seule des demeures parisiennes du romancier, qui subsiste encore. On peut d&rsquo;ailleurs y d\u00e9couvrir son bureau o\u00f9 il a construit l&rsquo;ensemble de La Com\u00e9die humaine. \u00c0 l&rsquo;occasion des Week-ends en famille, on p\u00e9n\u00e8tre dans l&rsquo;univers du romancier en jouant au jeu des m\u00e9tiers autour des personnages balzaciens, on participe, avec l\u2019autrice Julie Abecassis, \u00e0 une course \u00e0 l&rsquo;\u00e9criture parent-enfant. Enfin, on terminera en douceur avec une version cont\u00e9e des chefs-d\u2019\u0153uvre de la litt\u00e9rature fran\u00e7aise. <strong>En famille<\/strong>\n<\/p>\n<p>  Nature<\/p>\n<p>  On se rapproche des animaux<\/p>\n<p>\n  Chiens, chats, hamsters\u2026 Vous craquez devant toutes ces petites b\u00eates \u00e0 poil\u00a0? Alors direction le Parc de Bercy (14e) pour la nouvelle \u00e9dition de la f\u00eate de l&rsquo;animal en ville. \u00c0 travers des rencontres et des \u00e9changes avec les associations sp\u00e9cialis\u00e9es autour de th\u00e9matiques telles que le bien-\u00eatre animal ou les droits des animaux, les animaux qui partagent au quotidien la vie des Parisiennes et des Parisiens seront \u00e0 l&rsquo;honneur. On pourra m\u00eame se faire tirer le portrait avec son fid\u00e8le compagnon dans un studio photo\u00a0! <strong>En famille<\/strong>\n<\/p>\n<p>  On s&rsquo;int\u00e9resse aux escargots<\/p>\n<p>\n  Il est visqueux et lent\u2026et destest\u00e9 de tous les jardiniers\u2026 J&rsquo;ai nomm\u00e9 l&rsquo;escargot\u00a0! Et si on faisait plus ample connaissance avec ce mollusque mal-aim\u00e9\u00a0? Catherine Abdulqawi nous emm\u00e8ne dans le bois de Vincennes (12e), \u00e0 la rencontre des mollusques parisiens d&rsquo;hier et d&rsquo;aujourd&rsquo;hui, elle en profitera pour \u00e9voquer la g\u00e9ologie du Bassin Parisien. <strong>D\u00e8s 8 ans<\/strong>\n<\/p>\n<p>  Spectacles et musique<\/p>\n<p>  On tape du pied<\/p>\n<p>\n  Dans le cadre feutr\u00e9 du Sunset Sunside (Paris Centre), temple jazzy parisien, les petits curieux sont invit\u00e9s \u00e0 s&rsquo;installer confortablement sous les vo\u00fbtes en pierre, tout proches de la sc\u00e8ne, pour un Jazz &amp; Go\u00fbter d\u00e9di\u00e9 aux plus belles chansons de Disney. Des Aristochats \u00e0 Aladdin, les enfants d\u00e9couvrent de la musique live\u2026 en se r\u00e9galant\u00a0! <strong>D\u00e8s 3 ans<\/strong>\n<\/p>\n<p>  On engage la r\u00e9bellion<\/p>\n<p>\n  \u00ab\u00a0Chez Raymonde\u00a0\u00bb, la r\u00e9volte gronde\u2026! Ce petit caf\u00e9, perdu dans la campagne bretonne, est menac\u00e9 de destruction. Mais c&rsquo;\u00e9tait sans compter l&rsquo;esprit revendicatif du patron et des habitu\u00e9s\u2026 Entre coups bas politiques et solidarit\u00e9 populaire, c&rsquo;est la com\u00e9die \u00e0 ne pas manquer cet automne\u00a0! Port\u00e9e par une troupe enthousiaste de com\u00e9diens talentueux, cela devrait s\u00e9duire les plus grands\u00a0! <strong>\u00c0 partir de 10 ans<\/strong>\n<\/p>\n<p>  Cin\u00e9ma<\/p>\n<p>  On se fait un Cin\u00e9 Darons<\/p>\n<p>\n  Avis aux nostalgiques\u00a0! Les Cin\u00e9 Darons sont de retour\u00a0! \u00c0 nous\u00a0: le film en version fran\u00e7aise, les ouvreurs et leurs paniers de bonbons d\u2019antan (Popcorn Baff, Chocoletti, Merveilles du monde, Michoko), les publicit\u00e9s des ann\u00e9es 80-90\u2026 De quoi faire d\u00e9couvrir \u00e0 notre prog\u00e9niture le bon vieux temps\u00a0! C\u00f4t\u00e9 grand \u00e9cran, c&rsquo;est le grand Indiana Jones qui nous r\u00e9galera dans un cocktail parfait d\u2019humour et d\u2019action haletante\u00a0! <strong>D\u00e8s 7 ans<\/strong>\n<\/p>\n<p>  On voyage avec Ernest et C\u00e9lestine<\/p>\n<p>\n  La biblioth\u00e8que Benoite Groult (14e) vous offre une soir\u00e9e cin\u00e9\u00a0! On retrouve Ernest, papa ours au c\u0153ur tendre, et C\u00e9lestine, petite souris espi\u00e8gle dans de nouvelles aventures qui les m\u00e8neront jusqu&rsquo;en Charabie, le pays d&rsquo;Ernest. Ils d\u00e9couvrent alors que la musique est bannie dans tout le pays depuis plusieurs ann\u00e9es. Pour nos deux h\u00e9ros, il est impensable de vivre sans musique\u2026 <strong>D\u00e8s 5 ans<\/strong>\n<\/p>\n<p>  Activit\u00e9s et ateliers<\/p>\n<p>  On parle le chien<\/p>\n<p>\n  C&rsquo;est connu, le chien est le meilleur ami de l&rsquo;homme\u00a0! Et nos toutous n&rsquo;h\u00e9sitent pas \u00e0 nous le faire savoir. Alors pour \u00eatre incollable sur le langage canin, on participe \u00e0 un atelier pour communiquer avec nos fid\u00e8les compagnons. \u00c0 travers des jeux et mises en situation, un \u00e9ducateur canin, accompagn\u00e9 de deux chiens complices nous aidera \u00e0 comprendre comment les chiens s\u2019expriment, et \u00e0 adopter les bons comportements au quotidien. <strong>D\u00e8s 6 ans<\/strong>\n<\/p>\n<p>  On cr\u00e9e son h\u00e9ros mythologique<\/p>\n<p>\n  Les petits cr\u00e9atifs auront de quoi s&rsquo;occuper ce week-end avec chouette atelier au mus\u00e9e Bourdelle (15e). Accompagn\u00e9s d&rsquo;un parent, les enfants d\u00e9couvriront les grandes figures de la mythologie qui peuplent l\u2019univers de Bourdelle (H\u00e9rakl\u00e8s, P\u00e9n\u00e9lope, P\u00e9gase..) et s\u2019initieront \u00e0 la technique du modelage en r\u00e9alisant une sculpture en argile d\u2019un personnage mythologique de leur choix. <strong>D\u00e8s 6 ans<\/strong>\n<\/p>\n<p>        Des mercredis, des week-ends et des vacances bien remplis avec la newsletter Enfants\u00a0!<\/p>\n<p>\n      Default Confirmation Text<br \/>\n      <br \/>Settings Text Html\n    <\/p>\n","protected":false},"excerpt":{"rendered":"L&rsquo;automne pointe franchement le bout de son nez. Mais on ne c\u00e8de pas \u00e0 la morosit\u00e9, et on&hellip;\n","protected":false},"author":2,"featured_media":425588,"comment_status":"","ping_status":"","sticky":false,"template":"","format":"standard","meta":{"footnotes":""},"categories":[1888],"tags":[1111,1928,11,1927,1777,674,1011,27,12,1926,626,1925,25],"class_list":{"0":"post-425587","1":"post","2":"type-post","3":"status-publish","4":"format-standard","5":"has-post-thumbnail","7":"category-paris","8":"tag-actu","9":"tag-actu-paris","10":"tag-actualites","11":"tag-actualites-paris","12":"tag-eu","13":"tag-europe","14":"tag-fr","15":"tag-france","16":"tag-news","17":"tag-news-paris","18":"tag-paris","19":"tag-paris-news","20":"tag-republique-francaise"},"share_on_mastodon":{"url":"https:\/\/pubeurope.com\/@fr\/115286551290146212","error":""},"_links":{"self":[{"href":"https:\/\/www.europesays.com\/fr\/wp-json\/wp\/v2\/posts\/425587","targetHints":{"allow":["GET"]}}],"collection":[{"href":"https:\/\/www.europesays.com\/fr\/wp-json\/wp\/v2\/posts"}],"about":[{"href":"https:\/\/www.europesays.com\/fr\/wp-json\/wp\/v2\/types\/post"}],"author":[{"embeddable":true,"href":"https:\/\/www.europesays.com\/fr\/wp-json\/wp\/v2\/users\/2"}],"replies":[{"embeddable":true,"href":"https:\/\/www.europesays.com\/fr\/wp-json\/wp\/v2\/comments?post=425587"}],"version-history":[{"count":0,"href":"https:\/\/www.europesays.com\/fr\/wp-json\/wp\/v2\/posts\/425587\/revisions"}],"wp:featuredmedia":[{"embeddable":true,"href":"https:\/\/www.europesays.com\/fr\/wp-json\/wp\/v2\/media\/425588"}],"wp:attachment":[{"href":"https:\/\/www.europesays.com\/fr\/wp-json\/wp\/v2\/media?parent=425587"}],"wp:term":[{"taxonomy":"category","embeddable":true,"href":"https:\/\/www.europesays.com\/fr\/wp-json\/wp\/v2\/categories?post=425587"},{"taxonomy":"post_tag","embeddable":true,"href":"https:\/\/www.europesays.com\/fr\/wp-json\/wp\/v2\/tags?post=425587"}],"curies":[{"name":"wp","href":"https:\/\/api.w.org\/{rel}","templated":true}]}}