{"id":425589,"date":"2025-09-29T08:05:10","date_gmt":"2025-09-29T08:05:10","guid":{"rendered":"https:\/\/www.europesays.com\/fr\/425589\/"},"modified":"2025-09-29T08:05:10","modified_gmt":"2025-09-29T08:05:10","slug":"sphere-paris-fashion-week-2025-au-palais-de-tokyo","status":"publish","type":"post","link":"https:\/\/www.europesays.com\/fr\/425589\/","title":{"rendered":"Sph\u00e8re Paris Fashion Week 2025 au Palais de Tokyo"},"content":{"rendered":"<p><b>Le <\/b>showroom Sph\u00e8re Paris Fashion Week\u00ae s\u2019impose en 2025 comme la plateforme incontournable pour les jeunes cr\u00e9ateurs. Du 1er au 7 octobre, la session f\u00e9minine Printemps-\u00c9t\u00e9 2026 r\u00e9unira au Palais de Tokyo une s\u00e9lection de marques \u00e9mergentes et confirm\u00e9es, mixant pr\u00e9sentiel et digital via Le New Black et Grand Shooting. Derri\u00e8re son apparente sobri\u00e9t\u00e9, cet \u00e9v\u00e9nement rec\u00e8le une influence strat\u00e9gique dans l\u2019\u00e9cosyst\u00e8me mode parisien.<\/p>\n<p>Un tremplin confirm\u00e9 pour la jeune cr\u00e9ation<\/p>\n<p>Depuis son lancement en janvier 2020 sous l\u2019impulsion de la <strong>F\u00e9d\u00e9ration de la Haute Couture et de la Mode<\/strong>, Sph\u00e8re Paris Fashion Week\u00ae s\u2019impose comme un dispositif unique de mise en lumi\u00e8re. Sa mission : s\u00e9lectionner des marques sur la base de leur cr\u00e9ativit\u00e9 et de leur potentiel de d\u00e9veloppement. Install\u00e9 au Palais de Tokyo, ce showroom repr\u00e9sente un tremplin sans \u00e9quivalent pour les labels \u00e9mergents.<\/p>\n<p>L\u2019\u00e9dition d\u2019octobre 2025 se distingue par son m\u00e9lange d\u2019initiatives audacieuses et de marques d\u00e9j\u00e0 applaudies en session masculine. L\u2019int\u00e9gration d\u2019une version digitale sur invitation, soutenue par Le New Black et Grand Shooting, renforce sa dimension hybride, adapt\u00e9e aux \u00e9volutions du secteur post-pand\u00e9mie.<\/p>\n<p>Une plateforme hybride et s\u00e9lective<\/p>\n<p>D\u00e8s sa conception, le projet a b\u00e9n\u00e9fici\u00e9 d\u2019un solide appui institutionnel avec <strong>DEFI<\/strong> et L\u2019Or\u00e9al Paris. Leur soutien garantit une stabilit\u00e9 organisationnelle mais aussi une ouverture internationale au showroom. Quelques semaines apr\u00e8s la c\u00e9l\u00e9bration de ses cinq ans en juin 2025, o\u00f9 sept marques innovantes furent pr\u00e9sent\u00e9es, cette session confirme la capacit\u00e9 de Sph\u00e8re \u00e0 rester une vitrine agile.<\/p>\n<p>Les visiteurs professionnels comme les acheteurs invit\u00e9s via la plateforme digitale acc\u00e8dent \u00e0 une exp\u00e9rience coordonn\u00e9e. En rendant l\u2019\u00e9v\u00e9nement \u00e0 la fois physique et digital, les organisateurs d\u00e9montrent une anticipation des besoins du march\u00e9 et une compr\u00e9hension profonde de la transformation des Fashion Weeks parisiennes.<\/p>\n<p>Les marques et signatures \u00e0 suivre<\/p>\n<p>Parmi les participants, certaines signatures font d\u00e9j\u00e0 parler d\u2019elles pour leurs collections sophistiqu\u00e9es et leur regard sur la pluralit\u00e9 des styles parisiens. D\u2019autres, comme J.Simone ou Riz Poli, profitent ici de leur toute premi\u00e8re exposition via le programme. Les initi\u00e9s savent que ces apparitions marquent souvent le d\u00e9but d\u2019une ascension d\u00e9cisive vers le calendrier officiel.<\/p>\n<p>La s\u00e9lection repose sur un \u00e9quilibre entre rigueur de conception et audace esth\u00e9tique. Contrairement aux initiatives plus commerciales, Sph\u00e8re renforce l\u2019id\u00e9e que <strong>Paris<\/strong> reste le lieu o\u00f9 se dessinent les futures tendances mondiales de la mode. Ce choix curat\u00e9 souligne l\u2019autorit\u00e9 internationale de la FHCM dans le visibilisation des jeunes talents.<\/p>\n<blockquote>\n<p>\u00ab Sph\u00e8re s\u2019inscrit dans sa politique de soutien \u00e0 la jeune cr\u00e9ation et rassemble un ensemble de marques s\u00e9lectionn\u00e9es pour leur cr\u00e9ativit\u00e9 et leur potentiel de d\u00e9veloppement. \u00bb \u2014 F\u00e9d\u00e9ration de la Haute Couture et de la Mode, 2025<\/p>\n<\/blockquote>\n<p>L\u2019\u00e9cho culturel et \u00e9conomique<\/p>\n<p>Les professionnels du secteur admettent que la pr\u00e9sence au showroom constitue d\u00e9j\u00e0 un gage de reconnaissance. Recevoir une invitation \u00e0 Sph\u00e8re, c\u2019est obtenir un acc\u00e8s privil\u00e9gi\u00e9 \u00e0 des labels tri\u00e9s sur le volet, souvent absents des circuits classiques. Cette raret\u00e9 ajoute \u00e0 l\u2019aura de l\u2019\u00e9v\u00e9nement et suscite un effet d\u2019attente parmi acheteurs et journalistes.<\/p>\n<p>La dimension \u00e9conomique se traduit aussi par un accompagnement pratique : partenariats presse, shootings et connectivit\u00e9 digitale. Depuis la session Homme Automne\/Hiver 2025-26, ce mod\u00e8le hybride s\u2019est impos\u00e9 comme preuve que le showroom ne se limite plus \u00e0 l\u2019exposition physique.<\/p>\n<blockquote>\n<p>\u00ab Le showroom est un tremplin pour les marques invit\u00e9es au calendrier officiel ou r\u00e9compens\u00e9es par un prix, s\u00e9lectionn\u00e9es pour leur potentiel. \u00bb \u2014 Modemonline, janvier 2025<\/p>\n<\/blockquote>\n<p>Une vitrine strat\u00e9gique pour Paris<\/p>\n<p>L\u2019\u00e9dition d\u2019octobre 2025 refl\u00e8te une tendance durable : Paris confirme son r\u00f4le moteur qui d\u00e9passe la simple image \u00e9v\u00e9nementielle. En associant Palais de Tokyo et showroom digital, la FHCM associe prestige, accessibilit\u00e9 et innovation. Ces conditions offrent \u00e0 plusieurs cr\u00e9ateurs la consolidation d\u2019un r\u00e9seau international.<\/p>\n<p>Notre analyse d\u00e9montre que la s\u00e9lection de chaque marque repose sur une coh\u00e9rence cr\u00e9ative et un potentiel d\u2019export. Depuis notre derni\u00e8re visite, l\u2019exp\u00e9rience a gagn\u00e9 en sc\u00e9nographie et en coordination digitale, donnant aux acheteurs un aper\u00e7u renforc\u00e9 de la diversit\u00e9 cr\u00e9ative.<\/p>\n<p>La stabilit\u00e9 des partenariats priv\u00e9s et institutionnels contribue \u00e0 fiabiliser l\u2019\u00e9v\u00e9nement. L\u2019absence de controverse ou d\u2019annulation confirme que Sph\u00e8re devient une valeur s\u00fbre du calendrier, alors que d\u2019autres initiatives peinent parfois \u00e0 s\u00e9duire.<\/p>\n<p>Ce rendez-vous, d\u00e9j\u00e0 relay\u00e9 par des m\u00e9dias sp\u00e9cialis\u00e9s comme Modemonline ou Numero, s\u2019impose ainsi comme une \u00e9tape strat\u00e9gique dans le parcours des jeunes cr\u00e9ateurs. C\u2019est cette validation symbolique qui explique l\u2019attrait croissant du showroom aupr\u00e8s des marques en qu\u00eate de l\u00e9gitimit\u00e9.<\/p>\n<p>Informations pratiques<\/p>\n<p><strong>Adresse<\/strong> : Palais de Tokyo, 13 avenue du Pr\u00e9sident Wilson, 75116 Paris. <strong>M\u00e9tro<\/strong> : I\u00e9na (ligne 9), Alma-Marceau (ligne 9), Trocad\u00e9ro (lignes 6 et 9). <strong>Dates<\/strong> : du 1er au 7 octobre 2025. <strong>Acc\u00e8s<\/strong> : sur invitation, showroom professionnel et digital. Site officiel : <a href=\"https:\/\/www.fhcm.paris\/fr\/paris-fashion-week\" rel=\"nofollow noopener\" target=\"_blank\">FHCM Paris Fashion Week<\/a>.<\/p>\n<p><strong>Horaires<\/strong> : 10h \u00e0 18h en continu. <strong>Public concern\u00e9<\/strong> : professionnels de la mode, acheteurs, m\u00e9dias. La version digitale reste accessible via plateforme s\u00e9curis\u00e9e.<\/p>\n","protected":false},"excerpt":{"rendered":"Le showroom Sph\u00e8re Paris Fashion Week\u00ae s\u2019impose en 2025 comme la plateforme incontournable pour les jeunes cr\u00e9ateurs. Du&hellip;\n","protected":false},"author":2,"featured_media":425590,"comment_status":"","ping_status":"","sticky":false,"template":"","format":"standard","meta":{"footnotes":""},"categories":[1888],"tags":[1111,1928,11,1927,1777,674,1011,27,12,1926,626,1925,25],"class_list":{"0":"post-425589","1":"post","2":"type-post","3":"status-publish","4":"format-standard","5":"has-post-thumbnail","7":"category-paris","8":"tag-actu","9":"tag-actu-paris","10":"tag-actualites","11":"tag-actualites-paris","12":"tag-eu","13":"tag-europe","14":"tag-fr","15":"tag-france","16":"tag-news","17":"tag-news-paris","18":"tag-paris","19":"tag-paris-news","20":"tag-republique-francaise"},"share_on_mastodon":{"url":"https:\/\/pubeurope.com\/@fr\/115286554909014450","error":""},"_links":{"self":[{"href":"https:\/\/www.europesays.com\/fr\/wp-json\/wp\/v2\/posts\/425589","targetHints":{"allow":["GET"]}}],"collection":[{"href":"https:\/\/www.europesays.com\/fr\/wp-json\/wp\/v2\/posts"}],"about":[{"href":"https:\/\/www.europesays.com\/fr\/wp-json\/wp\/v2\/types\/post"}],"author":[{"embeddable":true,"href":"https:\/\/www.europesays.com\/fr\/wp-json\/wp\/v2\/users\/2"}],"replies":[{"embeddable":true,"href":"https:\/\/www.europesays.com\/fr\/wp-json\/wp\/v2\/comments?post=425589"}],"version-history":[{"count":0,"href":"https:\/\/www.europesays.com\/fr\/wp-json\/wp\/v2\/posts\/425589\/revisions"}],"wp:featuredmedia":[{"embeddable":true,"href":"https:\/\/www.europesays.com\/fr\/wp-json\/wp\/v2\/media\/425590"}],"wp:attachment":[{"href":"https:\/\/www.europesays.com\/fr\/wp-json\/wp\/v2\/media?parent=425589"}],"wp:term":[{"taxonomy":"category","embeddable":true,"href":"https:\/\/www.europesays.com\/fr\/wp-json\/wp\/v2\/categories?post=425589"},{"taxonomy":"post_tag","embeddable":true,"href":"https:\/\/www.europesays.com\/fr\/wp-json\/wp\/v2\/tags?post=425589"}],"curies":[{"name":"wp","href":"https:\/\/api.w.org\/{rel}","templated":true}]}}