{"id":425593,"date":"2025-09-29T08:08:10","date_gmt":"2025-09-29T08:08:10","guid":{"rendered":"https:\/\/www.europesays.com\/fr\/425593\/"},"modified":"2025-09-29T08:08:10","modified_gmt":"2025-09-29T08:08:10","slug":"jo-paris-2024-la-cour-des-comptes-estime-le-cout-a-trois-fois-plus-que-prevu-mais-salue-une-organisation-sans-incident","status":"publish","type":"post","link":"https:\/\/www.europesays.com\/fr\/425593\/","title":{"rendered":"JO Paris 2024 : la Cour des comptes estime le co\u00fbt \u00e0 trois fois plus que pr\u00e9vu mais salue \u00ab une organisation sans incident \u00bb"},"content":{"rendered":"<p class=\"paragraph text_align_left lp-f-body-02\">Une livraison des installations sans retard ; un d\u00e9roulement des JO sans \u00ab aucun incident majeur \u00bb ; un engouement international (5 Mds de t\u00e9l\u00e9spectateurs) et populaire ; des objectifs sportifs atteints ; des \u00ab avanc\u00e9es notables \u00bb sur les aspects sociaux, de durabilit\u00e9 ou d\u2019accessibilit\u00e9\u2026 Selon les conclusions d\u2019un rapport de la Cour des comptes, les Jeux olympiques de Paris 2024 sont un sujet de satisfaction \u00bb.<\/p>\n<p class=\"paragraph text_align_left lp-f-body-02\">Ils ont n\u00e9anmoins n\u00e9cessit\u00e9 \u00ab une forte mobilisation de d\u00e9penses publiques \u00bb, toujours selon la Cour : 3,02 Md\u20ac pour les d\u00e9penses d\u2019organisation et \u00e0 3,63 Md\u20ac pour les d\u00e9penses d\u2019infrastructures. Un montant qui figurait d\u00e9j\u00e0 dans la <a href=\"https:\/\/www.leparisien.fr\/sports\/JO\/de-2-a-6-milliards-les-jo-ont-coute-trois-plus-cher-que-prevu-selon-la-cour-des-comptes-paris-2024-conteste-23-06-2025-CYXBOYRPVRH2ZMB2EKL4D5EPBM.php?ts=1759072976270\" target=\"_self\" rel=\"noopener\">note d\u2019\u00e9tape<\/a> publi\u00e9e en juin 2025, et que la Cour n\u2019a pas modifi\u00e9, malgr\u00e9 les protestations de Paris 2024. <\/p>\n<p class=\"paragraph text_align_left lp-f-body-02\">Le comit\u00e9 d\u2019organisation, d\u00e9sormais dissout, \u00e9value les d\u00e9penses \u00e0 trois fois moins. \u00ab La Cour int\u00e8gre dans ce calcul des recettes qui ne constituent pas un financement public li\u00e9 aux Jeux de Paris 2024 \u00bb, rel\u00e8ve ainsi Tony Estanguet dans un courrier adress\u00e9 \u00e0 Pierre Moscovici, Premier pr\u00e9sident de la Cour des comptes. <\/p>\n<p class=\"paragraph text_align_left lp-f-body-02\">\u00ab Certaines d\u00e9penses, qui existaient avant l\u2019\u00e9v\u00e9nement et qui se poursuivront apr\u00e8s, ne peuvent en aucun cas \u00eatre imput\u00e9es aux Jeux de Paris \u00bb, estime l\u2019ancien patron des Jeux. Il pointe notamment les dispositifs li\u00e9s \u00e0 la haute performance ou les montants engag\u00e9s par France T\u00e9l\u00e9visions, \u00ab diffuseur historique des Jeux, et qui continuera \u00e0 les diffuser apr\u00e8s l\u2019\u00e9dition parisienne \u00bb.<\/p>\n<p class=\"paragraph text_align_left lp-f-body-02\">Paris 2024 conteste \u00e9galement le fait que la Cour ait ajout\u00e9 \u00e0 la facture le financement de projets n\u00e9s avant les JO, comme des travaux sur certaines lignes de m\u00e9tro, ou des co\u00fbts d\u2019am\u00e9nagements urbains (\u00e9coles, cr\u00e8ches, enfouissement des lignes haute tension\u2026), qui figurent effectivement dans la maquette de la Solideo, qui a supervis\u00e9 tous les chantiers, mais qui n\u2019ont pas \u00e9t\u00e9 financ\u00e9s avec le budget des Jeux.<\/p>\n<p>La question des retomb\u00e9es \u00e9conomiques<\/p>\n<p class=\"paragraph text_align_left lp-f-body-02\">\u00ab \u00c0 travers ses choix m\u00e9thodologiques, la Cour s\u2019est refus\u00e9e \u00e0 examiner la seule question qui permettrait valablement d\u2019\u00e9clairer le d\u00e9bat public : quel montant aurait \u00e9t\u00e9 \u00e9conomis\u00e9 par les finances publiques si les Jeux ne s\u2019\u00e9taient pas tenus \u00e0 Paris ?, souligne Tony Estanguet. Il est incontestable que ce montant serait sans commune mesure avec les 6 Md\u20ac aujourd\u2019hui pr\u00e9sent\u00e9s par la Cour. Le comit\u00e9 d\u2019organisation estime pour sa part que ce chiffre ne d\u00e9passe pas 2 Md\u20ac, quand par ailleurs les retomb\u00e9es \u00e9conomiques attendues des Jeux repr\u00e9sentent 3 \u00e0 5 fois ce montant. \u00bb<\/p>\n<p class=\"paragraph text_align_left lp-f-body-02\">Si la Cour n\u2019a pas souhait\u00e9 tenir compte des remarques de Paris 2024, elle note toutefois qu\u2019une \u00ab comparaison avec les Jeux de Londres, organis\u00e9s en 2012, sugg\u00e8re que l\u2019\u00e9dition 2024 a \u00e9t\u00e9 moins co\u00fbteuse pour les finances publiques dans un rapport d\u2019au moins 1 \u00e0 2. \u00bb <\/p>\n<p class=\"paragraph text_align_left lp-f-body-02\">Concernant les retomb\u00e9es, la Cour se montre prudente : \u00ab L\u2019examen de l\u2019impact des Jeux sur l\u2019activit\u00e9 \u00e9conomique, dans la limite des donn\u00e9es disponibles, indique que leurs retomb\u00e9es demeurent modestes, tant durant la phase de pr\u00e9paration, marqu\u00e9e par une forte hausse des prix, que pendant leur d\u00e9roulement, marqu\u00e9 par des effets d\u2019\u00e9viction du tourisme habituel et des effets de bord li\u00e9s aux perturbations dans les zones d\u2019accueil des comp\u00e9titions \u00bb.<\/p>\n<p class=\"paragraph text_align_left lp-f-body-02\">M\u00eame prudence \u00e0 plus long terme. \u00ab Moins d\u2019un an apr\u00e8s les Jeux, il est encore trop t\u00f4t pour \u00e9valuer les retomb\u00e9es li\u00e9es \u00e0 l\u2019\u00ab effet image \u00bb pour la France. Les effets \u00e9conomiques attendus \u00e0 moyen et long terme des Jeux de Paris 2024 doivent \u00eatre consid\u00e9r\u00e9s avec prudence \u00bb, \u00e9crit ainsi la Cour, moins dithyrambique que Paris 2024, qui a<a href=\"https:\/\/www.leparisien.fr\/jo-paris-2024\/jo-paris-2024-infrastructures-tourisme-organisation-les-jeux-pourraient-rapporter-gros-a-lile-de-france-14-05-2024-HYKUYJKBPZBC5M2EUBJ7EZ4PBM.php\" target=\"_self\" rel=\"noopener\"> estim\u00e9 les retomb\u00e9es \u00e9conomiques<\/a> \u00e0 environ 9 Mds\u20ac.<\/p>\n<p class=\"paragraph text_align_left lp-f-body-02\">La Cour des comptes loue toutefois la m\u00e9thodologie et le s\u00e9rieux des organisateurs et des parties prenantes. Elle loue le r\u00f4le central de la Dijop, la bonne tenue de la Solideo, la mise en place d\u2019une gouvernance partenariale, sans \u00ab dilution des responsabilit\u00e9s \u00bb, l\u2019approche innovante des comit\u00e9s d\u2019audit et d\u2019\u00e9thique. <\/p>\n<p class=\"paragraph text_align_left lp-f-body-02\">\u00ab Ces acquis de la gouvernance des Jeux de 2024 constituent, sans impliquer leur transposition \u00e0 l\u2019identique dans le cadre d\u2019autres grands \u00e9v\u00e8nements sportifs internationaux, un capital d\u2019exp\u00e9riences qu\u2019il appartient d\u00e9sormais aux pouvoirs publics de prendre en compte dans la perspective, notamment, des Jeux d\u2019hiver Alpes fran\u00e7aises 2030. \u00bb, r\u00e9sume la Cour des comptes.<\/p>\n<p>L\u2019emploi et l\u2019accessibilit\u00e9 lou\u00e9s<\/p>\n<p class=\"paragraph text_align_left lp-f-body-02\">Enfin, la Cour des comptes salue les avanc\u00e9es environnementales et soci\u00e9tales r\u00e9alis\u00e9es gr\u00e2ce aux Jeux. \u00ab S\u2019agissant de la charte sociale Paris 2024, les objectifs d\u2019insertion ont \u00e9t\u00e9 largement d\u00e9pass\u00e9s, salue la Cour des comptes. Alors que 605 320 heures d\u2019insertion \u00e9taient initialement pr\u00e9vues dans les march\u00e9s li\u00e9s \u00e0 l\u2019organisation des Jeux, 1,5 million d\u2019heures ont \u00e9t\u00e9 effectivement r\u00e9alis\u00e9es, soit plus de 250 % de l\u2019objectif. Ces heures ont b\u00e9n\u00e9fici\u00e9 \u00e0 un public majoritairement jeune (20-25 ans), peu qualifi\u00e9 (63 % de niveau infra-bac) et issu pour une part significative des quartiers prioritaires de la politique de la ville. \u00bb <\/p>\n<p class=\"paragraph text_align_left lp-f-body-02\">L\u2019accessibilit\u00e9 a, selon la Cour, connu une avanc\u00e9e. \u00ab L\u2019\u00c9tat a notamment jou\u00e9 un r\u00f4le structurant en inscrivant syst\u00e9matiquement cette question \u00e0 l\u2019agenda des instances de pilotage des mobilit\u00e9s, explique la Cour. La participation directe des personnes en situation de handicap a par ailleurs \u00e9t\u00e9 organis\u00e9e et institutionnalis\u00e9e. Au niveau des sites, la Solideo a d\u00e9fini une strat\u00e9gie d\u2019accessibilit\u00e9 universelle qui a \u00e9t\u00e9 mise en \u0153uvre dans les programmes de construction et de r\u00e9novation. \u00bb<\/p>\n<p class=\"paragraph text_align_left lp-f-body-02\">Reste la question de l\u2019h\u00e9ritage\u2026 Logiquement, la Cour loue l\u2019h\u00e9ritage m\u00e9thodologique, l\u2019installation, gr\u00e2ce \u00e0 l\u2019Agence du sport, de la France parmi les meilleures nations sportives. Pour le reste, il faudra du temps pour l\u2019\u00e9valuer : quid de la baignabilit\u00e9 de la Seine, sujette \u00e0 la qualit\u00e9 de l\u2019eau ? De l\u2019impact des Jeux sur l\u2019urbanisme francilien, \u00ab qui se mesure sur le long terme \u00bb ? De l\u2019ambition de d\u00e9velopper la pratique du sport et de faire de la France \u00ab une nation sportive \u00bb, sachant que \u00ab des incertitudes demeurent concernant le financement et la p\u00e9rennit\u00e9 \u00bb des diff\u00e9rents programmes, lanc\u00e9s par le Cojo et d\u00e9sormais g\u00e9r\u00e9s par l\u2019ANS et le comit\u00e9 olympique fran\u00e7ais ? \u00ab Il est encore trop t\u00f4t pour en dresser un bilan d\u00e9finitif \u00bb, r\u00e9sume la Cour.<\/p>\n","protected":false},"excerpt":{"rendered":"Une livraison des installations sans retard ; un d\u00e9roulement des JO sans \u00ab aucun incident majeur \u00bb ;&hellip;\n","protected":false},"author":2,"featured_media":425594,"comment_status":"","ping_status":"","sticky":false,"template":"","format":"standard","meta":{"footnotes":""},"categories":[1888],"tags":[11,1777,674,1011,27,3996,12,626,25,60],"class_list":{"0":"post-425593","1":"post","2":"type-post","3":"status-publish","4":"format-standard","5":"has-post-thumbnail","7":"category-paris","8":"tag-actualites","9":"tag-eu","10":"tag-europe","11":"tag-fr","12":"tag-france","13":"tag-jeux-olympiques","14":"tag-news","15":"tag-paris","16":"tag-republique-francaise","17":"tag-sports"},"share_on_mastodon":{"url":"https:\/\/pubeurope.com\/@fr\/115286566814003301","error":""},"_links":{"self":[{"href":"https:\/\/www.europesays.com\/fr\/wp-json\/wp\/v2\/posts\/425593","targetHints":{"allow":["GET"]}}],"collection":[{"href":"https:\/\/www.europesays.com\/fr\/wp-json\/wp\/v2\/posts"}],"about":[{"href":"https:\/\/www.europesays.com\/fr\/wp-json\/wp\/v2\/types\/post"}],"author":[{"embeddable":true,"href":"https:\/\/www.europesays.com\/fr\/wp-json\/wp\/v2\/users\/2"}],"replies":[{"embeddable":true,"href":"https:\/\/www.europesays.com\/fr\/wp-json\/wp\/v2\/comments?post=425593"}],"version-history":[{"count":0,"href":"https:\/\/www.europesays.com\/fr\/wp-json\/wp\/v2\/posts\/425593\/revisions"}],"wp:featuredmedia":[{"embeddable":true,"href":"https:\/\/www.europesays.com\/fr\/wp-json\/wp\/v2\/media\/425594"}],"wp:attachment":[{"href":"https:\/\/www.europesays.com\/fr\/wp-json\/wp\/v2\/media?parent=425593"}],"wp:term":[{"taxonomy":"category","embeddable":true,"href":"https:\/\/www.europesays.com\/fr\/wp-json\/wp\/v2\/categories?post=425593"},{"taxonomy":"post_tag","embeddable":true,"href":"https:\/\/www.europesays.com\/fr\/wp-json\/wp\/v2\/tags?post=425593"}],"curies":[{"name":"wp","href":"https:\/\/api.w.org\/{rel}","templated":true}]}}