{"id":425597,"date":"2025-09-29T08:10:21","date_gmt":"2025-09-29T08:10:21","guid":{"rendered":"https:\/\/www.europesays.com\/fr\/425597\/"},"modified":"2025-09-29T08:10:21","modified_gmt":"2025-09-29T08:10:21","slug":"en-direct-guerre-en-ukraine-le-danemark-interdit-les-vols-de-drones-civils-cette-semaine","status":"publish","type":"post","link":"https:\/\/www.europesays.com\/fr\/425597\/","title":{"rendered":"En direct, guerre en Ukraine \u2013 Le Danemark interdit les vols de drones civils cette semaine"},"content":{"rendered":"<p>        09:32<\/p>\n<p>      Une femme et son petit-fils tu\u00e9s en Russie apr\u00e8s une attaque de drones<\/p>\n<p>              <a tabindex=\"-1\" title=\"Le Temps avec l\u2019AFP\" href=\"https:\/\/www.letemps.ch\/profil\/le-temps-avec-l-afp\" target=\"_blank\" rel=\"noopener\"><\/p>\n<p>                    <img decoding=\"async\" src=\"https:\/\/www.europesays.com\/fr\/wp-content\/uploads\/2025\/04\/1744691829_537_small.jpeg\" class=\"lazy\" alt=\"\"\/><\/p>\n<p><\/a>        <\/p>\n<p>Une femme de 76\u00a0ans et son petit-fils de 6\u00a0ans ont \u00e9t\u00e9 tu\u00e9s lundi dans un incendie provoqu\u00e9 par une attaque de drones ukrainiens dans la r\u00e9gion de Moscou, a indiqu\u00e9 le gouverneur r\u00e9gional, Andr\u00e9i Vorobiov. Dans la nuit, \u00abquatre drones ont \u00e9t\u00e9 abattus par les syst\u00e8mes de d\u00e9fense anti-a\u00e9rienne \u00e0 Voskressensk et Kolomna\u00bb, deux localit\u00e9s dans la r\u00e9gion de Moscou, a-t-il \u00e9crit sur Telegram.<\/p>\n<p>Dans plusieurs autres maisons de cette ville, des vitres ont \u00e9t\u00e9 bris\u00e9es, des murs endommag\u00e9s et l\u2019\u00e9clairage des rues perturb\u00e9, a-t-il ajout\u00e9.<\/p>\n<p>        09:16<\/p>\n<p>      En Russie, le retour des \u00abchiens de guerre\u00bb t\u00e9tanise le Kremlin<\/p>\n<p>Malgr\u00e9 les discours bellicistes officiels, de plus en plus de voix envisagent en Russie sinon la fin, du moins un statu quo dans la guerre en Ukraine. Avec, en arri\u00e8re-plan, une question lancinante: que faire du plus d\u2019un million et demi de soldats revenus du front?<\/p>\n<p>\u25ba<a href=\"https:\/\/www.letemps.ch\/monde\/europe\/en-russie-le-retour-des-chiens-de-guerre-tetanise-le-kremlin\" rel=\"nofollow noopener\" target=\"_blank\">Lire l\u2019article dans son int\u00e9gralit\u00e9<\/a><\/p>\n","protected":false},"excerpt":{"rendered":"09:32 Une femme et son petit-fils tu\u00e9s en Russie apr\u00e8s une attaque de drones Une femme de 76\u00a0ans&hellip;\n","protected":false},"author":2,"featured_media":425598,"comment_status":"","ping_status":"","sticky":false,"template":"","format":"standard","meta":{"footnotes":""},"categories":[1590],"tags":[11,1777,674,4438,12,132,220],"class_list":{"0":"post-425597","1":"post","2":"type-post","3":"status-publish","4":"format-standard","5":"has-post-thumbnail","7":"category-ukraine","8":"tag-actualites","9":"tag-eu","10":"tag-europe","11":"tag-free","12":"tag-news","13":"tag-russie","14":"tag-ukraine"},"share_on_mastodon":{"url":"https:\/\/pubeurope.com\/@fr\/115286575122990968","error":""},"_links":{"self":[{"href":"https:\/\/www.europesays.com\/fr\/wp-json\/wp\/v2\/posts\/425597","targetHints":{"allow":["GET"]}}],"collection":[{"href":"https:\/\/www.europesays.com\/fr\/wp-json\/wp\/v2\/posts"}],"about":[{"href":"https:\/\/www.europesays.com\/fr\/wp-json\/wp\/v2\/types\/post"}],"author":[{"embeddable":true,"href":"https:\/\/www.europesays.com\/fr\/wp-json\/wp\/v2\/users\/2"}],"replies":[{"embeddable":true,"href":"https:\/\/www.europesays.com\/fr\/wp-json\/wp\/v2\/comments?post=425597"}],"version-history":[{"count":0,"href":"https:\/\/www.europesays.com\/fr\/wp-json\/wp\/v2\/posts\/425597\/revisions"}],"wp:featuredmedia":[{"embeddable":true,"href":"https:\/\/www.europesays.com\/fr\/wp-json\/wp\/v2\/media\/425598"}],"wp:attachment":[{"href":"https:\/\/www.europesays.com\/fr\/wp-json\/wp\/v2\/media?parent=425597"}],"wp:term":[{"taxonomy":"category","embeddable":true,"href":"https:\/\/www.europesays.com\/fr\/wp-json\/wp\/v2\/categories?post=425597"},{"taxonomy":"post_tag","embeddable":true,"href":"https:\/\/www.europesays.com\/fr\/wp-json\/wp\/v2\/tags?post=425597"}],"curies":[{"name":"wp","href":"https:\/\/api.w.org\/{rel}","templated":true}]}}