{"id":425599,"date":"2025-09-29T08:11:11","date_gmt":"2025-09-29T08:11:11","guid":{"rendered":"https:\/\/www.europesays.com\/fr\/425599\/"},"modified":"2025-09-29T08:11:11","modified_gmt":"2025-09-29T08:11:11","slug":"vous-allez-aux-etats-unis-attention-le-prix-de-lesta-flambe-bientot","status":"publish","type":"post","link":"https:\/\/www.europesays.com\/fr\/425599\/","title":{"rendered":"Vous allez aux \u00c9tats-Unis ? Attention, le prix de l\u2019ESTA flambe bient\u00f4t"},"content":{"rendered":"<p>D\u00e8s le 30 septembre, il faudra d\u00e9bourser 40 $ pour obtenir cette autorisation de voyage \u00e9lectronique. Une hausse qui ne casse pas compl\u00e8tement le r\u00eave am\u00e9ricain, mais qu\u2019il vaut mieux anticiper.<\/p>\n<p class=\"fig-paragraph\">Jusqu\u2019\u00e0 maintenant, toute demande d\u2019<a href=\"http:\/\/www.lefigaro.fr\/voyages\/conseils\/etats-unis-attention-l-autorisation-esta-est-a-refaire-si-vous-changez-de-passeport-20250113\" data-fig-type=\"Article\" data-gtm-custom-categorie=\"navigation\" data-gtm-custom-action=\"crossclick\" data-gtm-custom-label=\"Contextuel\" data-gtm-event=\"customEventSPE\" data-fig-domain=\"LEFIGARO\" target=\"_blank\" rel=\"noopener\">ESTA<\/a>\u00a0&#8211; obligatoire pour les ressortissants des pays du Programme d\u2019Exemption de Visa voyageant aux\u00a0<a href=\"http:\/\/www.lefigaro.fr\/voyages\/dossier\/etats-unis\" data-fig-type=\"Topic\" data-gtm-custom-categorie=\"navigation\" data-gtm-custom-action=\"crossclick\" data-gtm-custom-label=\"Contextuel\" data-gtm-event=\"customEventSPE\" data-fig-domain=\"LEFIGARO\" target=\"_blank\" rel=\"noopener\">\u00c9tats-Unis<\/a>\u00a0pour 90 jours ou moins &#8211; co\u00fbtait 21 $, r\u00e9partis entre \u00abfrais op\u00e9rationnel\u00bb de 4 $ et \u00abfrais de promotion du tourisme\u00bb de 17 $. Un tarif jug\u00e9 raisonnable pour une autorisation valable deux ans. Mais la donne change\u00a0: \u00e0 compter du 30 septembre, il faudra payer 40 $ par demande, soit pr\u00e8s du double du prix, cons\u00e9quence directe d\u2019une loi budg\u00e9taire am\u00e9ricaine vot\u00e9e cet \u00e9t\u00e9.<\/p>\n<p class=\"fig-paragraph\">La mesure, adopt\u00e9e dans le cadre du \u00abOne Big Beautiful Bill\u00bb d\u00e9but juillet par le S\u00e9nat am\u00e9ricain, repose sur une redistribution des frais. Sur les 40 dollars, 17 continueront \u00e0 financer la promotion du tourisme am\u00e9ricain, un fonds qui soutient les campagnes vantant les charmes de la\u00a0<a href=\"http:\/\/www.lefigaro.fr\/voyages\/guides\/en-floride-on-a-teste-l-hydroglisseur-dans-les-everglades-20240303\" data-fig-type=\"Article\" data-gtm-custom-categorie=\"navigation\" data-gtm-custom-action=\"crossclick\" data-gtm-custom-label=\"Contextuel\" data-gtm-event=\"customEventSPE\" data-fig-domain=\"LEFIGARO\" target=\"_blank\" rel=\"noopener\">Floride<\/a>, de\u00a0<a href=\"http:\/\/www.lefigaro.fr\/voyages\/dossier\/new-york\" data-fig-type=\"Topic\" data-gtm-custom-categorie=\"navigation\" data-gtm-custom-action=\"crossclick\" data-gtm-custom-label=\"Contextuel\" data-gtm-event=\"customEventSPE\" data-fig-domain=\"LEFIGARO\" target=\"_blank\" rel=\"noopener\">New York<\/a>\u00a0ou des grands\u00a0<a href=\"http:\/\/www.lefigaro.fr\/voyages\/guides\/america-first-dans-les-parcs-nationaux-aussi-trump-va-faire-payer-plus-cher-les-etrangers-20250704\" data-fig-type=\"NewsFlash\" data-gtm-custom-categorie=\"navigation\" data-gtm-custom-action=\"crossclick\" data-gtm-custom-label=\"Contextuel\" data-gtm-event=\"customEventSPE\" data-fig-domain=\"LEFIGARO\" target=\"_blank\" rel=\"noopener\">parcs nationaux<\/a>. La nouveaut\u00e9 r\u00e9side ailleurs\u00a0: les \u00abfrais op\u00e9rationnels\u00bb, li\u00e9s au traitement des demandes, passent de 4 \u00e0 10 dollars, et surtout, un pr\u00e9l\u00e8vement in\u00e9dit de 13 dollars sera d\u00e9sormais vers\u00e9 directement au Tr\u00e9sor am\u00e9ricain. Une mani\u00e8re pour les \u00c9tats-Unis de capitaliser sur leur pouvoir d\u2019attraction\u2026 aux frais des visiteurs.<\/p>\n<p>                                    <a class=\"fig-a11y-skip a11y-hidden\" href=\"#fig-a11y-skip-main-inarticle\"><br \/>\n        Passer la publicit\u00e9<br \/>\n    <\/a><\/p>\n<p>Une fen\u00eatre \u00e0 saisir avant la flamb\u00e9e<\/p>\n<p class=\"fig-paragraph\">Il reste toutefois possible de b\u00e9n\u00e9ficier du tarif actuel avant son augmentation. Toute demande effectu\u00e9e avant la date butoir sera factur\u00e9e 21 dollars et demeurera valide pendant deux ans, sous r\u00e9serve de la validit\u00e9 du passeport. Ainsi, pour tout voyage programm\u00e9 aux \u00c9tats-Unis jusqu\u2019en 2027, il est recommand\u00e9 d\u2019anticiper cette d\u00e9marche. Si l\u2019\u00e9conomie peut sembler minime \u00e0 l\u2019\u00e9chelle d\u2019une personne, elle devient rapidement tangible lorsqu\u2019elle se cumule au sein d\u2019un groupe ou d\u2019une famille\u00a0: pour quatre personnes, la diff\u00e9rence avoisine 80 dollars, soit l\u2019\u00e9quivalent d\u2019un d\u00eener sur la c\u00f4te ouest ou d\u2019un d\u00e9tour par un parc national.<\/p>\n","protected":false},"excerpt":{"rendered":"D\u00e8s le 30 septembre, il faudra d\u00e9bourser 40 $ pour obtenir cette autorisation de voyage \u00e9lectronique. Une hausse&hellip;\n","protected":false},"author":2,"featured_media":425600,"comment_status":"","ping_status":"","sticky":false,"template":"","format":"standard","meta":{"footnotes":""},"categories":[1589],"tags":[11,73,1866,12,602,1864,1865,1863,308],"class_list":{"0":"post-425599","1":"post","2":"type-post","3":"status-publish","4":"format-standard","5":"has-post-thumbnail","7":"category-etats-unis","8":"tag-actualites","9":"tag-etats-unis","10":"tag-etats-unis-damerique","11":"tag-news","12":"tag-tourisme","13":"tag-united-states","14":"tag-united-states-of-america","15":"tag-us","16":"tag-usa"},"share_on_mastodon":{"url":"https:\/\/pubeurope.com\/@fr\/115286578633762975","error":""},"_links":{"self":[{"href":"https:\/\/www.europesays.com\/fr\/wp-json\/wp\/v2\/posts\/425599","targetHints":{"allow":["GET"]}}],"collection":[{"href":"https:\/\/www.europesays.com\/fr\/wp-json\/wp\/v2\/posts"}],"about":[{"href":"https:\/\/www.europesays.com\/fr\/wp-json\/wp\/v2\/types\/post"}],"author":[{"embeddable":true,"href":"https:\/\/www.europesays.com\/fr\/wp-json\/wp\/v2\/users\/2"}],"replies":[{"embeddable":true,"href":"https:\/\/www.europesays.com\/fr\/wp-json\/wp\/v2\/comments?post=425599"}],"version-history":[{"count":0,"href":"https:\/\/www.europesays.com\/fr\/wp-json\/wp\/v2\/posts\/425599\/revisions"}],"wp:featuredmedia":[{"embeddable":true,"href":"https:\/\/www.europesays.com\/fr\/wp-json\/wp\/v2\/media\/425600"}],"wp:attachment":[{"href":"https:\/\/www.europesays.com\/fr\/wp-json\/wp\/v2\/media?parent=425599"}],"wp:term":[{"taxonomy":"category","embeddable":true,"href":"https:\/\/www.europesays.com\/fr\/wp-json\/wp\/v2\/categories?post=425599"},{"taxonomy":"post_tag","embeddable":true,"href":"https:\/\/www.europesays.com\/fr\/wp-json\/wp\/v2\/tags?post=425599"}],"curies":[{"name":"wp","href":"https:\/\/api.w.org\/{rel}","templated":true}]}}