{"id":425617,"date":"2025-09-29T08:22:08","date_gmt":"2025-09-29T08:22:08","guid":{"rendered":"https:\/\/www.europesays.com\/fr\/425617\/"},"modified":"2025-09-29T08:22:08","modified_gmt":"2025-09-29T08:22:08","slug":"sinner-tranquille-malgre-une-petite-alerte-eurosport","status":"publish","type":"post","link":"https:\/\/www.europesays.com\/fr\/425617\/","title":{"rendered":"Sinner tranquille malgr\u00e9 une petite alerte &#8211; Eurosport"},"content":{"rendered":"<ol>\n<li><a href=\"https:\/\/news.google.com\/rss\/articles\/CBMi-wFBVV95cUxORGQyX0xLLWxwMEkwWkdyekEwc3lsQ3RxTm41Yk13bC1rdWFsVVJTM2RKZ2prSkFiSzBoVGc3MHpPNGxVRlNDejFuODlOc2QxX1NGNlE3VF9Nd0hKNFVNcllOR2RWV0RTVU5sODE5akNpNk5lZGhGb05xNjJRMFdpaEw3cUhmUW9MVXdQNTczZVhJTnBNWF92RTBVbzRWQ1I3YU4zOW1XTFRqaUt6RVBkVEpmOHBsbzhHQW1HVFlyWm1ZSGNRTk82dDdramdkSExUZVlGblAzUm1EQ0FZcXRvMmpkQ05GRHpSWDBzbzFER2sxNm42ZlRvQ3NaQQ?oc=5\" target=\"_blank\" rel=\"nofollow noopener\">Sinner tranquille malgr\u00e9 une petite alerte<\/a>&nbsp;&nbsp;Eurosport<\/li>\n<li><a href=\"https:\/\/news.google.com\/rss\/articles\/CBMiwwFBVV95cUxPc3RRNTZsZ1Rod0lnT19sMmtKbDRNRlJaUmhVN1RDb2IxTEthRmFIV21zXzNWODlCR2NBSXlPTmhRWk5tcVhaMTRqLXdHZHZxUjRJSFVSTUdKNlhGZ0xHQWFfOUxFd05VTGNaVno1emYwQlVZZVE5YW1fdzZfWEZjeUMyU1RVRk9DV0kxLTR4RTJNYlhscVo1M21QTG1UYU96QmRUSHE2MlhyeHd0X0E2MklSSGpTX2VVLW1VYTFOeEFZY2M?oc=5\" target=\"_blank\" rel=\"nofollow noopener\">Learner Tien &#8211; Lorenzo Musetti, ATP 500, P\u00e9kin, Quarts de finale, Lundi 29 septembre 2025<\/a>&nbsp;&nbsp;L&rsquo;\u00c9quipe<\/li>\n<li><a href=\"https:\/\/news.google.com\/rss\/articles\/CBMilAFBVV95cUxQSzBzdTlyZndmVVBqd3BhaWxWY0FpZnJQcC1VcmxhTDZlUXhOWTRHWjFveXF5NVJyb2Vtb2pXNWhJbzU1NkxLa3ZxYjgwUjFXOEFETUt0bThjS241ZzBPM0tEZ245M2tEQ0dxblVMSHBIOWZzS01PZHRISHlrb0ZYamdUQVkzNDUwbThhQW16aTZBdGZf?oc=5\" target=\"_blank\" rel=\"nofollow noopener\">China Open : le programme du dimanche 28 septembre<\/a>&nbsp;&nbsp;Univers Tennis<\/li>\n<li><a href=\"https:\/\/news.google.com\/rss\/articles\/CBMikAFBVV95cUxPS1o5blZRa09mU0ZsVlh1UDBteFhyMzBDU0NuTUhCbThxd2Q3MHhXc3RZNW1vb2p6SE8teGZaOW9tM295SFNsQzVqbEYtOGJDMG9SVjNhYnJXdVlDMkVoOEtiRVJoSl9ySHhueC1PX3R2bGJhc0tDUjA5OFBSQUlHRU8tbDB6QU04djBpNkVqd2Y?oc=5\" target=\"_blank\" rel=\"nofollow noopener\">Jannik Sinner &#8211; Fabian Marozsan (29\/09\/2025)<\/a>&nbsp;&nbsp;Flashscore.fr<\/li>\n<li><a href=\"https:\/\/news.google.com\/rss\/articles\/CBMiowJBVV95cUxQQnM1WDY3R0NMMTcyZTZ5MS1QYjBnXzI5Zm1CVmdQaF9QeW5lVmNDWHVWQnE5MmM0Sl94M1JSdlVVZDBFQ21qNU5Pd0xrc3ZyOGMzRE9sVGl0dFp6UFZPdmlBMnNZRG50Qll0cnZkNnUtYVYyazRaVGhybWxNTkRScG03S0R3akxVdVdXSlVxUTJMX3NmTkhMSDRpUzRHR01DSnlheGpDcGo4M0IzOC1LUlN3d2RnWUZkZzdpWVp0WmhDdE5PQzc0ZDAtMnRseHRTNEJZalZ0OGFvZGk0cjV0UndRVWFBWWI0ekNQaHVKQWJjVkI1cFJ2RkVHVnNING93aGFLUVpnSVZVa2toR2FNWkJiZVQxSWdnUEtRUlBIN0Q3Um8?oc=5\" target=\"_blank\" rel=\"nofollow noopener\">ATP &#8211; P\u00e9kin &gt; Jannik Sinner, m\u00e9fiant \u00e0 propos de son adversaire en quarts de finale : \u00ab\u00a0Il est au sommet de sa forme. C&rsquo;est un sacr\u00e9 frappeur avec un excellent toucher de balle\u00a0\u00bb<\/a>&nbsp;&nbsp;We Love Tennis<\/li>\n<\/ol>\n","protected":false},"excerpt":{"rendered":"Sinner tranquille malgr\u00e9 une petite alerte&nbsp;&nbsp;Eurosport Learner Tien &#8211; Lorenzo Musetti, ATP 500, P\u00e9kin, Quarts de finale, Lundi&hellip;\n","protected":false},"author":2,"featured_media":395849,"comment_status":"","ping_status":"","sticky":false,"template":"","format":"standard","meta":{"footnotes":""},"categories":[1415],"tags":[1011,27,60,1467],"class_list":{"0":"post-425617","1":"post","2":"type-post","3":"status-publish","4":"format-standard","5":"has-post-thumbnail","7":"category-tennis","8":"tag-fr","9":"tag-france","10":"tag-sports","11":"tag-tennis"},"share_on_mastodon":{"url":"https:\/\/pubeurope.com\/@fr\/115286621742794715","error":""},"_links":{"self":[{"href":"https:\/\/www.europesays.com\/fr\/wp-json\/wp\/v2\/posts\/425617","targetHints":{"allow":["GET"]}}],"collection":[{"href":"https:\/\/www.europesays.com\/fr\/wp-json\/wp\/v2\/posts"}],"about":[{"href":"https:\/\/www.europesays.com\/fr\/wp-json\/wp\/v2\/types\/post"}],"author":[{"embeddable":true,"href":"https:\/\/www.europesays.com\/fr\/wp-json\/wp\/v2\/users\/2"}],"replies":[{"embeddable":true,"href":"https:\/\/www.europesays.com\/fr\/wp-json\/wp\/v2\/comments?post=425617"}],"version-history":[{"count":0,"href":"https:\/\/www.europesays.com\/fr\/wp-json\/wp\/v2\/posts\/425617\/revisions"}],"wp:featuredmedia":[{"embeddable":true,"href":"https:\/\/www.europesays.com\/fr\/wp-json\/wp\/v2\/media\/395849"}],"wp:attachment":[{"href":"https:\/\/www.europesays.com\/fr\/wp-json\/wp\/v2\/media?parent=425617"}],"wp:term":[{"taxonomy":"category","embeddable":true,"href":"https:\/\/www.europesays.com\/fr\/wp-json\/wp\/v2\/categories?post=425617"},{"taxonomy":"post_tag","embeddable":true,"href":"https:\/\/www.europesays.com\/fr\/wp-json\/wp\/v2\/tags?post=425617"}],"curies":[{"name":"wp","href":"https:\/\/api.w.org\/{rel}","templated":true}]}}