{"id":425618,"date":"2025-09-29T08:24:10","date_gmt":"2025-09-29T08:24:10","guid":{"rendered":"https:\/\/www.europesays.com\/fr\/425618\/"},"modified":"2025-09-29T08:24:10","modified_gmt":"2025-09-29T08:24:10","slug":"gp-du-japon-le-week-end-de-lequipe-tech3","status":"publish","type":"post","link":"https:\/\/www.europesays.com\/fr\/425618\/","title":{"rendered":"GP du Japon, le week-end de l&rsquo;\u00e9quipe Tech3"},"content":{"rendered":"<p style=\"text-align: justify;\"><b>Le Japon n&rsquo;a pas \u00e9t\u00e9 un week-end id\u00e9al pour l&rsquo;\u00e9quipe Tech3 KTM. Malgr\u00e9 tout, l&rsquo;\u00e9quipe est parvenue \u00e0 inscrire des points le dimanche gr\u00e2ce \u00e0 Enea Bastianini. <\/b><\/p>\n<p>Les qualifications de l&rsquo;\u00e9quipe Tech3 au Japon<\/p>\n<p style=\"text-align: justify;\">Maverick Vi\u00f1ales s&rsquo;est class\u00e9 en derni\u00e8re position de la Practice, ayant rencontr\u00e9 des probl\u00e8mes de moto, alors qu&rsquo;Enea Bastianini a fini en 12e position. Les deux pilotes sont pass\u00e9s en <a href=\"https:\/\/franceracing.fr\/moto-gp\/gp-du-japon-2025-qualifs-francesco-bagnaia-en-pole-position-devant-joan-mir\/\" target=\"_blank\" rel=\"noopener nofollow\">Q1<\/a>. Les deux pilotes ne sont pas parvenus \u00e0 faire mieux que 11e pour le pilote italien et 13e pour le pilote espagnol.<\/p>\n<p>Les courses de l&rsquo;\u00e9quipe Tech3 au Japon<br \/>\n<a href=\"https:\/\/franceracing.fr\/moto-gp\/gp-du-japon-2025-sprint-francesco-bagnaia-simpose\/\" target=\"_blank\" rel=\"noopener nofollow\">Sprint<\/a><\/p>\n<p style=\"text-align: justify;\">Enea Bastianini a gagn\u00e9 8 places au d\u00e9part. Install\u00e9 en 13e position, il en perd une trois tours plus tard avant d&rsquo;abandonner suite \u00e0 un probl\u00e8me technique au 7e tour. Maverick Vi\u00f1ales est progressivement mont\u00e9 au classement, profitant des al\u00e9as de la course, pour passer la ligne d&rsquo;arriv\u00e9e en 16e position.<\/p>\n<blockquote>\n<p style=\"text-align: justify;\">\u00ab\u00a0Le r\u00e9sultat de la Sprint d&rsquo;aujourd&rsquo;hui r\u00e9sume malheureusement le week-end que nous avons pass\u00e9 jusqu&rsquo;\u00e0 pr\u00e9sent au Japon. Enea Bastianini et Maverick Vi\u00f1ales rencontrent tous deux des probl\u00e8mes que nous avons du mal \u00e0 r\u00e9soudre. Il est clair que Maverick n&rsquo;est pas encore \u00e0 100 % physiquement, mais ce n&rsquo;est pas le probl\u00e8me principal du week-end, car il ne se sent pas bien sur la moto en ce moment. Il a un probl\u00e8me, et nous faisons tout notre possible pour le r\u00e9soudre afin qu&rsquo;il se sente beaucoup mieux pour la course principale de demain. La situation est similaire pour Enea, qui a plus ou moins le m\u00eame probl\u00e8me sur la moto, et qui n&rsquo;a pas la confiance des courses pr\u00e9c\u00e9dentes. Devoir abandonner au sprint suite \u00e0 un probl\u00e8me technique est un d\u00e9sagr\u00e9ment. Nous voyons des points positifs gr\u00e2ce \u00e0 la performance de Pedro Acosta, nous savons donc que notre package fonctionne et que nous avons une marge de progression. Alors, retournons \u00e0 nos ordinateurs, analysons tout attentivement et esp\u00e9rons que nous pourrons aider les deux pilotes \u00e0 se sentir mieux pour dimanche\u00a0\u00bb, d\u00e9clarait Nicolas Goyon.<\/p>\n<\/blockquote>\n<p><a href=\"https:\/\/franceracing.fr\/moto-gp\/gp-du-japon-2025-course-francesco-bagnaia-renait-marc-marquez-titre\/\" target=\"_blank\" rel=\"noopener nofollow\">Grand Prix<\/a><\/p>\n<p style=\"text-align: justify;\">Gagnant deux places apr\u00e8s le premier tour, Enea Bastianini a grimp\u00e9 au classement au fur et \u00e0 mesure des tours pour finir \u00e0 la 11e place de la course. Maverick Vi\u00f1ales a connu une course au fond du classement, souffrant encore de sa blessure, et a \u00e9chou\u00e9 \u00e0 la porte des points.<\/p>\n<blockquote>\n<p style=\"text-align: justify;\">\u00ab\u00a0L&rsquo;\u00e9quipe Tech3 KTM quitte le Japon sur une note beaucoup plus positive apr\u00e8s un week-end difficile. Une 11e place pour Enea Bastianini n&rsquo;est \u00e9videmment pas notre objectif, mais nous pouvons la consid\u00e9rer comme une belle r\u00e9compense au vu du week-end global. Son feeling s&rsquo;est am\u00e9lior\u00e9 aujourd&rsquo;hui, sa performance avec les pneus neufs en d\u00e9but de course n&rsquo;\u00e9tait probablement pas optimale, mais il a mieux g\u00e9r\u00e9 la seconde moiti\u00e9 de la course pour terminer \u00e0 une solide 11e place. Je tiens donc \u00e0 le remercier pour son attitude in\u00e9branlable, car nous esp\u00e9rons que la situation s&rsquo;am\u00e9liorera la semaine prochaine \u00e0 Mandalika. Du c\u00f4t\u00e9 de Maverick Vi\u00f1ales, le week-end a \u00e9t\u00e9 compliqu\u00e9. Son \u00e9paule est encore un peu faible et il n&rsquo;a pas pu piloter la moto comme il le souhaitait de tout le week-end. Une 16e place n&rsquo;est pas ce que nous esp\u00e9rions, mais il a termin\u00e9 la course dans de meilleures conditions, c&rsquo;est donc un pas de plus vers une gu\u00e9rison compl\u00e8te\u00a0\u00bb, concluait Nicolas Goyon.<\/p>\n<\/blockquote>\n","protected":false},"excerpt":{"rendered":"Le Japon n&rsquo;a pas \u00e9t\u00e9 un week-end id\u00e9al pour l&rsquo;\u00e9quipe Tech3 KTM. Malgr\u00e9 tout, l&rsquo;\u00e9quipe est parvenue \u00e0&hellip;\n","protected":false},"author":2,"featured_media":425619,"comment_status":"","ping_status":"","sticky":false,"template":"","format":"standard","meta":{"footnotes":""},"categories":[1413],"tags":[1011,27,1457,1456,60],"class_list":{"0":"post-425618","1":"post","2":"type-post","3":"status-publish","4":"format-standard","5":"has-post-thumbnail","7":"category-moto","8":"tag-fr","9":"tag-france","10":"tag-moto","11":"tag-motocycle","12":"tag-sports"},"share_on_mastodon":{"url":"https:\/\/pubeurope.com\/@fr\/115286629685157219","error":""},"_links":{"self":[{"href":"https:\/\/www.europesays.com\/fr\/wp-json\/wp\/v2\/posts\/425618","targetHints":{"allow":["GET"]}}],"collection":[{"href":"https:\/\/www.europesays.com\/fr\/wp-json\/wp\/v2\/posts"}],"about":[{"href":"https:\/\/www.europesays.com\/fr\/wp-json\/wp\/v2\/types\/post"}],"author":[{"embeddable":true,"href":"https:\/\/www.europesays.com\/fr\/wp-json\/wp\/v2\/users\/2"}],"replies":[{"embeddable":true,"href":"https:\/\/www.europesays.com\/fr\/wp-json\/wp\/v2\/comments?post=425618"}],"version-history":[{"count":0,"href":"https:\/\/www.europesays.com\/fr\/wp-json\/wp\/v2\/posts\/425618\/revisions"}],"wp:featuredmedia":[{"embeddable":true,"href":"https:\/\/www.europesays.com\/fr\/wp-json\/wp\/v2\/media\/425619"}],"wp:attachment":[{"href":"https:\/\/www.europesays.com\/fr\/wp-json\/wp\/v2\/media?parent=425618"}],"wp:term":[{"taxonomy":"category","embeddable":true,"href":"https:\/\/www.europesays.com\/fr\/wp-json\/wp\/v2\/categories?post=425618"},{"taxonomy":"post_tag","embeddable":true,"href":"https:\/\/www.europesays.com\/fr\/wp-json\/wp\/v2\/tags?post=425618"}],"curies":[{"name":"wp","href":"https:\/\/api.w.org\/{rel}","templated":true}]}}