{"id":425620,"date":"2025-09-29T08:25:11","date_gmt":"2025-09-29T08:25:11","guid":{"rendered":"https:\/\/www.europesays.com\/fr\/425620\/"},"modified":"2025-09-29T08:25:11","modified_gmt":"2025-09-29T08:25:11","slug":"jannick-sinner-se-qualifie-sans-trembler-en-demi-finales-a-pekin","status":"publish","type":"post","link":"https:\/\/www.europesays.com\/fr\/425620\/","title":{"rendered":"Jannick Sinner se qualifie sans trembler en demi-finales \u00e0 P\u00e9kin"},"content":{"rendered":"<p>L\u2019Italien Jannick Sinner rejoint le dernier carr\u00e9 du tournoi de P\u00e9kin (ATP 500) gr\u00e2ce \u00e0 son succ\u00e8s contre Fabian Marozsan (6-1, 7-5).<\/p>\n<p class=\"fig-paragraph\"><a href=\"http:\/\/www.lefigaro.fr\/sports\/tennis\/jannick-sinner-la-pepite-italienne-faconnee-par-le-maestro-piatti-20221020\" target=\"_blank\" data-fig-type=\"Article\" rel=\"nofollow noopener\" data-gtm-custom-categorie=\"navigation\" data-gtm-custom-action=\"crossclick\" data-gtm-custom-label=\"Contextuel\" data-gtm-event=\"customEventSPE\" data-fig-domain=\"LEFIGARO\">Jannick Sinn<\/a>er, N.2 mondial, s&rsquo;est qualifi\u00e9 lundi pour les demi-finales du\u00a0<a href=\"http:\/\/www.lefigaro.fr\/sports\/tennis\/tennis-a-pekin-lois-boisson-contrainte-a-l-abandon-au-3e-tour-20250929\" target=\"_blank\" data-fig-type=\"NewsFlash\" rel=\"nofollow noopener\" data-gtm-custom-categorie=\"navigation\" data-gtm-custom-action=\"crossclick\" data-gtm-custom-label=\"Contextuel\" data-gtm-event=\"customEventSPE\" data-fig-domain=\"LEFIGARO\">tournoi ATP 500 de P\u00e9kin\u00a0<\/a>en \u00e9crasant sous ses coups le Hongrois Fabian Marozsan (57e) 6-1, 7-5 en 1h20. L&rsquo;Italien de 24 ans affrontera pour une place en finale l&rsquo;Australien Alex De Minaur (8e) qui a b\u00e9n\u00e9fici\u00e9 de l&rsquo;abandon pr\u00e9coce de son adversaire tch\u00e8que Jakub Mensik (19e) men\u00e9 4-1 dans le premier set.<\/p>\n<p class=\"fig-paragraph\">\u00abGlobalement, je suis tr\u00e8s content de mon match aujourd&rsquo;hui\u00bb, a comment\u00e9 Sinner. Apr\u00e8s le gain facile de la premi\u00e8re manche, Sinner a rencontr\u00e9 une plus grande r\u00e9sistance dans la seconde.<\/p>\n<p>                                    <a class=\"fig-a11y-skip a11y-hidden\" href=\"#fig-a11y-skip-main-inarticle\"><br \/>\n        Passer la publicit\u00e9<br \/>\n    <\/a><\/p>\n<p class=\"fig-paragraph\">Au point de perdre sa mise en jeu et de permettre \u00e0 Marozsan de servir pour le gain du set \u00e0 5-4. Mais Sinner a alors pass\u00e9 la vitesse sup\u00e9rieure: il a remport\u00e9 12 des 13 points suivants pour aligner trois jeux (dont deux sur service adverse) et remporter la partie sur sa premi\u00e8re balle de match.<\/p>\n","protected":false},"excerpt":{"rendered":"L\u2019Italien Jannick Sinner rejoint le dernier carr\u00e9 du tournoi de P\u00e9kin (ATP 500) gr\u00e2ce \u00e0 son succ\u00e8s contre&hellip;\n","protected":false},"author":2,"featured_media":425621,"comment_status":"","ping_status":"","sticky":false,"template":"","format":"standard","meta":{"footnotes":""},"categories":[1412],"tags":[4169,1451,1452,1453,1454,1455,1011,27,20859,2484,60],"class_list":{"0":"post-425620","1":"post","2":"type-post","3":"status-publish","4":"format-standard","5":"has-post-thumbnail","7":"category-f1","8":"tag-atp","9":"tag-f1","10":"tag-formula-1","11":"tag-formula1","12":"tag-formule-1","13":"tag-formule1","14":"tag-fr","15":"tag-france","16":"tag-jannik-sinner","17":"tag-pekin","18":"tag-sports"},"share_on_mastodon":{"url":"https:\/\/pubeurope.com\/@fr\/115286633606942822","error":""},"_links":{"self":[{"href":"https:\/\/www.europesays.com\/fr\/wp-json\/wp\/v2\/posts\/425620","targetHints":{"allow":["GET"]}}],"collection":[{"href":"https:\/\/www.europesays.com\/fr\/wp-json\/wp\/v2\/posts"}],"about":[{"href":"https:\/\/www.europesays.com\/fr\/wp-json\/wp\/v2\/types\/post"}],"author":[{"embeddable":true,"href":"https:\/\/www.europesays.com\/fr\/wp-json\/wp\/v2\/users\/2"}],"replies":[{"embeddable":true,"href":"https:\/\/www.europesays.com\/fr\/wp-json\/wp\/v2\/comments?post=425620"}],"version-history":[{"count":0,"href":"https:\/\/www.europesays.com\/fr\/wp-json\/wp\/v2\/posts\/425620\/revisions"}],"wp:featuredmedia":[{"embeddable":true,"href":"https:\/\/www.europesays.com\/fr\/wp-json\/wp\/v2\/media\/425621"}],"wp:attachment":[{"href":"https:\/\/www.europesays.com\/fr\/wp-json\/wp\/v2\/media?parent=425620"}],"wp:term":[{"taxonomy":"category","embeddable":true,"href":"https:\/\/www.europesays.com\/fr\/wp-json\/wp\/v2\/categories?post=425620"},{"taxonomy":"post_tag","embeddable":true,"href":"https:\/\/www.europesays.com\/fr\/wp-json\/wp\/v2\/tags?post=425620"}],"curies":[{"name":"wp","href":"https:\/\/api.w.org\/{rel}","templated":true}]}}