{"id":425622,"date":"2025-09-29T08:26:16","date_gmt":"2025-09-29T08:26:16","guid":{"rendered":"https:\/\/www.europesays.com\/fr\/425622\/"},"modified":"2025-09-29T08:26:16","modified_gmt":"2025-09-29T08:26:16","slug":"une-balade-en-velo-peut-vous-couter-750e-damende-si-vous-ne-respectez-pas-cette-regle-de-securite","status":"publish","type":"post","link":"https:\/\/www.europesays.com\/fr\/425622\/","title":{"rendered":"Une balade en v\u00e9lo peut vous co\u00fbter 750\u20ac d&rsquo;amende si vous ne respectez pas cette r\u00e8gle de s\u00e9curit\u00e9"},"content":{"rendered":"<p class=\"app_entry_lead\">\n                            <a title=\"\u00a0\u00a9\u00a0halfpoint\" href=\"https:\/\/www.europesays.com\/fr\/wp-content\/uploads\/2025\/09\/39527064.jpg\" class=\"fancy\"><\/p>\n<p>                        <img loading=\"lazy\" decoding=\"async\" src=\"https:\/\/www.europesays.com\/fr\/wp-content\/uploads\/2025\/09\/39527064.jpg\" alt=\"Une balade en v\u00e9lo peut vous co\u00fbter 750\u20ac d'amende si vous ne respectez pas cette r\u00e8gle de s\u00e9curit\u00e9\" width=\"1500\" height=\"1000\"\/><\/p>\n<p>                <\/a><br \/>\n                Si vous partez faire du v\u00e9lo en famille, vous n&rsquo;avez pas tous les m\u00eames obligations en mati\u00e8re de s\u00e9curit\u00e9. Attention aux mauvaises surprises.        <\/p>\n<p>Profiter de chaque \u00e9claircie. Avec l&rsquo;arriv\u00e9e de l&rsquo;automne et de son climat capricieux, il est tentant de sortir dehors d\u00e8s que le temps le permet. Faire une sortie en v\u00e9lo en famille semble alors \u00eatre une bonne id\u00e9e. Chacun son v\u00e9lo et chacun son casque\u2026 enfin presque. Le port du casque n&rsquo;est pas obligatoire pour les adultes. En revanche, il l&rsquo;est pour les enfants \u00e2g\u00e9s de 12\u00a0ans ou moins. En cas de contr\u00f4le de police, l&rsquo;adulte qui accompagne un enfant ne portant pas de casque peut recevoir une amende forfaitaire de 135\u00a0euros. En cas de majoration, la somme peut monter \u00e0 750\u00a0euros. De quoi g\u00e2cher la balade \u00e0 v\u00e9lo du dimanche apr\u00e8s-midi.<\/p>\n<p>Pour s&rsquo;assurer de ne pas \u00eatre verbalis\u00e9, le casque doit \u00eatre attach\u00e9 et avoir une mention \u00ab\u00a0CE\u00a0\u00bb indiquant qu&rsquo;il est bien homologu\u00e9. M\u00eame s&rsquo;il n&rsquo;est pas obligatoire, le port du casque est vivement recommand\u00e9 chez tous les cyclistes pour prot\u00e9ger la t\u00eate en cas de chute. \u00a0\u00bb Les blessures dues \u00e0 un choc sur le cr\u00e2ne demeurent la premi\u00e8re cause de d\u00e9c\u00e8s chez les cyclistes\u00a0\u00bb, rappelle la d\u00e9l\u00e9gation de l&rsquo;Etat \u00e0 la s\u00e9curit\u00e9 routi\u00e8re. D&rsquo;apr\u00e8s l&rsquo;Observatoire national interminist\u00e9riel de la s\u00e9curit\u00e9 routi\u00e8re, le risque d&rsquo;\u00eatre gravement bless\u00e9 est 16\u00a0fois plus \u00e9lev\u00e9 chez les cyclistes que les automobilistes.<\/p>\n<p>Les enfants sont oblig\u00e9s de porter un casque \u00e0 v\u00e9lo depuis la loi du 22\u00a0mars 2017. Pour justifier cette nouvelle obligation, la S\u00e9curit\u00e9 routi\u00e8re avait men\u00e9 une grande campagne, rappelant que 1\u00a0178\u00a0enfants avaient \u00e9t\u00e9 victimes d&rsquo;un accident de v\u00e9lo entre 2011\u00a0et 2015. Parmi eux, 26\u00a0enfants ont perdu la vie et 442\u00a0ont d\u00fb \u00eatre hospitalis\u00e9s. La campagne recensait \u00e9galement 665\u00a0enfants l\u00e9g\u00e8rement bless\u00e9s, tandis que seuls 45\u00a0en \u00e9taient sortis indemnes.<\/p>\n<p><img decoding=\"async\" alt=\"\" src=\"https:\/\/www.europesays.com\/fr\/wp-content\/uploads\/2025\/09\/39527065.jpg\"\/><\/p>\n<p>La question de l&rsquo;efficacit\u00e9 du casque \u00e0 v\u00e9lo fait souvent l&rsquo;objet de grands d\u00e9bats. Plusieurs propositions de loi pour le rendre obligatoire ont \u00e9chou\u00e9, les opposants craignant que cela nuise \u00e0 la pratique du v\u00e9lo. Ils d\u00e9noncent \u00e9galement le co\u00fbt que repr\u00e9sente l&rsquo;achat d&rsquo;un casque pour le consommateur.\u00a0En 2022, c&rsquo;est le s\u00e9nateur Fran\u00e7ois Bonneau (PS) qui \u00e9tait \u00e0 l&rsquo;origine de la proposition, 12\u00a0ans apr\u00e8s celle du d\u00e9put\u00e9 Sauveur Gandolfi-Scheit (UMP puis LR). \u00ab\u00a0Avoir un casque au moment de l&rsquo;accident est associ\u00e9 \u00e0 une division par plus de trois du risque de blessures \u00e0 la t\u00eate. Le port du casque permet de r\u00e9duire de 71% le risque de blessures s\u00e9rieuses \u00e0 la t\u00eate\u00a0\u00bb, d\u00e9fendaient les d\u00e9put\u00e9s dans leur proposition.<\/p>\n<p>Si le casque n&rsquo;est obligatoire que pour les enfants, ce n&rsquo;est en revanche pas le cas du gilet r\u00e9tror\u00e9fl\u00e9chissant qui est indispensable pour circuler la nuit \u00e0 v\u00e9lo. Comme pour le casque, la mention \u00ab\u00a0CE\u00a0\u00bb garantit son authenticit\u00e9. Rouler la nuit sans cet accessoire de visibilit\u00e9 expose \u00e0 une amende de 35\u00a0euros pouvant \u00eatre major\u00e9e \u00e0 150\u00a0euros. Si votre v\u00e9lo n&rsquo;est pas \u00e9quip\u00e9 de feux de signalisation \u00e0 l&rsquo;avant et l&rsquo;arri\u00e8re, une amende de 11\u00a0euros peut s&rsquo;ajouter \u00e0 l&rsquo;addition.<\/p>\n","protected":false},"excerpt":{"rendered":"Si vous partez faire du v\u00e9lo en famille, vous n&rsquo;avez pas tous les m\u00eames obligations en mati\u00e8re de&hellip;\n","protected":false},"author":2,"featured_media":425623,"comment_status":"","ping_status":"","sticky":false,"template":"","format":"standard","meta":{"footnotes":""},"categories":[1411],"tags":[55457,51761,1154,207,51763,1011,27,52173,1031,51767,60],"class_list":{"0":"post-425622","1":"post","2":"type-post","3":"status-publish","4":"format-standard","5":"has-post-thumbnail","7":"category-cyclisme","8":"tag-cms-journaldunet-1544705","9":"tag-controller-content","10":"tag-cycling","11":"tag-cyclisme","12":"tag-format-papier","13":"tag-fr","14":"tag-france","15":"tag-les-histoires-du-jdn","16":"tag-magazine","17":"tag-parallaxeinfeed","18":"tag-sports"},"share_on_mastodon":{"url":"https:\/\/pubeurope.com\/@fr\/115286638160264070","error":""},"_links":{"self":[{"href":"https:\/\/www.europesays.com\/fr\/wp-json\/wp\/v2\/posts\/425622","targetHints":{"allow":["GET"]}}],"collection":[{"href":"https:\/\/www.europesays.com\/fr\/wp-json\/wp\/v2\/posts"}],"about":[{"href":"https:\/\/www.europesays.com\/fr\/wp-json\/wp\/v2\/types\/post"}],"author":[{"embeddable":true,"href":"https:\/\/www.europesays.com\/fr\/wp-json\/wp\/v2\/users\/2"}],"replies":[{"embeddable":true,"href":"https:\/\/www.europesays.com\/fr\/wp-json\/wp\/v2\/comments?post=425622"}],"version-history":[{"count":0,"href":"https:\/\/www.europesays.com\/fr\/wp-json\/wp\/v2\/posts\/425622\/revisions"}],"wp:featuredmedia":[{"embeddable":true,"href":"https:\/\/www.europesays.com\/fr\/wp-json\/wp\/v2\/media\/425623"}],"wp:attachment":[{"href":"https:\/\/www.europesays.com\/fr\/wp-json\/wp\/v2\/media?parent=425622"}],"wp:term":[{"taxonomy":"category","embeddable":true,"href":"https:\/\/www.europesays.com\/fr\/wp-json\/wp\/v2\/categories?post=425622"},{"taxonomy":"post_tag","embeddable":true,"href":"https:\/\/www.europesays.com\/fr\/wp-json\/wp\/v2\/tags?post=425622"}],"curies":[{"name":"wp","href":"https:\/\/api.w.org\/{rel}","templated":true}]}}