{"id":425624,"date":"2025-09-29T08:27:15","date_gmt":"2025-09-29T08:27:15","guid":{"rendered":"https:\/\/www.europesays.com\/fr\/425624\/"},"modified":"2025-09-29T08:27:15","modified_gmt":"2025-09-29T08:27:15","slug":"equipe-possible-pour-barcelone-psg-vitinha-espere-et-yamal-de-retour","status":"publish","type":"post","link":"https:\/\/www.europesays.com\/fr\/425624\/","title":{"rendered":"\u00e9quipe possible pour Barcelone\/PSG, Vitinha esp\u00e9r\u00e9 et Yamal de retour"},"content":{"rendered":"<p><strong>Ce lundi 29 septembre, la presse fran\u00e7aise (sur l\u2019aspect sportif) s\u2019est concentr\u00e9e du c\u00f4t\u00e9 du Paris Saint-Germain sur l\u2019\u00e9quipe que pourrait aligner le coach Luis Enrique contre le FC Barcelone mercredi lors de la 2e journ\u00e9e de la Ligue des Champions. Cela avec plusieurs incertitudes au niveau de l\u2019infirmerie, dont de l\u2019espoir pour Vitinha (milieu de 25 ans).<\/strong><\/p>\n<p>Le Parisien \u2013<\/p>\n<p><img loading=\"lazy\" decoding=\"async\" class=\"aligncenter size-full wp-image-880006 lazyload\" alt=\"\" width=\"681\" height=\"161\" data-eio=\"p\" src=\"https:\/\/www.europesays.com\/fr\/wp-content\/uploads\/2025\/09\/presse-38.png\"  data- data-eio-rwidth=\"681\" data-eio-rheight=\"161\"\/> <img loading=\"lazy\" decoding=\"async\" class=\"aligncenter size-full wp-image-880005 lazyload\" alt=\"\" width=\"383\" height=\"187\" data-eio=\"p\" src=\"https:\/\/www.europesays.com\/fr\/wp-content\/uploads\/2025\/09\/presse2-42.png\"  data- data-eio-rwidth=\"383\" data-eio-rheight=\"187\"\/> <img loading=\"lazy\" decoding=\"async\" class=\"aligncenter size-full wp-image-880004 lazyload\" alt=\"\" width=\"361\" height=\"361\" data-eio=\"p\" src=\"https:\/\/www.europesays.com\/fr\/wp-content\/uploads\/2025\/09\/presse3-31.png\"  data- data-eio-rwidth=\"361\" data-eio-rheight=\"361\"\/><\/p>\n<p>L\u2019Equipe \u2013<\/p>\n<p><img loading=\"lazy\" decoding=\"async\" class=\"aligncenter size-full wp-image-880009 lazyload\" alt=\"\" width=\"539\" height=\"427\" data-eio=\"p\" src=\"https:\/\/www.europesays.com\/fr\/wp-content\/uploads\/2025\/09\/presse-39.png\"  data- data-eio-rwidth=\"539\" data-eio-rheight=\"427\"\/> <img loading=\"lazy\" decoding=\"async\" class=\"aligncenter size-full wp-image-880008 lazyload\" alt=\"\" width=\"258\" height=\"143\" data-eio=\"p\" src=\"https:\/\/www.europesays.com\/fr\/wp-content\/uploads\/2025\/09\/presse2-43.png\"  data- data-eio-rwidth=\"258\" data-eio-rheight=\"143\"\/> <img loading=\"lazy\" decoding=\"async\" class=\"aligncenter size-full wp-image-880007 lazyload\" alt=\"\" width=\"465\" height=\"317\" data-eio=\"p\" src=\"https:\/\/www.europesays.com\/fr\/wp-content\/uploads\/2025\/09\/presse6.jpgf_.png\"  data- data-eio-rwidth=\"465\" data-eio-rheight=\"317\"\/><\/p>\n<p>Il est difficile de savoir aujourd\u2019hui quel onze le PSG pourra aligner contre le Bar\u00e7a. Luis Enrique sait d\u00e9j\u00e0 surprendre, mais il y a en plus du flou sur les disponibilit\u00e9s. On comprend l\u2019impatience, sauf que le plus sage est attendre des nouvelles officielles. Peut-\u00eatre qu\u2019il y aura un communiqu\u00e9 d\u00e8s aujourd\u2019hui, apr\u00e8s des examens pass\u00e9s par Vitinha et Khvicha Kvaratskhelia. Il y aura aussi ce mardi l\u2019annonce du groupe pour voyager \u00e0 Barcelone, puis l\u2019entra\u00eenement sur place afin d\u2019avoir des indications.<\/p>\n<p>En tout cas, ce sera une belle rencontre et le PSG aura des atouts. Ce sera face \u00e0 une belle \u00e9quipe, \u00e9videmment. Dont le retour de la Lamine Yamal. Mais il y a \u00e9galement plusieurs absents importants. C\u2019est ainsi dans le football, il faut s\u2019adapter.<\/p>\n<p>\t\t\t\t\t\t\t\t\t\t\tMot(s) cl\u00e9(s) de l&rsquo;article<a href=\"https:\/\/www.parisfans.fr\/tag\/presse\" rel=\"tag noopener\" target=\"_blank\">presse<\/a><a href=\"https:\/\/www.parisfans.fr\/tag\/une-2\" rel=\"tag noopener\" target=\"_blank\">une<\/a><\/p>\n<p>\t\t\t\t\t\t\t\t\t\t\t\t\t\t\t\t\t\t\t\t\t\t\t<img loading=\"lazy\" src=\"https:\/\/www.europesays.com\/fr\/wp-content\/uploads\/2025\/04\/ParisFans_Logo.png\" decoding=\"async\" class=\"lazyload\" width=\"240\" height=\"54\" data-eio-rwidth=\"240\" data-eio-rheight=\"54\"\/><\/p>\n","protected":false},"excerpt":{"rendered":"Ce lundi 29 septembre, la presse fran\u00e7aise (sur l\u2019aspect sportif) s\u2019est concentr\u00e9e du c\u00f4t\u00e9 du Paris Saint-Germain sur&hellip;\n","protected":false},"author":2,"featured_media":425625,"comment_status":"","ping_status":"","sticky":false,"template":"","format":"standard","meta":{"footnotes":""},"categories":[1410],"tags":[63,1011,27,4048,60,96],"class_list":{"0":"post-425624","1":"post","2":"type-post","3":"status-publish","4":"format-standard","5":"has-post-thumbnail","7":"category-football","8":"tag-football","9":"tag-fr","10":"tag-france","11":"tag-presse","12":"tag-sports","13":"tag-une"},"share_on_mastodon":{"url":"https:\/\/pubeurope.com\/@fr\/115286641808336007","error":""},"_links":{"self":[{"href":"https:\/\/www.europesays.com\/fr\/wp-json\/wp\/v2\/posts\/425624","targetHints":{"allow":["GET"]}}],"collection":[{"href":"https:\/\/www.europesays.com\/fr\/wp-json\/wp\/v2\/posts"}],"about":[{"href":"https:\/\/www.europesays.com\/fr\/wp-json\/wp\/v2\/types\/post"}],"author":[{"embeddable":true,"href":"https:\/\/www.europesays.com\/fr\/wp-json\/wp\/v2\/users\/2"}],"replies":[{"embeddable":true,"href":"https:\/\/www.europesays.com\/fr\/wp-json\/wp\/v2\/comments?post=425624"}],"version-history":[{"count":0,"href":"https:\/\/www.europesays.com\/fr\/wp-json\/wp\/v2\/posts\/425624\/revisions"}],"wp:featuredmedia":[{"embeddable":true,"href":"https:\/\/www.europesays.com\/fr\/wp-json\/wp\/v2\/media\/425625"}],"wp:attachment":[{"href":"https:\/\/www.europesays.com\/fr\/wp-json\/wp\/v2\/media?parent=425624"}],"wp:term":[{"taxonomy":"category","embeddable":true,"href":"https:\/\/www.europesays.com\/fr\/wp-json\/wp\/v2\/categories?post=425624"},{"taxonomy":"post_tag","embeddable":true,"href":"https:\/\/www.europesays.com\/fr\/wp-json\/wp\/v2\/tags?post=425624"}],"curies":[{"name":"wp","href":"https:\/\/api.w.org\/{rel}","templated":true}]}}