{"id":425628,"date":"2025-09-29T08:29:26","date_gmt":"2025-09-29T08:29:26","guid":{"rendered":"https:\/\/www.europesays.com\/fr\/425628\/"},"modified":"2025-09-29T08:29:26","modified_gmt":"2025-09-29T08:29:26","slug":"portrait-dun-artiste-qui-seduit-avec-ses-animaux-enfants-aux-formes-rondes-et-douces","status":"publish","type":"post","link":"https:\/\/www.europesays.com\/fr\/425628\/","title":{"rendered":"portrait d&rsquo;un artiste qui s\u00e9duit avec ses animaux enfants aux formes rondes et douces"},"content":{"rendered":"<p>            Par<br \/>\n        <strong><br \/>\n            <a href=\"https:\/\/actu.fr\/auteur\/journaliste-lm\" title=\"Consulter tous les articles de R\u00e9daction Meaux\" rel=\"nofollow noopener\" target=\"_blank\">R\u00e9daction Meaux<\/a><br \/>\n        <\/strong><\/p>\n<p>        Publi\u00e9 le<\/p>\n<p>            28 sept. 2025 \u00e0 15h00        <\/p>\n<p>Vous avez s\u00fbrement d\u00e9j\u00e0 crois\u00e9 ses cr\u00e9ations \u00e0 <a href=\"https:\/\/actu.fr\/ile-de-france\/lagny-sur-marne_77243\" rel=\"nofollow noopener\" target=\"_blank\">Lagny-sur-Marne<\/a>\u00a0(<a href=\"https:\/\/actu.fr\/ile-de-france\/seine-et-marne_77\" rel=\"nofollow noopener\" target=\"_blank\">Seine-et-Marne<\/a>). Peut-\u00eatre ses chats dessin\u00e9s sur les plaquettes de chocolat de chez J\u00e9r\u00f4me L\u00e9pinay ou les stylos de l\u2019office du tourisme. Ou peut-\u00eatre plus r\u00e9cemment son chien \u00ab\u00a0Toto\u00a0\u00bb qui a rencontr\u00e9 le grand public en faisant une apparition remarqu\u00e9e dans la s\u00e9rie La Fi\u00e8vre de Canal+ l\u2019an dernier et qui <a href=\"https:\/\/actu.fr\/ile-de-france\/lagny-sur-marne_77243\/seine-et-marne-arrive-il-y-a-40-ans-cet-artiste-reconnu-offre-une-statue-a-la-ville-qui-la-accueilli_63204692.html\" rel=\"nofollow noopener\" target=\"_blank\">tr\u00f4ne d\u00e9sormais au parc d\u2019Haslach<\/a>. Apr\u00e8s avoir quitt\u00e9 la Hongrie et son r\u00e9gime autoritaire, Laszlo Tibay s\u2019est r\u00e9fugi\u00e9 \u00e0 Lagny, o\u00f9 il a affin\u00e9 son style et ses cr\u00e9ations.\u00a0Rencontre avec l\u2019artiste.<\/p>\n<p>L\u2019arche de No\u00e9, en bord de Marne<\/p>\n<p class=\" wall-content\">Au 2 rue Carnot, sur les bords de Marne, la N\u00e9o Galerie Tibay est son lieu de travail, mais aussi une exposition permanente de son \u0153uvre. On peut y d\u00e9couvrir des cr\u00e9ations fascinantes, parfois imagin\u00e9es \u00e0 partir d\u2019objets du quotidien : des barbecues en forme de taureau, tortue ou d\u2019\u00e2ne, des \u00e9l\u00e9phants miniatures aux lignes arrondies, d\u2019adorables chiens semblant tout droit sortis d\u2019une BD, mais aussi tableaux de peinture, du mobilier au design unique ou encore des luminaires. Avec un trait minimaliste et des formes souvent tr\u00e8s en rondeur, il y a quelque chose de r\u00e9confortant et de bienveillant dans ses cr\u00e9ations.<\/p>\n<p class=\" wall-content\">Ici, dans un atelier o\u00f9 la cr\u00e9ativit\u00e9 ne connait aucune limite, Laszlo imagine et fabrique tout de A \u00e0 Z.\u00a0Autodidacte, il a su avec brio, au fil des ann\u00e9es, d\u00e9celer les secrets de travail du bois, de la r\u00e9sine, des m\u00e9taux ou encore de la peinture.<\/p>\n<p>Une enfance pas comme les autres<\/p>\n<p class=\" wall-content\">S\u2019il ne s\u2019interdit pas d\u2019explorer d\u2019autres univers, sa th\u00e9matique principale est animali\u00e8re. Quand on lui demande d\u2019o\u00f9 lui vient cette passion pour les animaux dans son travail, il raconte : \u00a0\u00bb Je suis n\u00e9 dans une zone frontali\u00e8re de l\u2019Autriche, ferm\u00e9e par des barbel\u00e9s, o\u00f9 on ne pouvait rentrer qu\u2019avec autorisation de la police. On \u00e9tait compl\u00e8tement isol\u00e9s, mais c\u2019\u00e9tait dans une grande for\u00eat de ch\u00eanes, un endroit magnifique et mon p\u00e8re y \u00e9tait v\u00e9t\u00e9rinaire. Il s\u2019int\u00e9ressait \u00e9norm\u00e9ment au comportement animal, \u00e0 leur mani\u00e8re de r\u00e9agir, et j\u2019ai toujours eu beaucoup d\u2019animaux chez moi \u00ab\u00a0. Quant \u00e0 la fibre artistique, Laszlo la tient probablement de sa m\u00e8re, qui \u00e9tait tr\u00e8s dou\u00e9e en peinture.<\/p>\n<p>Vid\u00e9os : en ce moment sur ActuLe hasard fait bien les choses<\/p>\n<p class=\" wall-content\">En 1981, au sortir de l\u2019adolescence, Laszlo Tibay a quitt\u00e9 sa Hongrie natale o\u00f9 son avenir \u00e9tait rempli d\u2019incertitudes en raison du r\u00e9gime politique. \u00a0\u00bb Je suis parti de chez moi en auto-stop, jusqu\u2019en France, et le hasard m\u2019a fait passer par Lagny-sur-Marne\u00a0\u00bb, raconte l\u2019artiste. Le coup de c\u0153ur pour la ville a \u00e9t\u00e9 imm\u00e9diat. Deux jours apr\u00e8s, il demandait l\u2019asile politique \u00e0 la mairie. \u00a0\u00bb Ils m\u2019ont aid\u00e9 \u00e0 faire les d\u00e9marches. Je ne parlais pas un mot de fran\u00e7ais, j\u2019ai appris sur le tas, avec les gens. Il y avait une vraie vie nocturne, toute la jeunesse se retrouvait au caf\u00e9 \u00e0 Lagny, c\u2019\u00e9tait comme un petit Paris \u00ab\u00a0, se souvient-il.<\/p>\n<p>Votre r\u00e9gion, votre actu !<\/p>\n<p>Recevez chaque jour les infos qui comptent pour vous.<\/p>\n<p>\t<a href=\"https:\/\/actu.fr\/newsletter\" class=\"ac-btn ac-btn--corner ac-btn--medium ac-btn--blue800\" rel=\"nofollow noopener\" target=\"_blank\">S&rsquo;incrire<\/a><br \/>\nDe la renaissance \u00e0 la reconnaissance<\/p>\n<p class=\" wall-content\">Une fois \u00e9tabli en Seine-et-Marne, Laszlo a d\u00e9but\u00e9 sa vie professionnelle comme agent d\u2019entretien \u00e0 la mairie, puis a enchain\u00e9 les petits boulots, obtenu un BTS g\u00e9nie civil et travaill\u00e9 quinze ans dans un bureau d\u2019\u00e9tudes.<\/p>\n<p class=\" wall-content\">Mais finalement, anim\u00e9 par sa cr\u00e9ativit\u00e9, il s\u2019est d\u00e9men\u00e9 pour en faire son m\u00e9tier, jusqu\u2019\u00e0 devenir un artiste connu et reconnu, cot\u00e9 \u00e0 l\u2019international mais toujours attach\u00e9 \u00e0 Lagny. Et c\u2019est pr\u00e9cis\u00e9ment l\u2019endroit o\u00f9 il va d\u00e9sormais laisser une trace ind\u00e9l\u00e9bile. \u00a0\u00bb Avec cette statue, je voulais remercier la ville de m\u2019avoir aid\u00e9, accueilli et permis de fonder une famille ici \u00ab\u00a0, conclut l\u2019artiste Latignacien.<\/p>\n<p class=\" wall-content\">Personnalisez votre actualit\u00e9 en ajoutant vos villes et m\u00e9dias en favori avec <a href=\"https:\/\/moncompte.actu.fr\" title=\"D\u00e9couvez Mon Actu\" rel=\"nofollow noopener\" data-trk=\"{&quot;cta&quot;:{&quot;action&quot;:&quot;https:\\\/\\\/moncompte.actu.fr&quot;,&quot;category&quot;:&quot;mon compte&quot;,&quot;from&quot;:&quot;article footer&quot;,&quot;name&quot;:&quot;Mon actu&quot;,&quot;type&quot;:&quot;cta&quot;}}\" target=\"_blank\">Mon Actu<\/a>.<\/p>\n","protected":false},"excerpt":{"rendered":"Par R\u00e9daction Meaux Publi\u00e9 le 28 sept. 2025 \u00e0 15h00 Vous avez s\u00fbrement d\u00e9j\u00e0 crois\u00e9 ses cr\u00e9ations \u00e0&hellip;\n","protected":false},"author":2,"featured_media":425629,"comment_status":"","ping_status":"","sticky":false,"template":"","format":"standard","meta":{"footnotes":""},"categories":[1358],"tags":[1348,1384,1385,1386,58,59,1011,27,1652],"class_list":{"0":"post-425628","1":"post","2":"type-post","3":"status-publish","4":"format-standard","5":"has-post-thumbnail","7":"category-arts-et-design","8":"tag-arts","9":"tag-arts-and-design","10":"tag-arts-et-design","11":"tag-design","12":"tag-divertissement","13":"tag-entertainment","14":"tag-fr","15":"tag-france","16":"tag-loisirs-culture"},"share_on_mastodon":{"url":"https:\/\/pubeurope.com\/@fr\/115286649406854955","error":""},"_links":{"self":[{"href":"https:\/\/www.europesays.com\/fr\/wp-json\/wp\/v2\/posts\/425628","targetHints":{"allow":["GET"]}}],"collection":[{"href":"https:\/\/www.europesays.com\/fr\/wp-json\/wp\/v2\/posts"}],"about":[{"href":"https:\/\/www.europesays.com\/fr\/wp-json\/wp\/v2\/types\/post"}],"author":[{"embeddable":true,"href":"https:\/\/www.europesays.com\/fr\/wp-json\/wp\/v2\/users\/2"}],"replies":[{"embeddable":true,"href":"https:\/\/www.europesays.com\/fr\/wp-json\/wp\/v2\/comments?post=425628"}],"version-history":[{"count":0,"href":"https:\/\/www.europesays.com\/fr\/wp-json\/wp\/v2\/posts\/425628\/revisions"}],"wp:featuredmedia":[{"embeddable":true,"href":"https:\/\/www.europesays.com\/fr\/wp-json\/wp\/v2\/media\/425629"}],"wp:attachment":[{"href":"https:\/\/www.europesays.com\/fr\/wp-json\/wp\/v2\/media?parent=425628"}],"wp:term":[{"taxonomy":"category","embeddable":true,"href":"https:\/\/www.europesays.com\/fr\/wp-json\/wp\/v2\/categories?post=425628"},{"taxonomy":"post_tag","embeddable":true,"href":"https:\/\/www.europesays.com\/fr\/wp-json\/wp\/v2\/tags?post=425628"}],"curies":[{"name":"wp","href":"https:\/\/api.w.org\/{rel}","templated":true}]}}