{"id":425632,"date":"2025-09-29T08:31:12","date_gmt":"2025-09-29T08:31:12","guid":{"rendered":"https:\/\/www.europesays.com\/fr\/425632\/"},"modified":"2025-09-29T08:31:12","modified_gmt":"2025-09-29T08:31:12","slug":"des-mois-de-secret-axel-marbeuf-star-academy-part-sinstaller-en-asie-pour-une-nouvelle-vie","status":"publish","type":"post","link":"https:\/\/www.europesays.com\/fr\/425632\/","title":{"rendered":"\u00ab\u00a0Des mois de secret\u00a0\u00bb, Axel Marbeuf (Star Academy) part s\u2019installer en Asie pour une nouvelle vie"},"content":{"rendered":"<p>Figure embl\u00e9matique de la onzi\u00e8me \u00e9dition de la <strong>Star Academy<\/strong>, <strong>Axel Marbeuf<\/strong> s&rsquo;est distingu\u00e9 comme <strong>un concurrent redoutable parmi les candidats.<\/strong><\/p>\n<p>Et s&rsquo;il n&rsquo;a pas d\u00e9croch\u00e9 le titre de meilleur \u00e9l\u00e8ve, il s&rsquo;est tout de m\u00eame brillamment impos\u00e9 dans l&rsquo;industrie musicale. <\/p>\n<p>Apr\u00e8s avoir particip\u00e9 \u00e0 la grande tourn\u00e9e \u00e0 travers la France, la Belgique et la Suisse, il a en effet <a href=\"https:\/\/www.public.fr\/jai-pas-eu-le-choix-axel-marbeuf-evoque-son-premier-single-et-laventure-star-academy\" target=\"_blank\" rel=\"noopener\">d\u00e9voil\u00e9 plusieurs titres<\/a>, dont Chante et Depuis toi. Des morceaux qui n&rsquo;ont pas manqu\u00e9 de convaincre ses admirateurs.  <\/p>\n<p>En plus de ses projets en solo, Axel Marbeuf a aussi int\u00e9gr\u00e9 <strong>la troupe de la com\u00e9die musicale\u00a0Je vais t\u2019aimer<\/strong> avant de participer \u00e0 une repr\u00e9sentation du <strong>Roi Lion<\/strong>. <\/p>\n<p>Et le moins que l&rsquo;on puisse dire, c&rsquo;est que le jeune homme n&rsquo;a pas dit son dernier mot. Ce dimanche 28 septembre 2025, il s&rsquo;est bel et bien empar\u00e9 de ses <a href=\"https:\/\/www.instagram.com\/axel.marbeuf\/?hl=fr\" target=\"_blank\" rel=\"noreferrer noopener\">r\u00e9seaux sociaux<\/a> afin d&rsquo;annoncer une grande nouvelle \u00e0 sa communaut\u00e9. <\/p>\n<p>Une nouvelle aventure pour le jeune artiste<\/p>\n<p><a href=\"https:\/\/www.public.fr\/axel-star-academy-quitte-la-france-pour-lasie-son-nouveau-job-de-folie\" target=\"_blank\" rel=\"noopener\">Axel Marbeuf s&rsquo;appr\u00eate \u00e0 rejoindre la troupe de Rom\u00e9o et Juliette<\/a> en tant que <strong>doublure officielle de\u00a0Damien Sargue<\/strong>, qui incarne le c\u00e9l\u00e8bre h\u00e9ros. <\/p>\n<p>\u00ab\u00a0Le rideau s\u2019ouvre sur une nouvelle aventure\u2026 Des mois de secret, d\u2019impatience et d\u2019\u00e9motions\u00a0pour enfin pouvoir vous l\u2019annoncer\u00a0: je rejoins l\u2019\u00e9quipe de Rom\u00e9o et Juliette sur <strong>la tourn\u00e9e des 25 ans en Asie<\/strong> (en doublure\/alternant Rom\u00e9o)\u00a0\u00bb, a-t-il expliqu\u00e9 sur Instagram. <\/p>\n<p>Et de conclure : \u00ab\u00a0<strong>Un r\u00eave d\u2019enfant qui prend vie (\u2026), sur une sc\u00e8ne habit\u00e9e par tant de talents\u00a0!\u00a0Que le spectacle commence<\/strong>\u00ab\u00a0. <\/p>\n<p>Axel Marbeuf en froid avec ses camarades ?<\/p>\n<p>Il y a peu, Axel Marbeuf a partag\u00e9 un message \u00e9trange sur le r\u00e9seau social du groupe Meta. \u00ab\u00a0Il y a un an, j\u2019\u00e9tais sur la sc\u00e8ne de l\u2019ING Arena, pour la derni\u00e8re du Star Ac Tour 2024 !\u00a0\u00bb, a-t-il indiqu\u00e9 avant d&rsquo;avouer qu&rsquo;en \u00ab\u00a0un an, les choses ont bien chang\u00e9\u00a0\u00bb.<\/p>\n<p>\u00ab\u00a0<strong>Les amiti\u00e9s d\u2019hier sont devenues les souvenirs d\u2019aujourd\u2019hui et les joies pass\u00e9es, des moments de nostalgie.<\/strong> Ma route est encore longue et sem\u00e9e d\u2019emb\u00fbches, mais j\u2019avancerai pas \u00e0 pas, co\u00fbte que co\u00fbte, pour moi, pour vous. Merci pour le r\u00eave\u00a0\u00bb, a-t-il ajout\u00e9 sans en dire davantage. Un post qui a d\u00e9cha\u00een\u00e9 les passions. <\/p>\n<p>      Mentionn\u00e9s dans cet article<\/p>\n<p>      Sur le m\u00eame sujet<\/p>\n<p>  <script async src=\"\/\/www.instagram.com\/embed.js\"><\/script><\/p>\n","protected":false},"excerpt":{"rendered":"Figure embl\u00e9matique de la onzi\u00e8me \u00e9dition de la Star Academy, Axel Marbeuf s&rsquo;est distingu\u00e9 comme un concurrent redoutable&hellip;\n","protected":false},"author":2,"featured_media":425633,"comment_status":"","ping_status":"","sticky":false,"template":"","format":"standard","meta":{"footnotes":""},"categories":[1356],"tags":[6060,55458,58,59,1011,27,55459,252,1364],"class_list":{"0":"post-425632","1":"post","2":"type-post","3":"status-publish","4":"format-standard","5":"has-post-thumbnail","7":"category-television","8":"tag-asie","9":"tag-axel-marbeuf","10":"tag-divertissement","11":"tag-entertainment","12":"tag-fr","13":"tag-france","14":"tag-romeo-et-juliette","15":"tag-television","16":"tag-tv"},"share_on_mastodon":{"url":"https:\/\/pubeurope.com\/@fr\/115286657345704715","error":""},"_links":{"self":[{"href":"https:\/\/www.europesays.com\/fr\/wp-json\/wp\/v2\/posts\/425632","targetHints":{"allow":["GET"]}}],"collection":[{"href":"https:\/\/www.europesays.com\/fr\/wp-json\/wp\/v2\/posts"}],"about":[{"href":"https:\/\/www.europesays.com\/fr\/wp-json\/wp\/v2\/types\/post"}],"author":[{"embeddable":true,"href":"https:\/\/www.europesays.com\/fr\/wp-json\/wp\/v2\/users\/2"}],"replies":[{"embeddable":true,"href":"https:\/\/www.europesays.com\/fr\/wp-json\/wp\/v2\/comments?post=425632"}],"version-history":[{"count":0,"href":"https:\/\/www.europesays.com\/fr\/wp-json\/wp\/v2\/posts\/425632\/revisions"}],"wp:featuredmedia":[{"embeddable":true,"href":"https:\/\/www.europesays.com\/fr\/wp-json\/wp\/v2\/media\/425633"}],"wp:attachment":[{"href":"https:\/\/www.europesays.com\/fr\/wp-json\/wp\/v2\/media?parent=425632"}],"wp:term":[{"taxonomy":"category","embeddable":true,"href":"https:\/\/www.europesays.com\/fr\/wp-json\/wp\/v2\/categories?post=425632"},{"taxonomy":"post_tag","embeddable":true,"href":"https:\/\/www.europesays.com\/fr\/wp-json\/wp\/v2\/tags?post=425632"}],"curies":[{"name":"wp","href":"https:\/\/api.w.org\/{rel}","templated":true}]}}