{"id":425636,"date":"2025-09-29T08:33:34","date_gmt":"2025-09-29T08:33:34","guid":{"rendered":"https:\/\/www.europesays.com\/fr\/425636\/"},"modified":"2025-09-29T08:33:34","modified_gmt":"2025-09-29T08:33:34","slug":"un-documentaire-sur-les-gal-a-lassemblee-nationale-une-premiere-etape-pays-basque","status":"publish","type":"post","link":"https:\/\/www.europesays.com\/fr\/425636\/","title":{"rendered":"Un documentaire sur les GAL \u00e0 l&rsquo;Assembl\u00e9e nationale : une premi\u00e8re \u00e9tape | Pays Basque"},"content":{"rendered":"<p>        <img decoding=\"async\" alt=\"Joxi et Joxean ont \u00e9t\u00e9 les premi\u00e8res victimes des GAL.\" height=\"1068\" loading=\"lazy\"  src=\"https:\/\/www.europesays.com\/fr\/wp-content\/uploads\/2025\/09\/guz_MemoriarenIbilbidea_Baiona_GuillaumeFauveau_5.jpg\"  width=\"1600\"\/>Joxi et Joxean ont \u00e9t\u00e9 les premi\u00e8res victimes des GAL. (\u00a9 Guillaume FAUVEAU)<\/p>\n<p>\u00c0 l&rsquo;occasion de la date d&rsquo;<a href=\"https:\/\/www.mediabask.eus\/fr\/info_mbsk\/20250925\/attentat-de-l-hotel-monbar-un-debut-de-reconnaissance\" target=\"_blank\" rel=\"noopener\">anniversaire<\/a> de l&rsquo;attentat le plus sanglant du groupe para-policier des GAL, celui de l&rsquo;h\u00f4tel Monbar, les d\u00e9put\u00e9s basques ont annonc\u00e9 la projection d&rsquo;un film \u00e0 l&rsquo;Assembl\u00e9e nationale. Le documentaire \u00ab GAL : au nom de la raison d&rsquo;\u00c9tat \u00bb, r\u00e9alis\u00e9 par Sylvie Garat, sera visionn\u00e9 le 14 octobre \u00e0 19 heures, dans la salle Lamartine, 101 rue de l&rsquo;Universit\u00e9, \u00e0 Paris.<\/p>\n<p>Le soir de la projection sera annonc\u00e9e la forme que pourrait prendre un travail plus approfondi a sein du Parlement. Pour l&rsquo;instant, les d\u00e9put\u00e9s planchent sur plusieurs pistes avec des universitaires et des juristes. \u00ab [La projection] permettra de nourrir un d\u00e9bat constructif et, nous l\u2019esp\u00e9rons, de susciter des initiatives fortes en faveur de la v\u00e9rit\u00e9 et de la reconnaissance de toutes les victimes \u00bb, pr\u00e9cise la d\u00e9put\u00e9e de la cinqui\u00e8me circonscription Colette Capdevielle dans un communiqu\u00e9.<\/p>\n<p><strong>\u00ab Guerre sale \u00bb<\/strong><\/p>\n<p>\u00c0 travers leur initiative, les parlementaires basques souhaitent sensibiliser la soci\u00e9t\u00e9 civile, et en particulier les d\u00e9put\u00e9s, \u00e0 cette p\u00e9riode sombre de l\u2019histoire du Pays Basque qu&rsquo;est celle de la \u00ab guerre sale \u00bb men\u00e9e, entre autres groupes, par les GAL. La r\u00e9alisatrice, le producteur Gilles Perez, le conseiller \u00e0 la Cour de cassation Christophe Seys et une repr\u00e9sentante des victimes des GAL seront pr\u00e9sents.<\/p>\n<p>Dans un <a href=\"https:\/\/www.mediabask.eus\/fr\/info_mbsk\/20250319\/quelque-chose-de-tres-grave-s-est-produit-et-cela-a-ete-garde-sous-silence\" target=\"_blank\" rel=\"noopener\">entretien<\/a> accord\u00e9 \u00e0 Kazeta.eus, Sylvie Garat \u00e9voquait la n\u00e9cessit\u00e9 de transmettre l&rsquo;histoire de ce terrorisme d&rsquo;\u00c9tat men\u00e9 de 1983 \u00e0 1987 et de chercher la v\u00e9rit\u00e9. \u00ab Il y a eu 27 morts, rien que durant les ann\u00e9es GAL. Il ne s\u2019est rien pass\u00e9. Aucun ministre n\u2019est venu ici ! Le silence a r\u00e9gn\u00e9 \u00bb, relevait-elle. La responsabilit\u00e9 de membres du gouvernement espagnol dans la cr\u00e9ation des GAL a \u00e9t\u00e9 av\u00e9r\u00e9e, en revanche, rien n&rsquo;a \u00e9t\u00e9 fait sur le r\u00f4le jou\u00e9 par l&rsquo;\u00c9tat fran\u00e7ais dans cette entreprise terroriste qui a agi, en particulier, sur son territoire.<\/p>\n","protected":false},"excerpt":{"rendered":"Joxi et Joxean ont \u00e9t\u00e9 les premi\u00e8res victimes des GAL. (\u00a9 Guillaume FAUVEAU) \u00c0 l&rsquo;occasion de la date&hellip;\n","protected":false},"author":2,"featured_media":425637,"comment_status":"","ping_status":"","sticky":false,"template":"","format":"standard","meta":{"footnotes":""},"categories":[1354],"tags":[4348,58,1190,59,20173,1346,1011,27,55460,1577,1360,4361,3051],"class_list":{"0":"post-425636","1":"post","2":"type-post","3":"status-publish","4":"format-standard","5":"has-post-thumbnail","7":"category-films","8":"tag-assemblee","9":"tag-divertissement","10":"tag-documentaire","11":"tag-entertainment","12":"tag-etape","13":"tag-films","14":"tag-fr","15":"tag-france","16":"tag-gal","17":"tag-l","18":"tag-movies","19":"tag-nationale","20":"tag-premiere"},"share_on_mastodon":{"url":"https:\/\/pubeurope.com\/@fr\/115286665141145992","error":""},"_links":{"self":[{"href":"https:\/\/www.europesays.com\/fr\/wp-json\/wp\/v2\/posts\/425636","targetHints":{"allow":["GET"]}}],"collection":[{"href":"https:\/\/www.europesays.com\/fr\/wp-json\/wp\/v2\/posts"}],"about":[{"href":"https:\/\/www.europesays.com\/fr\/wp-json\/wp\/v2\/types\/post"}],"author":[{"embeddable":true,"href":"https:\/\/www.europesays.com\/fr\/wp-json\/wp\/v2\/users\/2"}],"replies":[{"embeddable":true,"href":"https:\/\/www.europesays.com\/fr\/wp-json\/wp\/v2\/comments?post=425636"}],"version-history":[{"count":0,"href":"https:\/\/www.europesays.com\/fr\/wp-json\/wp\/v2\/posts\/425636\/revisions"}],"wp:featuredmedia":[{"embeddable":true,"href":"https:\/\/www.europesays.com\/fr\/wp-json\/wp\/v2\/media\/425637"}],"wp:attachment":[{"href":"https:\/\/www.europesays.com\/fr\/wp-json\/wp\/v2\/media?parent=425636"}],"wp:term":[{"taxonomy":"category","embeddable":true,"href":"https:\/\/www.europesays.com\/fr\/wp-json\/wp\/v2\/categories?post=425636"},{"taxonomy":"post_tag","embeddable":true,"href":"https:\/\/www.europesays.com\/fr\/wp-json\/wp\/v2\/tags?post=425636"}],"curies":[{"name":"wp","href":"https:\/\/api.w.org\/{rel}","templated":true}]}}