{"id":425640,"date":"2025-09-29T08:35:10","date_gmt":"2025-09-29T08:35:10","guid":{"rendered":"https:\/\/www.europesays.com\/fr\/425640\/"},"modified":"2025-09-29T08:35:10","modified_gmt":"2025-09-29T08:35:10","slug":"les-jo-de-paris-2024-ont-coute-66-milliards-deuros-selon-la-cour-des-comptes-pour-un-impact-economique-modeste","status":"publish","type":"post","link":"https:\/\/www.europesays.com\/fr\/425640\/","title":{"rendered":"Les JO de Paris 2024 ont co\u00fbt\u00e9 6,6 milliards d\u2019euros, selon la Cour des comptes, pour un impact \u00e9conomique modeste"},"content":{"rendered":"<p>Dans leur dernier rapport sur les Jeux olympiques de l\u2019ann\u00e9e derni\u00e8re, les Sages ont revu \u00e0 la hausse les d\u00e9penses publiques consacr\u00e9es \u00e0 l\u2019\u00e9v\u00e9nement, dont la qualit\u00e9 de l\u2019organisation est par ailleurs salu\u00e9e.<\/p>\n<p class=\"fig-paragraph\">Un an exactement apr\u00e8s la fin\u00a0<a href=\"http:\/\/www.lefigaro.fr\/sports\/jeux-olympiques\/pourquoi-les-jeux-de-paris-2024-ont-marque-l-histoire-olympique-20250928\" data-fig-type=\"Article\" data-gtm-custom-categorie=\"navigation\" data-gtm-custom-action=\"crossclick\" data-gtm-custom-label=\"Contextuel\" data-gtm-event=\"customEventSPE\" data-fig-domain=\"LEFIGARO\" target=\"_blank\" rel=\"noopener\">des Jeux Olympiques et Paralympiques (JOP)<\/a>\u00a0de Paris 2024, la Cour des comptes publie ce lundi son dernier rapport consacr\u00e9 \u00e0 l\u2019\u00e9v\u00e9nement. Avec un premier enseignement\u00a0: l\u2019impact limit\u00e9 des Jeux sur l\u2019\u00e9conomie fran\u00e7aise, du moins \u00e0 court terme, avec un gain \u00e9valu\u00e9 seulement \u00e0 0,07 point du PIB en 2024. Pour le moyen et long terme, la Cour pr\u00e9vient qu\u2019il est encore trop t\u00f4t pour jauger les r\u00e9percussions de Paris 2024.<\/p>\n<p class=\"fig-paragraph\">Certes, dans leur synth\u00e8se, les magistrats de la rue Cambon pointent l\u2019effet positif des d\u00e9penses publiques d\u2019infrastructures lors de la pr\u00e9paration des Jeux, mais ils notent aussit\u00f4t sa forte att\u00e9nuation par la hausse des prix. Dans la m\u00eame veine, les rentr\u00e9es li\u00e9es \u00e0 la billetterie (12,1 millions de tickets acquitt\u00e9s, contre 11 millions \u00e0 Londres en 2012, le pr\u00e9c\u00e9dent record) et aux droits de diffusion (<a href=\"http:\/\/www.lefigaro.fr\/sports\/jeux-olympiques\/jo-paris-2024-cinq-milliards-de-personnes-ont-suivi-l-evenement-20241205\" data-fig-type=\"NewsFlash\" data-gtm-custom-categorie=\"navigation\" data-gtm-custom-action=\"crossclick\" data-gtm-custom-label=\"Contextuel\" data-gtm-event=\"customEventSPE\" data-fig-domain=\"LEFIGARO\" target=\"_blank\" rel=\"noopener\">5 milliards de t\u00e9l\u00e9spectateurs<\/a>) ont p\u00e2ti d\u2019un ph\u00e9nom\u00e8ne d\u2019\u00e9viction,\u00a0<a href=\"http:\/\/www.lefigaro.fr\/conjoncture\/la-belle-vitrine-des-jo-2024-n-a-pas-entraine-de-raz-de-maree-touristique-en-france-20250620\" data-fig-type=\"NewsFlash\" data-gtm-custom-categorie=\"navigation\" data-gtm-custom-action=\"crossclick\" data-gtm-custom-label=\"Contextuel\" data-gtm-event=\"customEventSPE\" data-fig-domain=\"LEFIGARO\" target=\"_blank\" rel=\"noopener\">notamment dans le tourisme<\/a>\u00a0avec plusieurs foyers de revenus p\u00e9nalis\u00e9s. On se souvient que plusieurs grandes institutions culturelles \u00e0 Paris avaient insist\u00e9 sur une fr\u00e9quentation inexistante pendant cette p\u00e9riode.<\/p>\n<p>                                    <a class=\"fig-a11y-skip a11y-hidden\" href=\"#fig-a11y-skip-main-inarticle\"><br \/>\n        Passer la publicit\u00e9<br \/>\n    <\/a><\/p>\n<p class=\"fig-paragraph\">\u00ab\u00a0Outre ces effets d\u2019\u00e9viction, l\u2019organisation des Jeux s\u2019est traduite par des perturbations encore difficiles \u00e0 quantifier, souligne la Cour, notamment des restrictions de circulation et d\u2019acc\u00e8s dans les zones d\u2019accueils des comp\u00e9titions et des c\u00e9r\u00e9monies.\u00a0\u00bb L\u00e0 encore, on se souvient\u00a0<a href=\"http:\/\/www.lefigaro.fr\/conjoncture\/c-est-une-catastrophe-entre-barrieres-et-qr-codes-le-desarroi-des-commerces-de-paris-avant-les-jo-20240721\" data-fig-type=\"Article\" data-gtm-custom-categorie=\"navigation\" data-gtm-custom-action=\"crossclick\" data-gtm-custom-label=\"Contextuel\" data-gtm-event=\"customEventSPE\" data-fig-domain=\"LEFIGARO\" target=\"_blank\" rel=\"noopener\">de la mont\u00e9e au cr\u00e9neau des commer\u00e7ants<\/a>, pour n\u2019avoir pas travaill\u00e9 cet \u00e9t\u00e9-l\u00e0 comme ils l\u2019auraient souhait\u00e9.<\/p>\n<p><strong>Hausse des d\u00e9penses publiques<\/strong><\/p>\n<p class=\"fig-paragraph\">Ce bilan \u00e9conomique est \u00e0 mettre en miroir avec l\u2019ensemble des d\u00e9penses publiques, revues \u00e0 la hausse par la Cour, qui parle de \u00ab\u00a0fortes mobilisations\u00a0\u00bb dans son ultime rapport. Tandis que les d\u00e9penses d\u2019organisation passent de 2,77 \u00e0 3,02 milliards d\u2019euros, celles li\u00e9es aux infrastructures atteignent 3,63 milliards d\u2019euros contre 3,19 milliards initialement. Sur ce volet, le Comit\u00e9 d\u2019organisation (Cojop) n\u2019est pas d\u2019accord et il l\u2019a d\u00e9j\u00e0 fait savoir \u00e0 la Cour, par \u00e9change de courriers.<\/p>\n<p class=\"fig-paragraph\">Sa contestation formelle a pour objet le p\u00e9rim\u00e8tre tr\u00e8s large des d\u00e9penses publiques qui sont imput\u00e9es aux Jeux. Le Comit\u00e9 fait valoir que certains investissements sont programm\u00e9s sur 30 ans et qu\u2019ils ont \u00e9t\u00e9 d\u00e9cid\u00e9s avant le lancement de la candidature de Paris, comme le prolongement de la ligne 14 du m\u00e9tro ou encore le plan Baignade.<\/p>\n<p class=\"fig-paragraph\">Parall\u00e8lement, le Cojop dit sa grande d\u00e9ception que la Cour ne se soit pas appliqu\u00e9e \u00e0 elle-m\u00eame ce qu\u2019elle r\u00e9clame tr\u00e8s souvent dans ses travaux\u00a0: estimer l\u2019impact des Jeux sur les d\u00e9penses publiques s\u2019ils ne s\u2019\u00e9taient pas tenus \u00e0 Paris. En revanche, le Comit\u00e9 se f\u00e9licite du satisfecit octroy\u00e9 \u00e0 l\u2019organisation globale de l\u2019\u00e9v\u00e9nement, au point qu\u2019il soit \u00e9rig\u00e9 comme un nouveau standard pour la r\u00e9ception d\u2019\u00e9v\u00e9nements sportifs internationaux. D\u00e8s ses premiers rapports, la Cour avait \u00e9loign\u00e9 le risque d\u2019une d\u00e9rive budg\u00e9taire. Le Cojop a finalement chiffr\u00e9 ses recettes \u00e0 4,49 milliards d\u2019euros pour des d\u00e9penses de 4,41 milliards.<\/p>\n<p>Jeux d\u2019hiver 2030<\/p>\n<p class=\"fig-paragraph\">La lecture du rapport publi\u00e9 lundi se r\u00e9v\u00e8le profitable \u00e9galement dans la perspective de la prochaine \u00e9ch\u00e9ance olympique en France,<a href=\"http:\/\/www.lefigaro.fr\/sports\/jeux-olympiques\/jo-d-hiver-2030-l-equipe-dirigeante-du-cojop-se-renforce-avec-trois-recrues-strategiques-20250703\" data-fig-type=\"NewsFlash\" data-gtm-custom-categorie=\"navigation\" data-gtm-custom-action=\"crossclick\" data-gtm-custom-label=\"Contextuel\" data-gtm-event=\"customEventSPE\" data-fig-domain=\"LEFIGARO\" target=\"_blank\" rel=\"noopener\">\u00a0les Jeux d\u2019hiver en 2030<\/a>. Dans le cadre de ses pr\u00e9conisations (qui terminent son \u00e9tude), la Cour se projette pour l\u2019essentiel vers ce nouvel \u00e9v\u00e9nement pr\u00e9vu dans l\u2019Hexagone et recommande explicitement de limiter le nombre d\u2019instances de coordination pendant la phase pr\u00e9paratoire, de mani\u00e8re \u00e0 resserrer la gouvernance pendant la phase op\u00e9rationnelle.<\/p>\n<p>                                    <a class=\"fig-a11y-skip a11y-hidden\" href=\"#fig-a11y-skip-main-inarticle_mtf\"><br \/>\n        Passer la publicit\u00e9<br \/>\n    <\/a><\/p>\n<p class=\"fig-paragraph\">Toujours \u00e0 l\u2019horizon 2030, les magistrats de la rue Cambon militent pour un fonctionnement plus efficace du conseil d\u2019administration des structures organisatrices &#8211; en veillant notamment \u00e0 la communication des travaux des diff\u00e9rents comit\u00e9s. Ce point est compl\u00e9t\u00e9 par un autre conseil insistant\u00a0: veiller \u00e0 l\u2019ind\u00e9pendance, \u00e0 l\u2019ad\u00e9quation des moyens et \u00e0 la transparence des travaux des comit\u00e9s d\u2019audit, d\u2019\u00e9thique et des r\u00e9mun\u00e9rations, pour mieux conseiller les instances dirigeantes et alerter les tutelles.<\/p>\n","protected":false},"excerpt":{"rendered":"Dans leur dernier rapport sur les Jeux olympiques de l\u2019ann\u00e9e derni\u00e8re, les Sages ont revu \u00e0 la hausse&hellip;\n","protected":false},"author":2,"featured_media":425641,"comment_status":"","ping_status":"","sticky":false,"template":"","format":"standard","meta":{"footnotes":""},"categories":[9],"tags":[1011,27,7941,60],"class_list":{"0":"post-425640","1":"post","2":"type-post","3":"status-publish","4":"format-standard","5":"has-post-thumbnail","7":"category-sports","8":"tag-fr","9":"tag-france","10":"tag-jo-paris-2024","11":"tag-sports"},"share_on_mastodon":{"url":"https:\/\/pubeurope.com\/@fr\/115286673254066020","error":""},"_links":{"self":[{"href":"https:\/\/www.europesays.com\/fr\/wp-json\/wp\/v2\/posts\/425640","targetHints":{"allow":["GET"]}}],"collection":[{"href":"https:\/\/www.europesays.com\/fr\/wp-json\/wp\/v2\/posts"}],"about":[{"href":"https:\/\/www.europesays.com\/fr\/wp-json\/wp\/v2\/types\/post"}],"author":[{"embeddable":true,"href":"https:\/\/www.europesays.com\/fr\/wp-json\/wp\/v2\/users\/2"}],"replies":[{"embeddable":true,"href":"https:\/\/www.europesays.com\/fr\/wp-json\/wp\/v2\/comments?post=425640"}],"version-history":[{"count":0,"href":"https:\/\/www.europesays.com\/fr\/wp-json\/wp\/v2\/posts\/425640\/revisions"}],"wp:featuredmedia":[{"embeddable":true,"href":"https:\/\/www.europesays.com\/fr\/wp-json\/wp\/v2\/media\/425641"}],"wp:attachment":[{"href":"https:\/\/www.europesays.com\/fr\/wp-json\/wp\/v2\/media?parent=425640"}],"wp:term":[{"taxonomy":"category","embeddable":true,"href":"https:\/\/www.europesays.com\/fr\/wp-json\/wp\/v2\/categories?post=425640"},{"taxonomy":"post_tag","embeddable":true,"href":"https:\/\/www.europesays.com\/fr\/wp-json\/wp\/v2\/tags?post=425640"}],"curies":[{"name":"wp","href":"https:\/\/api.w.org\/{rel}","templated":true}]}}