{"id":425654,"date":"2025-09-29T08:42:12","date_gmt":"2025-09-29T08:42:12","guid":{"rendered":"https:\/\/www.europesays.com\/fr\/425654\/"},"modified":"2025-09-29T08:42:12","modified_gmt":"2025-09-29T08:42:12","slug":"lincroyable-reconversion-de-lusine-samuel-roche","status":"publish","type":"post","link":"https:\/\/www.europesays.com\/fr\/425654\/","title":{"rendered":"l\u2019incroyable reconversion de l\u2019usine Samuel Roche"},"content":{"rendered":"<p>L\u2019histoire de l\u2019entreprise Samuel Roche est celle d\u2019un homme et de sa capacit\u00e9 \u00e0 s\u2019adapter. Fils d\u2019un mineur mort de la silicose, Th\u00e9odore Samuel Roche commence sa carri\u00e8re comme simple employ\u00e9. Passionn\u00e9 et ambitieux, il se perfectionne aux cours du soir de l\u2019\u00c9cole des Beaux-Arts, obtenant son dipl\u00f4me d\u2019ouvrier d\u2019art.<\/p>\n<p>Cette formation lui ouvre les portes du dessin de rubans et lui permet de fonder sa propre entreprise en 1910. Il fait appel \u00e0 L\u00e9on Lamaizi\u00e8re, architecte embl\u00e9matique de&#8230;<\/p>\n","protected":false},"excerpt":{"rendered":"L\u2019histoire de l\u2019entreprise Samuel Roche est celle d\u2019un homme et de sa capacit\u00e9 \u00e0 s\u2019adapter. Fils d\u2019un mineur&hellip;\n","protected":false},"author":2,"featured_media":425655,"comment_status":"","ping_status":"","sticky":false,"template":"","format":"standard","meta":{"footnotes":""},"categories":[9653],"tags":[1111,11,2430,33,7539,1777,674,1011,27,12,2661,25,4001,7538,216],"class_list":{"0":"post-425654","1":"post","2":"type-post","3":"status-publish","4":"format-standard","5":"has-post-thumbnail","7":"category-saint-etienne","8":"tag-actu","9":"tag-actualites","10":"tag-auvergne-rhone-alpes","11":"tag-economie","12":"tag-edition-loire-sud","13":"tag-eu","14":"tag-europe","15":"tag-fr","16":"tag-france","17":"tag-news","18":"tag-patrimoine-culturel","19":"tag-republique-francaise","20":"tag-saint-etienne","21":"tag-saint-etienne-ville","22":"tag-vie-des-entreprises"},"share_on_mastodon":{"url":"https:\/\/pubeurope.com\/@fr\/115286700504938397","error":""},"_links":{"self":[{"href":"https:\/\/www.europesays.com\/fr\/wp-json\/wp\/v2\/posts\/425654","targetHints":{"allow":["GET"]}}],"collection":[{"href":"https:\/\/www.europesays.com\/fr\/wp-json\/wp\/v2\/posts"}],"about":[{"href":"https:\/\/www.europesays.com\/fr\/wp-json\/wp\/v2\/types\/post"}],"author":[{"embeddable":true,"href":"https:\/\/www.europesays.com\/fr\/wp-json\/wp\/v2\/users\/2"}],"replies":[{"embeddable":true,"href":"https:\/\/www.europesays.com\/fr\/wp-json\/wp\/v2\/comments?post=425654"}],"version-history":[{"count":0,"href":"https:\/\/www.europesays.com\/fr\/wp-json\/wp\/v2\/posts\/425654\/revisions"}],"wp:featuredmedia":[{"embeddable":true,"href":"https:\/\/www.europesays.com\/fr\/wp-json\/wp\/v2\/media\/425655"}],"wp:attachment":[{"href":"https:\/\/www.europesays.com\/fr\/wp-json\/wp\/v2\/media?parent=425654"}],"wp:term":[{"taxonomy":"category","embeddable":true,"href":"https:\/\/www.europesays.com\/fr\/wp-json\/wp\/v2\/categories?post=425654"},{"taxonomy":"post_tag","embeddable":true,"href":"https:\/\/www.europesays.com\/fr\/wp-json\/wp\/v2\/tags?post=425654"}],"curies":[{"name":"wp","href":"https:\/\/api.w.org\/{rel}","templated":true}]}}