{"id":425666,"date":"2025-09-29T08:48:11","date_gmt":"2025-09-29T08:48:11","guid":{"rendered":"https:\/\/www.europesays.com\/fr\/425666\/"},"modified":"2025-09-29T08:48:11","modified_gmt":"2025-09-29T08:48:11","slug":"deux-tonnes-de-fruits-et-legumes-pour-les-restos-du-coeur","status":"publish","type":"post","link":"https:\/\/www.europesays.com\/fr\/425666\/","title":{"rendered":"deux tonnes de fruits et l\u00e9gumes pour les \u00ab\u00a0Restos du Coeur\u00a0\u00bb"},"content":{"rendered":"<p>            Par<br \/>\n        <strong><br \/>\n            <a href=\"https:\/\/actu.fr\/auteur\/jm-aubert\" title=\"Consulter tous les articles de Jean-Marc Aubert\" target=\"_blank\" rel=\"noopener\">Jean-Marc Aubert<\/a><br \/>\n        <\/strong><\/p>\n<p>        Publi\u00e9 le<\/p>\n<p>            29 sept. 2025 \u00e0 10h32        <\/p>\n<p>Apr\u00e8s une accalmie estivale, les <strong>policiers municipaux<\/strong> de <strong>Montpellier<\/strong> sont revenus au <strong>march\u00e9 sauvage<\/strong> de la Mosson, ce dimanche 28 septembre 2025 en matin\u00e9e, lors d\u2019une op\u00e9ration de lutte contre cette concurrence d\u00e9loyale r\u00e9currente, d\u00e9nonc\u00e9e par des commer\u00e7ants du quartier.<\/p>\n<p>    <a href=\"https:\/\/www.google.com\/maps\/embed?pb=!1m18!1m12!1m3!1d4503.433892711034!2d3.8119612521655006!3d43.62230070628369!2m3!1f0!2f0!3f0!3m2!1i1024!2i768!4f13.1!3m3!1m2!1s0x12b6ac3acc9e6877%3A0x5620180f7e709788!2sAv.%20de%20Heidelberg%2C%2034080%20Montpellier!5e0!3m2!1sfr!2sfr!4v1759130982357!5m2!1sfr!2sfr\" title=\"Ouvrie le lien\" target=\"_blank\" rel=\"noopener\">Cliquez ici pour visualiser le contenu<\/a><\/p>\n<p class=\" wall-content\">Bilan de cette intervention polici\u00e8re, sur ce march\u00e9 public situ\u00e9e pr\u00e8s de l\u2019avenue d\u2019Heidelberg, entre le rond-point de l\u2019Europe et le stade : <strong>deux tonnes de fruits et l\u00e9gumes,<\/strong> dont la provenance est ind\u00e9termin\u00e9e ont \u00e9t\u00e9 saisis. \u00ab\u00a0Ils ont \u00e9t\u00e9 redistribu\u00e9s \u00e0 l\u2019association des <strong>Restos du Coeur,<\/strong> permettant z\u00e9ro gaspillage et une action cent pour cent solidaire\u00a0\u00bb, se f\u00e9licite la Ville de Montpellier.<\/p>\n<p class=\" wall-content\">\u00ab\u00a0Pourquoi agir ? Ces march\u00e9s ill\u00e9gaux nuisent aux commer\u00e7ants du quartier, qui respectent les r\u00e8gles. Notre action permet de prot\u00e9ger l\u2019\u00e9conomie locale, de pr\u00e9server la propret\u00e9 et d\u2019aider ceux dans le besoin\u00a0\u00bb, confirme la direction de la police municipale, qui r\u00e9v\u00e8le que <strong>22 PV<\/strong> ont \u00e9t\u00e9 dress\u00e9s pour stationnement illicite, une voiture mise en fourri\u00e8re et l\u2019\u00e9vacuation par les \u00e9quipes du Groupe Nicollin de <strong>30m3 de d\u00e9chets<\/strong>. \u00ab\u00a0S\u2019il le faut, nous reviendrons tous les dimanches pour mettre un terme \u00e0 ces occupations ill\u00e9gales\u00a0\u00bb, pr\u00e9vient la police municipale. D\u2019autres contr\u00f4les devraient avoir lieu dans cette zone.<\/p>\n<p class=\" wall-content\">Personnalisez votre actualit\u00e9 en ajoutant vos villes et m\u00e9dias en favori avec <a href=\"https:\/\/moncompte.actu.fr\" title=\"D\u00e9couvez Mon Actu\" rel=\"nofollow noopener\" data-trk=\"{&quot;cta&quot;:{&quot;action&quot;:&quot;https:\\\/\\\/moncompte.actu.fr&quot;,&quot;category&quot;:&quot;mon compte&quot;,&quot;from&quot;:&quot;article footer&quot;,&quot;name&quot;:&quot;Mon actu&quot;,&quot;type&quot;:&quot;cta&quot;}}\" target=\"_blank\">Mon Actu<\/a>.<\/p>\n","protected":false},"excerpt":{"rendered":"Par Jean-Marc Aubert Publi\u00e9 le 29 sept. 2025 \u00e0 10h32 Apr\u00e8s une accalmie estivale, les policiers municipaux de&hellip;\n","protected":false},"author":2,"featured_media":425667,"comment_status":"","ping_status":"","sticky":false,"template":"","format":"standard","meta":{"footnotes":""},"categories":[9599],"tags":[1111,11,215,3008,1777,674,118,1011,27,2208,12,2680,1072,25],"class_list":{"0":"post-425666","1":"post","2":"type-post","3":"status-publish","4":"format-standard","5":"has-post-thumbnail","7":"category-montpellier","8":"tag-actu","9":"tag-actualites","10":"tag-commerce","11":"tag-dechets","12":"tag-eu","13":"tag-europe","14":"tag-faits-divers","15":"tag-fr","16":"tag-france","17":"tag-montpellier","18":"tag-news","19":"tag-occitanie","20":"tag-police","21":"tag-republique-francaise"},"share_on_mastodon":{"url":"https:\/\/pubeurope.com\/@fr\/115286724122879524","error":""},"_links":{"self":[{"href":"https:\/\/www.europesays.com\/fr\/wp-json\/wp\/v2\/posts\/425666","targetHints":{"allow":["GET"]}}],"collection":[{"href":"https:\/\/www.europesays.com\/fr\/wp-json\/wp\/v2\/posts"}],"about":[{"href":"https:\/\/www.europesays.com\/fr\/wp-json\/wp\/v2\/types\/post"}],"author":[{"embeddable":true,"href":"https:\/\/www.europesays.com\/fr\/wp-json\/wp\/v2\/users\/2"}],"replies":[{"embeddable":true,"href":"https:\/\/www.europesays.com\/fr\/wp-json\/wp\/v2\/comments?post=425666"}],"version-history":[{"count":0,"href":"https:\/\/www.europesays.com\/fr\/wp-json\/wp\/v2\/posts\/425666\/revisions"}],"wp:featuredmedia":[{"embeddable":true,"href":"https:\/\/www.europesays.com\/fr\/wp-json\/wp\/v2\/media\/425667"}],"wp:attachment":[{"href":"https:\/\/www.europesays.com\/fr\/wp-json\/wp\/v2\/media?parent=425666"}],"wp:term":[{"taxonomy":"category","embeddable":true,"href":"https:\/\/www.europesays.com\/fr\/wp-json\/wp\/v2\/categories?post=425666"},{"taxonomy":"post_tag","embeddable":true,"href":"https:\/\/www.europesays.com\/fr\/wp-json\/wp\/v2\/tags?post=425666"}],"curies":[{"name":"wp","href":"https:\/\/api.w.org\/{rel}","templated":true}]}}