{"id":425670,"date":"2025-09-29T08:51:13","date_gmt":"2025-09-29T08:51:13","guid":{"rendered":"https:\/\/www.europesays.com\/fr\/425670\/"},"modified":"2025-09-29T08:51:13","modified_gmt":"2025-09-29T08:51:13","slug":"paratriathlon-un-7e-titre-de-champion-de-france-pour-alexis-hanquiquant","status":"publish","type":"post","link":"https:\/\/www.europesays.com\/fr\/425670\/","title":{"rendered":"Paratriathlon : un 7e titre de champion de France pour Alexis Hanquiquant"},"content":{"rendered":"\n<p>         Publi\u00e9 le\u00a0:\u00a0       <\/p>\n<p>Lundi 29 septembre 2025 &#8211; 09h37<\/p>\n<p>         Th\u00e8me d\u2019actualit\u00e9\u00a0:\u00a0       <\/p>\n<p>                           <img loading=\"lazy\" decoding=\"async\" typeof=\"foaf:Image\" src=\"https:\/\/www.europesays.com\/fr\/wp-content\/uploads\/2025\/09\/capture_decran_2025-09-29_a_09.56.48.png\" width=\"639\" height=\"640\" alt=\"\"\/>                          <\/p>\n<p>Le palmar\u00e8s hors du commun d&rsquo;Alexis Hanquinquant continue de s&rsquo;\u00e9toffer avec un nouveau titre de champion de France de paratriathlon acquis ce dimanche 28 septembre \u00e0 Cabourg.<\/p>\n<p>C&rsquo;\u00e9tait attendu, mais encore fallait-il le faire. Invaincu en comp\u00e9tition depuis de longues ann\u00e9es, le paratriathl\u00e8te Alexis Hanquinquant, licenci\u00e9 au Rouen Triathlon, a remport\u00e9 l&rsquo;\u00e9preuve de sa cat\u00e9gorie (PTS4) dans le temps de 58 minutes et 17 secondes.<\/p>\n<p>Sur le parcours exigeant de Cabourg, il devance Pierre-Antoine Baele de 19 secondes seulement. Le natif de Lille confirme ses bonnes dispositions apr\u00e8s avoir termin\u00e9 4e des Jeux Paralympiques de Paris en 2024.<\/p>\n<p>Le prochain rendez-vous pour Alexis Hanquinquant ? Le championnat du monde qui se d\u00e9roule \u00e0 Wollongong, en Australie, du 15 au 19 octobre prochain.<\/p>\n","protected":false},"excerpt":{"rendered":"Publi\u00e9 le\u00a0:\u00a0 Lundi 29 septembre 2025 &#8211; 09h37 Th\u00e8me d\u2019actualit\u00e9\u00a0:\u00a0 Le palmar\u00e8s hors du commun d&rsquo;Alexis Hanquinquant continue&hellip;\n","protected":false},"author":2,"featured_media":425671,"comment_status":"","ping_status":"","sticky":false,"template":"","format":"standard","meta":{"footnotes":""},"categories":[9587],"tags":[1111,11,1777,674,1011,27,12,5161,25,9590],"class_list":{"0":"post-425670","1":"post","2":"type-post","3":"status-publish","4":"format-standard","5":"has-post-thumbnail","7":"category-rouen","8":"tag-actu","9":"tag-actualites","10":"tag-eu","11":"tag-europe","12":"tag-fr","13":"tag-france","14":"tag-news","15":"tag-normandie","16":"tag-republique-francaise","17":"tag-rouen"},"share_on_mastodon":{"url":"https:\/\/pubeurope.com\/@fr\/115286736262785190","error":""},"_links":{"self":[{"href":"https:\/\/www.europesays.com\/fr\/wp-json\/wp\/v2\/posts\/425670","targetHints":{"allow":["GET"]}}],"collection":[{"href":"https:\/\/www.europesays.com\/fr\/wp-json\/wp\/v2\/posts"}],"about":[{"href":"https:\/\/www.europesays.com\/fr\/wp-json\/wp\/v2\/types\/post"}],"author":[{"embeddable":true,"href":"https:\/\/www.europesays.com\/fr\/wp-json\/wp\/v2\/users\/2"}],"replies":[{"embeddable":true,"href":"https:\/\/www.europesays.com\/fr\/wp-json\/wp\/v2\/comments?post=425670"}],"version-history":[{"count":0,"href":"https:\/\/www.europesays.com\/fr\/wp-json\/wp\/v2\/posts\/425670\/revisions"}],"wp:featuredmedia":[{"embeddable":true,"href":"https:\/\/www.europesays.com\/fr\/wp-json\/wp\/v2\/media\/425671"}],"wp:attachment":[{"href":"https:\/\/www.europesays.com\/fr\/wp-json\/wp\/v2\/media?parent=425670"}],"wp:term":[{"taxonomy":"category","embeddable":true,"href":"https:\/\/www.europesays.com\/fr\/wp-json\/wp\/v2\/categories?post=425670"},{"taxonomy":"post_tag","embeddable":true,"href":"https:\/\/www.europesays.com\/fr\/wp-json\/wp\/v2\/tags?post=425670"}],"curies":[{"name":"wp","href":"https:\/\/api.w.org\/{rel}","templated":true}]}}