{"id":425674,"date":"2025-09-29T08:54:27","date_gmt":"2025-09-29T08:54:27","guid":{"rendered":"https:\/\/www.europesays.com\/fr\/425674\/"},"modified":"2025-09-29T08:54:27","modified_gmt":"2025-09-29T08:54:27","slug":"betton-un-concours-de-petanque-pour-octobre-rose","status":"publish","type":"post","link":"https:\/\/www.europesays.com\/fr\/425674\/","title":{"rendered":"Betton. Un concours de p\u00e9tanque pour Octobre rose"},"content":{"rendered":"<p>Trois questions \u00e0\u2026<\/p>\n<p><strong>Philippe Desisles, <\/strong>pr\u00e9sident d\u00e9l\u00e9gu\u00e9 du comit\u00e9 d\u2019Ille-et-Vilaine de p\u00e9tanque.<\/p>\n<p>Pourquoi un concours est organis\u00e9 par le comit\u00e9 d\u2019Ille-et-Vilaine de p\u00e9tanque dans la commune\u00a0?<\/p>\n<p>C\u2019est un concours que nous organisons pour la premi\u00e8re fois dans le cadre d\u2019Octobre rose, le comit\u00e9 d\u00e9partemental en est l\u2019organisateur par l\u2019interm\u00e9diaire de sa commission f\u00e9minine dirig\u00e9e par Marie Coup\u00e9. Quand nous organisons une manifestation, un concours, un championnat\u2026 Le comit\u00e9 demande aux clubs de postuler car nous n\u2019avons pas de lieu au niveau du d\u00e9partement et Betton s\u2019est propos\u00e9. Nous avons \u00e9chang\u00e9 avec Jean Saffray, le pr\u00e9sident du Cochonnet bettonnais.<\/p>\n<p>Comment va-t-il se d\u00e9rouler\u00a0?<\/p>\n<p>Le concours se d\u00e9roulera dans l\u2019espace couvert sur le site de la Touche, c\u2019est pour cela que le nombre d\u2019\u00e9quipes est limit\u00e9. Il y aura quarante-quatre\u00a0\u00e9quipes f\u00e9minines en doublette. Il n\u2019y a pas de lots, nous remettrons simplement aux participantes un sac avec Octobre rose inscrit dessus, qui contiendra quelques accessoires qui correspondent au th\u00e8me de la journ\u00e9e. Le comit\u00e9 demande aux participantes d\u2019avoir quelque chose de rose durant la journ\u00e9e pour marquer, \u00eatre dans le th\u00e8me et faire une animation qui va dans le sens de la lutte contre le cancer, ce concours est une nouveaut\u00e9 pour nous et nous souhaitons le mettre en avant.<\/p>\n<p>Quel est le but du concours\u00a0?<\/p>\n<p>Nous voulons reverser l\u2019ensemble des b\u00e9n\u00e9fices de la journ\u00e9e pour la lutte contre le cancer. L\u2019inscription a \u00e9t\u00e9 fix\u00e9e \u00e0 10\u00a0\u20ac par \u00e9quipe. L\u2019association du Cochonnet bettonnais qui tiendra la buvette a propos\u00e9 de reverser les b\u00e9n\u00e9fices de celle-ci pour la cause. Un ch\u00e8que sera remis \u00e0 la Ligue contre le cancer en d\u00e9cembre. Nous souhaitons vivement que des amateurs de p\u00e9tanque soient pr\u00e9sents lors de cette journ\u00e9e.<\/p>\n<p>Dimanche 12\u00a0octobre, \u00e0 14\u00a0h, au complexe sportif de la Touche, dans le boulodrome couvert.<\/p>\n<p>\u00a0<\/p>\n","protected":false},"excerpt":{"rendered":"Trois questions \u00e0\u2026 Philippe Desisles, pr\u00e9sident d\u00e9l\u00e9gu\u00e9 du comit\u00e9 d\u2019Ille-et-Vilaine de p\u00e9tanque. Pourquoi un concours est organis\u00e9 par&hellip;\n","protected":false},"author":2,"featured_media":425675,"comment_status":"","ping_status":"","sticky":false,"template":"","format":"standard","meta":{"footnotes":""},"categories":[2821],"tags":[1111,11,4395,829,903,1777,674,1011,27,12,7518,6426,584,25,4940],"class_list":{"0":"post-425674","1":"post","2":"type-post","3":"status-publish","4":"format-standard","5":"has-post-thumbnail","7":"category-rennes","8":"tag-actu","9":"tag-actualites","10":"tag-betton","11":"tag-bretagne","12":"tag-concours","13":"tag-eu","14":"tag-europe","15":"tag-fr","16":"tag-france","17":"tag-news","18":"tag-octobre","19":"tag-petanque","20":"tag-rennes","21":"tag-republique-francaise","22":"tag-rose"},"share_on_mastodon":{"url":"https:\/\/pubeurope.com\/@fr\/115286747703124809","error":""},"_links":{"self":[{"href":"https:\/\/www.europesays.com\/fr\/wp-json\/wp\/v2\/posts\/425674","targetHints":{"allow":["GET"]}}],"collection":[{"href":"https:\/\/www.europesays.com\/fr\/wp-json\/wp\/v2\/posts"}],"about":[{"href":"https:\/\/www.europesays.com\/fr\/wp-json\/wp\/v2\/types\/post"}],"author":[{"embeddable":true,"href":"https:\/\/www.europesays.com\/fr\/wp-json\/wp\/v2\/users\/2"}],"replies":[{"embeddable":true,"href":"https:\/\/www.europesays.com\/fr\/wp-json\/wp\/v2\/comments?post=425674"}],"version-history":[{"count":0,"href":"https:\/\/www.europesays.com\/fr\/wp-json\/wp\/v2\/posts\/425674\/revisions"}],"wp:featuredmedia":[{"embeddable":true,"href":"https:\/\/www.europesays.com\/fr\/wp-json\/wp\/v2\/media\/425675"}],"wp:attachment":[{"href":"https:\/\/www.europesays.com\/fr\/wp-json\/wp\/v2\/media?parent=425674"}],"wp:term":[{"taxonomy":"category","embeddable":true,"href":"https:\/\/www.europesays.com\/fr\/wp-json\/wp\/v2\/categories?post=425674"},{"taxonomy":"post_tag","embeddable":true,"href":"https:\/\/www.europesays.com\/fr\/wp-json\/wp\/v2\/tags?post=425674"}],"curies":[{"name":"wp","href":"https:\/\/api.w.org\/{rel}","templated":true}]}}