{"id":425678,"date":"2025-09-29T08:56:12","date_gmt":"2025-09-29T08:56:12","guid":{"rendered":"https:\/\/www.europesays.com\/fr\/425678\/"},"modified":"2025-09-29T08:56:12","modified_gmt":"2025-09-29T08:56:12","slug":"krautergersheim-la-50e-fete-de-la-choucroute-a-rassemble-la-foule","status":"publish","type":"post","link":"https:\/\/www.europesays.com\/fr\/425678\/","title":{"rendered":"Krautergersheim. La 50e F\u00eate de la choucroute a rassembl\u00e9 la foule"},"content":{"rendered":"<p>Le soleil s\u2019\u00e9tait invit\u00e9 ce dimanche \u00e0 Krautergersheim pour marquer la 50e\u00a0 \u00e9dition de la F\u00eate de la choucroute. La journ\u00e9e a d\u00e9but\u00e9 par la traditionnelle messe, ponctu\u00e9e de la b\u00e9n\u00e9diction des fruits et l\u00e9gumes. Fid\u00e8le \u00e0 son esprit de solidarit\u00e9, le village a choisi de remettre les dons de cette ann\u00e9e \u00e0 la Banque alimentaire ainsi qu\u2019au monast\u00e8re des s\u0153urs b\u00e9n\u00e9dictines de Rosheim.<\/p>\n<p>Pendant ce temps, sous le grand chapiteau, l\u2019effervescence battait d\u00e9j\u00e0 son plein. Les jeunes licenci\u00e9s du Football club de Krautergersheim s\u2019affairaient \u00e0 dresser les quelque 1\u00a0800 couverts destin\u00e9s au repas du midi.<\/p>\n<p>Un cort\u00e8ge sur le th\u00e8me \u201cDu champ \u00e0 l\u2019assiette\u201d<\/p>\n<p>Une organisation millim\u00e9tr\u00e9e&#8230;<\/p>\n","protected":false},"excerpt":{"rendered":"Le soleil s\u2019\u00e9tait invit\u00e9 ce dimanche \u00e0 Krautergersheim pour marquer la 50e\u00a0 \u00e9dition de la F\u00eate de la&hellip;\n","protected":false},"author":2,"featured_media":425679,"comment_status":"","ping_status":"","sticky":false,"template":"","format":"standard","meta":{"footnotes":""},"categories":[2820],"tags":[1111,11,327,1687,33,24625,1777,674,3326,107,1011,27,775,48442,12,25862,25,640],"class_list":{"0":"post-425678","1":"post","2":"type-post","3":"status-publish","4":"format-standard","5":"has-post-thumbnail","7":"category-strasbourg","8":"tag-actu","9":"tag-actualites","10":"tag-agriculture","11":"tag-culture-loisirs","12":"tag-economie","13":"tag-edition-molsheim-obernai","14":"tag-eu","15":"tag-europe","16":"tag-fete-locale","17":"tag-fil-info","18":"tag-fr","19":"tag-france","20":"tag-grand-est","21":"tag-krautergersheim","22":"tag-news","23":"tag-obernai-rosheim","24":"tag-republique-francaise","25":"tag-strasbourg"},"share_on_mastodon":{"url":"https:\/\/pubeurope.com\/@fr\/115286755539169777","error":""},"_links":{"self":[{"href":"https:\/\/www.europesays.com\/fr\/wp-json\/wp\/v2\/posts\/425678","targetHints":{"allow":["GET"]}}],"collection":[{"href":"https:\/\/www.europesays.com\/fr\/wp-json\/wp\/v2\/posts"}],"about":[{"href":"https:\/\/www.europesays.com\/fr\/wp-json\/wp\/v2\/types\/post"}],"author":[{"embeddable":true,"href":"https:\/\/www.europesays.com\/fr\/wp-json\/wp\/v2\/users\/2"}],"replies":[{"embeddable":true,"href":"https:\/\/www.europesays.com\/fr\/wp-json\/wp\/v2\/comments?post=425678"}],"version-history":[{"count":0,"href":"https:\/\/www.europesays.com\/fr\/wp-json\/wp\/v2\/posts\/425678\/revisions"}],"wp:featuredmedia":[{"embeddable":true,"href":"https:\/\/www.europesays.com\/fr\/wp-json\/wp\/v2\/media\/425679"}],"wp:attachment":[{"href":"https:\/\/www.europesays.com\/fr\/wp-json\/wp\/v2\/media?parent=425678"}],"wp:term":[{"taxonomy":"category","embeddable":true,"href":"https:\/\/www.europesays.com\/fr\/wp-json\/wp\/v2\/categories?post=425678"},{"taxonomy":"post_tag","embeddable":true,"href":"https:\/\/www.europesays.com\/fr\/wp-json\/wp\/v2\/tags?post=425678"}],"curies":[{"name":"wp","href":"https:\/\/api.w.org\/{rel}","templated":true}]}}