{"id":425680,"date":"2025-09-29T08:57:10","date_gmt":"2025-09-29T08:57:10","guid":{"rendered":"https:\/\/www.europesays.com\/fr\/425680\/"},"modified":"2025-09-29T08:57:10","modified_gmt":"2025-09-29T08:57:10","slug":"les-nouveaux-courtsides-sont-arrives","status":"publish","type":"post","link":"https:\/\/www.europesays.com\/fr\/425680\/","title":{"rendered":"Les nouveaux COURTSIDES sont arriv\u00e9s !"},"content":{"rendered":"<p class=\"chapo\" data-start=\"202\" data-end=\"360\">La SIG Strasbourg est fi\u00e8re de vous pr\u00e9senter une nouveaut\u00e9 qui va transformer votre exp\u00e9rience au Rh\u00e9nus Sport : les <strong data-start=\"320\" data-end=\"357\">si\u00e8ges COURTSIDES by Nakara Sport<\/strong>.<\/p>\n<p>Ces places d\u2019exception vous installent litt\u00e9ralement au bord du parquet, au plus pr\u00e8s des joueurs et de l\u2019intensit\u00e9 du jeu. C\u2019est la garantie de vivre le match comme si vous faisiez partie de l\u2019\u00e9quipe : entendre les consignes des coachs, ressentir l\u2019\u00e9nergie du public derri\u00e8re vous et partager l\u2019\u00e9motion des actions d\u00e9cisives \u00e0 quelques centim\u00e8tres de vous.<\/p>\n<p class=\"titre\">Une exp\u00e9rience unique, d\u00e8s le samedi 4 octobre<\/p>\n<p>Le coup d\u2019envoi de cette nouvelle aventure aura lieu lors du match <strong data-start=\"843\" data-end=\"873\">SIG Strasbourg \u2013 Le Portel<\/strong>, le samedi 4 octobre au Rh\u00e9nus Sport. Une soir\u00e9e qui s\u2019annonce m\u00e9morable, avec pour la premi\u00e8re fois la possibilit\u00e9 d\u2019assister \u00e0 la rencontre depuis ces nouveaux si\u00e8ges premium.<\/p>\n<p>\u00a0<\/p>\n<p><strong>Lien de r\u00e9servation<\/strong> : <a href=\"https:\/\/web.digitick.com\/sig-strasbourg-le-portel-sport-le-rhenus-04-octobre-2025-css5-sigstrasbourgbasket-pg101-ri11244993.html\" rel=\"nofollow noopener\" target=\"_blank\">https:\/\/web.digitick.com\/sig-strasbourg-le-portel-sport-le-rhenus-04-octobre-2025-css5-sigstrasbourgbasket-pg101-ri11244993.html<\/a><\/p>\n<p>\u00a0<\/p>\n<p>\u00a0<\/p>\n","protected":false},"excerpt":{"rendered":"La SIG Strasbourg est fi\u00e8re de vous pr\u00e9senter une nouveaut\u00e9 qui va transformer votre exp\u00e9rience au Rh\u00e9nus Sport&hellip;\n","protected":false},"author":2,"featured_media":425681,"comment_status":"","ping_status":"","sticky":false,"template":"","format":"standard","meta":{"footnotes":""},"categories":[2820],"tags":[1111,11,3146,1777,674,1011,27,775,3145,12,25,3144,640],"class_list":{"0":"post-425680","1":"post","2":"type-post","3":"status-publish","4":"format-standard","5":"has-post-thumbnail","7":"category-strasbourg","8":"tag-actu","9":"tag-actualites","10":"tag-betclic-elite","11":"tag-eu","12":"tag-europe","13":"tag-fr","14":"tag-france","15":"tag-grand-est","16":"tag-lnb","17":"tag-news","18":"tag-republique-francaise","19":"tag-sig","20":"tag-strasbourg"},"share_on_mastodon":{"url":"https:\/\/pubeurope.com\/@fr\/115286759464757582","error":""},"_links":{"self":[{"href":"https:\/\/www.europesays.com\/fr\/wp-json\/wp\/v2\/posts\/425680","targetHints":{"allow":["GET"]}}],"collection":[{"href":"https:\/\/www.europesays.com\/fr\/wp-json\/wp\/v2\/posts"}],"about":[{"href":"https:\/\/www.europesays.com\/fr\/wp-json\/wp\/v2\/types\/post"}],"author":[{"embeddable":true,"href":"https:\/\/www.europesays.com\/fr\/wp-json\/wp\/v2\/users\/2"}],"replies":[{"embeddable":true,"href":"https:\/\/www.europesays.com\/fr\/wp-json\/wp\/v2\/comments?post=425680"}],"version-history":[{"count":0,"href":"https:\/\/www.europesays.com\/fr\/wp-json\/wp\/v2\/posts\/425680\/revisions"}],"wp:featuredmedia":[{"embeddable":true,"href":"https:\/\/www.europesays.com\/fr\/wp-json\/wp\/v2\/media\/425681"}],"wp:attachment":[{"href":"https:\/\/www.europesays.com\/fr\/wp-json\/wp\/v2\/media?parent=425680"}],"wp:term":[{"taxonomy":"category","embeddable":true,"href":"https:\/\/www.europesays.com\/fr\/wp-json\/wp\/v2\/categories?post=425680"},{"taxonomy":"post_tag","embeddable":true,"href":"https:\/\/www.europesays.com\/fr\/wp-json\/wp\/v2\/tags?post=425680"}],"curies":[{"name":"wp","href":"https:\/\/api.w.org\/{rel}","templated":true}]}}