{"id":425692,"date":"2025-09-29T09:03:13","date_gmt":"2025-09-29T09:03:13","guid":{"rendered":"https:\/\/www.europesays.com\/fr\/425692\/"},"modified":"2025-09-29T09:03:13","modified_gmt":"2025-09-29T09:03:13","slug":"conference-inaugurale-daaron-carr-universite-bordeaux-montaigne","status":"publish","type":"post","link":"https:\/\/www.europesays.com\/fr\/425692\/","title":{"rendered":"Conf\u00e9rence inaugurale d&rsquo;Aaron Carr &#8211; Universit\u00e9 Bordeaux Montaigne"},"content":{"rendered":"<p><a name=\"conference+inaugurale+d+aaron+carr\"><\/a><\/p>\n<p>Recherche<\/p>\n<p>Conf\u00e9rence inaugurale d&rsquo;Aaron Carr<a title=\"\" rel=\"single nofollow noopener\" class=\"pirobox\" href=\"https:\/\/www.u-bordeaux-montaigne.fr\/_object\/ametys-internal%253Asites\/www\/ametys-internal%253Acontents\/conference-inaugurale-d-aaron-carr\/_attribute\/illustration\/image\/conference-Aaron-Carr-bordeaux-montaigne.png?objectId=defaultWebContent:\/\/209e3628-8134-4fba-a52f-db9c9404732a\" target=\"_blank\"><img decoding=\"async\" class=\"img-responsive\" alt=\"\" src=\"https:\/\/www.europesays.com\/fr\/wp-content\/uploads\/2025\/09\/209e3628-8134-4fba-a52f-db9c9404732a.png\"\/><\/a><\/p>\n<p class=\"content-published-date\"> Mis \u00e0 jour le 29 septembre 2025<\/p>\n<p class=\"introduction\">Aaron Carr, romancier et r\u00e9alisateur am\u00e9rindien, est cette ann\u00e9e l\u2019invit\u00e9 du Campus du Pin (Antenne d&rsquo;Agen, Universit\u00e9 Bordeaux Montaigne) pour une conf\u00e9rence inaugurale de rentr\u00e9e.<\/p>\n<p class=\"bloc\" style=\"text-align:center;\"><strong>Vendredi 3 octobre 2025, 14h-16h (Antenne universitaire d&rsquo;Agen, Campus du Pin, b\u00e2timent 1, Amphi 200).<\/strong><\/p>\n<p>Ce sera aussi l\u2019occasion de visionner son<strong> documentaire \u00ab Kinaalda : A Navajo Rite of Passage \u00bb<\/strong> (co-produit avec sa m\u00e8re Lena Carr), qui aborde des questions comme la transmission, l\u2019identit\u00e9 culturelle, ainsi que la difficult\u00e9 \u00e0 n\u00e9gocier le passage entre tradition et modernit\u00e9.<\/p>\n<p>Ne manquez pas aussi l\u2019exposition organis\u00e9e autour de cet \u00e9v\u00e9nement \u00e0 la Biblioth\u00e8que du Campus du Pin : \u00ab <strong>Les \u00e9tudes autochtones \u00e0 l\u2019universit\u00e9 : 50 ans d\u2019acquisition documentaire et de recherche<\/strong> \u00bb.<\/p>\n<p class=\"itemgray\"><strong>Entr\u00e9e libre dans la limite des places disponibles.<\/strong><\/p>\n<p><a name=\"N10078\"\/>Lire \u00e9galement<a name=\"N1007B\"\/>Les \u00e9tudes autochtones \u00e0 l&rsquo;universit\u00e9 : une histoire d&rsquo;acquisitions documentaires et de recherches<\/p>\n<p><a href=\"https:\/\/www.u-bordeaux-montaigne.fr\/fr\/actualites\/bibliotheques\/les-etudes-autochtones-a-l-universite-une-histoire-d-acquisitions-documentaires-et-de-recherches.html#les+etudes+autochtones+a+l+universite+++une+histoire+d+acquisitions+documentaires+et+de+recherches\" title=\"Les \u00e9tudes autochtones \u00e0 l&#039;universit\u00e9 : une histoire d&#039;acquisitions documentaires et de recherches\" class=\"simple\" rel=\"nofollow noopener\" target=\"_blank\"><img loading=\"lazy\" decoding=\"async\" src=\"https:\/\/www.europesays.com\/fr\/wp-content\/uploads\/2025\/09\/1759136593_916_paste_143x298.png\" alt=\"\" width=\"298\" height=\"143\"\/><\/a><\/p>\n<p>Jusqu&rsquo;au 10 octobre 2025<\/p>\n<p>Une exposition visible du 3 septembre au 10 octobre \u00e0 la biblioth\u00e8que universitaire du campus du Pin (Agen) met en avant le d\u00e9veloppement des \u00e9tudes autochtones et des fonds documentaires associ\u00e9s.<\/p>\n<p><a href=\"https:\/\/www.u-bordeaux-montaigne.fr\/fr\/actualites\/bibliotheques\/les-etudes-autochtones-a-l-universite-une-histoire-d-acquisitions-documentaires-et-de-recherches.html#les+etudes+autochtones+a+l+universite+++une+histoire+d+acquisitions+documentaires+et+de+recherches\" class=\"simple\" rel=\"nofollow noopener\" target=\"_blank\">en savoir plus +<\/a><\/p>\n<p class=\"content-contact\">Contact : <a id=\"M10398983511444604\">St\u00e9phanie Durrans (stephanie.durrans @ u-bordeaux-montaigne.fr)<\/a><\/p>\n","protected":false},"excerpt":{"rendered":"Recherche Conf\u00e9rence inaugurale d&rsquo;Aaron Carr Mis \u00e0 jour le 29 septembre 2025 Aaron Carr, romancier et r\u00e9alisateur am\u00e9rindien,&hellip;\n","protected":false},"author":2,"featured_media":425693,"comment_status":"","ping_status":"","sticky":false,"template":"","format":"standard","meta":{"footnotes":""},"categories":[2817],"tags":[1111,11,1997,1777,674,1011,27,12,2219,25],"class_list":{"0":"post-425692","1":"post","2":"type-post","3":"status-publish","4":"format-standard","5":"has-post-thumbnail","7":"category-bordeaux","8":"tag-actu","9":"tag-actualites","10":"tag-bordeaux","11":"tag-eu","12":"tag-europe","13":"tag-fr","14":"tag-france","15":"tag-news","16":"tag-nouvelle-aquitaine","17":"tag-republique-francaise"},"share_on_mastodon":{"url":"https:\/\/pubeurope.com\/@fr\/115286783582937300","error":""},"_links":{"self":[{"href":"https:\/\/www.europesays.com\/fr\/wp-json\/wp\/v2\/posts\/425692","targetHints":{"allow":["GET"]}}],"collection":[{"href":"https:\/\/www.europesays.com\/fr\/wp-json\/wp\/v2\/posts"}],"about":[{"href":"https:\/\/www.europesays.com\/fr\/wp-json\/wp\/v2\/types\/post"}],"author":[{"embeddable":true,"href":"https:\/\/www.europesays.com\/fr\/wp-json\/wp\/v2\/users\/2"}],"replies":[{"embeddable":true,"href":"https:\/\/www.europesays.com\/fr\/wp-json\/wp\/v2\/comments?post=425692"}],"version-history":[{"count":0,"href":"https:\/\/www.europesays.com\/fr\/wp-json\/wp\/v2\/posts\/425692\/revisions"}],"wp:featuredmedia":[{"embeddable":true,"href":"https:\/\/www.europesays.com\/fr\/wp-json\/wp\/v2\/media\/425693"}],"wp:attachment":[{"href":"https:\/\/www.europesays.com\/fr\/wp-json\/wp\/v2\/media?parent=425692"}],"wp:term":[{"taxonomy":"category","embeddable":true,"href":"https:\/\/www.europesays.com\/fr\/wp-json\/wp\/v2\/categories?post=425692"},{"taxonomy":"post_tag","embeddable":true,"href":"https:\/\/www.europesays.com\/fr\/wp-json\/wp\/v2\/tags?post=425692"}],"curies":[{"name":"wp","href":"https:\/\/api.w.org\/{rel}","templated":true}]}}