{"id":4257,"date":"2025-04-05T06:37:34","date_gmt":"2025-04-05T06:37:34","guid":{"rendered":"https:\/\/www.europesays.com\/fr\/4257\/"},"modified":"2025-04-05T06:37:34","modified_gmt":"2025-04-05T06:37:34","slug":"lachat-rate-du-qatar-qui-pollue-la-ville","status":"publish","type":"post","link":"https:\/\/www.europesays.com\/fr\/4257\/","title":{"rendered":"l&rsquo;achat rat\u00e9 du Qatar qui pollue la ville"},"content":{"rendered":"<p>Rachet\u00e9s par la famille princi\u00e8re du Qatar il y a environ 10 ans, des immeubles ainsi qu&rsquo;un ancien cin\u00e9ma Path\u00e9 sont toujours d\u00e9saffect\u00e9s en Presqu&rsquo;\u00eele de Lyon. Nous avons enqu\u00eat\u00e9.<\/p>\n<p>\n                            Cet article est r\u00e9serv\u00e9 aux abonn\u00e9s\n                        <\/p>\n<p>      <img loading=\"lazy\" decoding=\"async\" src=\"https:\/\/www.europesays.com\/fr\/wp-content\/uploads\/2025\/04\/ancien-cinema-pathe-lyon-rue-thomassin-960x640.jpg\" alt=\"Dans la rue Thomassin, \u00e0 Lyon, plusieurs immeubles sont \u00e0 l'abandon depuis 2016. Ils appartiennent \u00e0 la \" width=\"960\" height=\"640\"\/><br \/>\n    Dans la rue Thomassin, \u00e0 Lyon, plusieurs immeubles sont \u00e0 l\u2019abandon. (\u00a9Ludivine Caporal\/actu Lyon)                <\/p>\n<p>            Par<br \/>\n        <strong><br \/>\n            <a href=\"https:\/\/actu.fr\/auteur\/ludivine-caporal\" title=\"Consulter tous les articles de Ludivine Caporal\" rel=\"nofollow noopener\" target=\"_blank\">Ludivine Caporal<\/a><br \/>\n        <\/strong><\/p>\n<p>        Publi\u00e9 le<\/p>\n<p>            5 avr. 2025 \u00e0 6h44        <\/p>\n<p>Une <strong>verrue dans le paysage<\/strong> et un sacr\u00e9 g\u00e2chis de logements et de commerces.<\/p>\n<p class=\" wall-content\">La rue Thomassin, dans le 2e arrondissement de <a href=\"https:\/\/actu.fr\/auvergne-rhone-alpes\/lyon_69123\" rel=\"nofollow noopener\" target=\"_blank\">Lyon<\/a>, semble condamn\u00e9e \u00e0 garder une grande partie de ses immeubles d\u00e9saffect\u00e9s <strong>entre les num\u00e9ros\u00a014 et\u00a024<\/strong>.<\/p>\n<p class=\" wall-content\">Depuis de nombreuses ann\u00e9es et surtout la fermeture du cin\u00e9ma Path\u00e9 Cordeliers en f\u00e9vrier 2016, dernier lieu vivant de ce lot d\u2019immeubles, l\u2019endroit s\u2019est comme fig\u00e9. Seules les fa\u00e7ades se sont lentement d\u00e9grad\u00e9es, signe d\u2019un abandon total du b\u00e2ti pourtant id\u00e9alement situ\u00e9.<\/p>\n<p>Propri\u00e9t\u00e9s d\u2019une riche famille du Qatar<\/p>\n<p class=\" wall-content\">Selon nos informations exclusives, ces immeubles ainsi que l\u2019ancien cin\u00e9ma avaient \u00e9t\u00e9 rachet\u00e9s \u00e0 ANF immobilier par une soci\u00e9t\u00e9 parisienne appel\u00e9e <strong>\u00ab\u2009French Properties Management\u2009\u00bb<\/strong>, qui n\u2019est autre qu\u2019un fonds d\u2019investissement d\u00e9di\u00e9 aux acquisitions immobili\u00e8res de\u2026 l\u2019ancien \u00e9mir du Qatar, <strong>Hamad Ben Khalifa Al-Thani.<\/strong><\/p>\n<p>    <a href=\"https:\/\/www.google.com\/maps\/embed?pb=!1m18!1m12!1m3!1d2783.476962858234!2d4.832197476619264!3d45.761630713543965!2m3!1f0!2f0!3f0!3m2!1i1024!2i768!4f13.1!3m3!1m2!1s0x47f4ea567e65cb13%3A0x8ccee29247d1cdfe!2s20%20Rue%20Thomassin%2C%2069002%20Lyon!5e0!3m2!1sfr!2sfr!4v1741784440151!5m2!1sfr!2sfr\" title=\"Ouvrie le lien\" rel=\"nofollow noopener\" target=\"_blank\">Cliquez ici pour visualiser le contenu<\/a><\/p>\n<p class=\" wall-content\">En d\u2019autres termes, l\u2019ensemble de ces b\u00e2timents sont aujourd\u2019hui, et depuis au moins plusieurs ann\u00e9es, la propri\u00e9t\u00e9 de <a href=\"https:\/\/actu.fr\/societe\/le-qatar-promet-10-milliards-d-euros-pour-l-economie-francaise-d-ici-2030-annonce-emmanuel-macron_60755213.html\" rel=\"nofollow noopener\" target=\"_blank\">la famille r\u00e9gnante qatarie<\/a>, l\u2019une des plus riches du monde. Mais pour quelles raisons a-t-elle rachet\u00e9 ce lot et pourquoi l\u2019avoir laiss\u00e9 pourrir\u2009?<\/p>\n<p class=\" wall-content\">\n      <img decoding=\"async\" loading=\"lazy\" src=\"https:\/\/www.europesays.com\/fr\/wp-content\/uploads\/2025\/04\/pathe-cordeliers-lyon-rue-thomassin-960x640.png\" alt=\"Le cin\u00e9ma Path\u00e9 Cordeliers est rest\u00e9 ouvert de 2008 \u00e0 2016.\" width=\"960\" height=\"640\"\/><br \/>\n    Le cin\u00e9ma Path\u00e9 Cordeliers est rest\u00e9 ouvert de 2008 \u00e0 2016. (\u00a9Capture d\u2019\u00e9cran Google Street View)<br \/>\n      <img decoding=\"async\" loading=\"lazy\" src=\"https:\/\/www.europesays.com\/fr\/wp-content\/uploads\/2025\/04\/pathe-cordeliers-lyon-960x640.jpg\" alt=\"Rien n'a boug\u00e9 depuis 2016.\" width=\"960\" height=\"640\"\/><br \/>\n    Neuf ans plus tard, rien n\u2019a boug\u00e9. (\u00a9Ludivine Caporal\/actu Lyon)<br \/>\n      <img decoding=\"async\" loading=\"lazy\" src=\"https:\/\/www.europesays.com\/fr\/wp-content\/uploads\/2025\/04\/rue-thomassin-lyon-960x640.jpg\" alt=\"Une affiche de chantier datant de 2012 lorsqu'il y avait encore l'ancien propri\u00e9taire, ANF immobilier, est m\u00eame encore visible.\" width=\"960\" height=\"640\"\/><br \/>\n    Plus loin, au num\u00e9ro\u00a014 et\u00a016 de la rue, une affiche de chantier datant de 2012 lorsqu\u2019il y avait l\u2019ancien propri\u00e9taire, ANF immobilier, est m\u00eame encore visible. (\u00a9Ludivine Caporal\/actu Lyon)<\/p>\n<p>Un projet d\u2019extension du Printemps qui n\u2019a pas abouti<\/p>\n<p class=\" wall-content\">Selon nos informations, le projet initial \u00e9tait en fait d\u2019agrandir le <a href=\"https:\/\/actu.fr\/societe\/le-printemps-implante-au-havre-et-a-rouen-rachete-par-des-qataris_325373.html\" rel=\"nofollow noopener\" target=\"_blank\">magasin Printemps<\/a>, lui aussi propri\u00e9t\u00e9 des Qataris et situ\u00e9 au bout de la rue Thomassin, en s\u2019assurant le rachat des b\u00e2timents voisins, mais aussi de recr\u00e9er des commerces et des bureaux.<\/p>\n<p class=\" wall-content\">Si les propri\u00e9taires poss\u00e9dant les logements du num\u00e9ro\u00a026, soit l\u2019immeuble situ\u00e9 <strong>pile \u00e0 c\u00f4t\u00e9 du Printemps<\/strong>, sont les seuls \u00e0 avoir refus\u00e9 de vendre \u00e0 la famille princi\u00e8re, cela ne l\u2019a pas emp\u00each\u00e9e d\u2019imaginer tout de m\u00eame son grand projet. Elle a pr\u00e9sent\u00e9 un plan des futurs travaux aux Architectes des b\u00e2timents de France et \u00e0 la mairie de Lyon lors de plusieurs r\u00e9unions entre 2021 et 2023.<\/p>\n<p>      <img decoding=\"async\" loading=\"lazy\" src=\"https:\/\/www.europesays.com\/fr\/wp-content\/uploads\/2025\/04\/rue-thomassin-printemps-lyon-960x640.jpg\" alt=\"Les voisins directes du magasin Printemps ont refus\u00e9 de vendre aux Qataris.\" width=\"960\" height=\"640\"\/><br \/>\n    Les voisins directs du magasin Printemps ont refus\u00e9 de vendre aux Qataris. (\u00a9Ludivine Caporal\/actu Lyon)\u00ab\u2009Plus de son et plus d\u2019image du propri\u00e9taire depuis mi 2023\u2009\u00bb<\/p>\n<p class=\" wall-content\">Mais, depuis, l\u2019ancien \u00e9mir du Qatar semble tout simplement avoir renonc\u00e9 \u00e0 faire quoi que ce soit des murs qu\u2019il poss\u00e8de et n\u2019est ainsi jamais all\u00e9 jusqu\u2019au d\u00e9p\u00f4t de permis de construire.<\/p>\n<blockquote class=\"ac-article-quote wall-content\">\n<p>On n&rsquo;a plus de son et plus d&rsquo;image du propri\u00e9taire depuis mi-2023. Il a cess\u00e9 toute communication avec nous sans que l&rsquo;on sache r\u00e9ellement pourquoi. \u00c9tant donn\u00e9 que nous sommes dans une zone patrimoniale, et parce qu&rsquo;on n&rsquo;accorde pas de traitement de faveur, on lui a mis sur un plateau toutes les r\u00e8gles \u00e0 respecter, ce qui a eu l&rsquo;air de moins l&rsquo;int\u00e9resser. Mais c&rsquo;est un scandale qu&rsquo;il laisse cet endroit vide !<\/p>\n<p>    <strong>Rapha\u00ebl Michaud<\/strong><br \/>\n        Adjoint \u00e0 l&rsquo;urbanisme \u00e0 la Ville de Lyon    <\/p><\/blockquote>\n<p>\u00c0 qui la faute ?<\/p>\n<p class=\" wall-content\">Interrog\u00e9 \u00e0 ce sujet, <a href=\"https:\/\/actu.fr\/auvergne-rhone-alpes\/lyon_69123\/on-peut-gagner-lyon-pierre-oliver-lr-candidat-aux-municipales-ses-premieres-propositions_62417439.html\" rel=\"nofollow noopener\" target=\"_blank\">Pierre Oliver, maire LR du 2e arrondissement de Lyon<\/a> qui avait particip\u00e9 \u00e0 l\u2019une des premi\u00e8res r\u00e9unions entre le fonds d\u2019investissement et la Ville, remet la faute sur la majorit\u00e9 \u00e9cologiste en assurant que celle-ci aurait voulu <strong>\u00ab\u2009imposer\u2009\u00bb la plantation d\u2019un arbre<\/strong> sur un t\u00e8nement, ce qui n\u2019aurait pas plu au propri\u00e9taire.<\/p>\n<p class=\" wall-content\">\u00ab\u00a0\u00c7a ne s\u2019est absolument pas pass\u00e9 comme \u00e7a\u00a0\u00bb, se d\u00e9fend Rapha\u00ebl Michaud. \u00ab\u00a0Cette plantation d\u2019arbre fait partie de l\u2019avis des Architectes des b\u00e2timents de France et celui-ci doit \u00eatre <strong>strictement suivi<\/strong>, nous n\u2019imposons rien. De plus, le propri\u00e9taire ne nous a jamais mentionn\u00e9 ce point pr\u00e9cis comme \u00e9tant un probl\u00e8me\u00a0\u00bb, balaie l\u2019\u00e9lu.<\/p>\n<p>Une possible r\u00e9quisition de l\u2019\u00c9tat\u2009?<\/p>\n<p class=\" wall-content\">Si le projet semble donc au point mort, l\u2019option de vendre \u00e0 un autre propri\u00e9taire ne semble pas pour autant sur la table, emp\u00eachant la cr\u00e9ation de nombreux logements et commerces. De temps \u00e0 autre, un <strong>agent de s\u00e9curit\u00e9<\/strong> est d\u2019ailleurs mandat\u00e9 pour garder un \u0153il sur le lieu priv\u00e9 et s\u2019assurer que personne ne p\u00e9n\u00e8tre \u00e0 l\u2019int\u00e9rieur.<\/p>\n<p class=\" wall-content\">C\u2019est pourquoi la Ville a fini par sugg\u00e9rer <strong>une r\u00e9quisition de l\u2019\u00c9tat.<\/strong><\/p>\n<p class=\" wall-content\">\u00ab\u2009Nous avons envoy\u00e9 le dossier \u00e0 la pr\u00e9fecture du Rh\u00f4ne pour qu\u2019elle envisage de r\u00e9quisitionner ces biens qui se situent en zone tendue. C\u2019est dommage si \u00e7a devait se passer comme \u00e7a, mais nous n\u2019avons pas d\u2019autres choix pour le moment\u2009\u00bb, conclut Rapha\u00ebl Michaud.<\/p>\n<p>Odeurs, nuisibles\u2026<\/p>\n<p class=\" wall-content\">Il faut dire que la situation dure maintenant depuis trop longtemps et cause \u00e9galement d\u2019autres soucis.<\/p>\n<p class=\" wall-content\">\u00ab\u2009\u00c7a pue, il y a souvent des odeurs qui s\u2019\u00e9chappent de l\u2019immeuble. Il y a <strong>des souris, des rats,<\/strong> des gens qui squattent un peu\u2026 C\u2019est vraiment dommage pour la ville et les touristes\u2009\u00bb, commente Antonio Morreale, dont le <a href=\"https:\/\/actu.fr\/auvergne-rhone-alpes\/limonest_69116\/lyon-leurs-restaurants-italiens-cartonnent-antonio-e-marco-en-ouvrent-un-nouveau_61825828.html\" rel=\"nofollow noopener\" target=\"_blank\">c\u00e9l\u00e8bre restaurant italien<\/a> donne sur ces b\u00e2timents abandonn\u00e9s.<\/p>\n<p>      <img decoding=\"async\" loading=\"lazy\" src=\"https:\/\/www.europesays.com\/fr\/wp-content\/uploads\/2025\/04\/lyon-rue-thomassin-960x640.jpg\" alt=\"La terrasse du restaurant italien Antonio e Marco donne sur les b\u00e2timents abandonn\u00e9s.\" width=\"960\" height=\"640\"\/><br \/>\n    La terrasse du restaurant italien Antonio e Marco donne sur les b\u00e2timents abandonn\u00e9s. (\u00a9Ludivine Caporal\/actu Lyon)<\/p>\n<p class=\" wall-content\">\u00ab\u2009J\u2019ai install\u00e9 ma terrasse devant et j\u2019essaie d\u2019y mettre un peu de vie, j\u2019ai rajout\u00e9 des fleurs, je nettoie le sol\u2026 Heureusement que j\u2019ai des clients plut\u00f4t jeunes qui s\u2019int\u00e9ressent davantage \u00e0 la qualit\u00e9 de la nourriture qu\u2019au cadre, mais c\u2019est s\u00fbr qu\u2019une certaine client\u00e8le ne s\u2019installe pas dehors. J\u2019ai d\u00e9j\u00e0 eu des r\u00e9flexions\u2009\u00bb, poursuit le restaurateur.<\/p>\n<p class=\" wall-content\">Contact\u00e9e par notre r\u00e9daction, la soci\u00e9t\u00e9 \u00ab\u2009French Properties Management\u2009\u00bb n\u2019a pas souhait\u00e9 communiquer \u00e0 ce sujet et <strong>se refuse \u00e0 tout commentaire<\/strong>.<\/p>\n<p class=\" wall-content\">Suivez toute l\u2019actualit\u00e9 de vos villes et m\u00e9dias favoris en vous inscrivant \u00e0 <a href=\"https:\/\/moncompte.actu.fr\" title=\"D\u00e9couvez Mon Actu\" rel=\"nofollow noopener\" data-trk=\"{&quot;cta&quot;:{&quot;action&quot;:&quot;https:\\\/\\\/moncompte.actu.fr&quot;,&quot;category&quot;:&quot;mon compte&quot;,&quot;from&quot;:&quot;article footer&quot;,&quot;name&quot;:&quot;Mon actu&quot;,&quot;type&quot;:&quot;cta&quot;}}\" target=\"_blank\">Mon Actu<\/a>.<\/p>\n","protected":false},"excerpt":{"rendered":"Rachet\u00e9s par la famille princi\u00e8re du Qatar il y a environ 10 ans, des immeubles ainsi qu&rsquo;un ancien&hellip;\n","protected":false},"author":2,"featured_media":4258,"comment_status":"","ping_status":"","sticky":false,"template":"","format":"standard","meta":{"footnotes":""},"categories":[1889],"tags":[1111,11,2430,33,1777,674,1011,27,1116,2428,12,2809,1463,25],"class_list":{"0":"post-4257","1":"post","2":"type-post","3":"status-publish","4":"format-standard","5":"has-post-thumbnail","7":"category-lyon","8":"tag-actu","9":"tag-actualites","10":"tag-auvergne-rhone-alpes","11":"tag-economie","12":"tag-eu","13":"tag-europe","14":"tag-fr","15":"tag-france","16":"tag-immobilier","17":"tag-lyon","18":"tag-news","19":"tag-presquile","20":"tag-qatar","21":"tag-republique-francaise"},"share_on_mastodon":{"url":"","error":""},"_links":{"self":[{"href":"https:\/\/www.europesays.com\/fr\/wp-json\/wp\/v2\/posts\/4257","targetHints":{"allow":["GET"]}}],"collection":[{"href":"https:\/\/www.europesays.com\/fr\/wp-json\/wp\/v2\/posts"}],"about":[{"href":"https:\/\/www.europesays.com\/fr\/wp-json\/wp\/v2\/types\/post"}],"author":[{"embeddable":true,"href":"https:\/\/www.europesays.com\/fr\/wp-json\/wp\/v2\/users\/2"}],"replies":[{"embeddable":true,"href":"https:\/\/www.europesays.com\/fr\/wp-json\/wp\/v2\/comments?post=4257"}],"version-history":[{"count":0,"href":"https:\/\/www.europesays.com\/fr\/wp-json\/wp\/v2\/posts\/4257\/revisions"}],"wp:featuredmedia":[{"embeddable":true,"href":"https:\/\/www.europesays.com\/fr\/wp-json\/wp\/v2\/media\/4258"}],"wp:attachment":[{"href":"https:\/\/www.europesays.com\/fr\/wp-json\/wp\/v2\/media?parent=4257"}],"wp:term":[{"taxonomy":"category","embeddable":true,"href":"https:\/\/www.europesays.com\/fr\/wp-json\/wp\/v2\/categories?post=4257"},{"taxonomy":"post_tag","embeddable":true,"href":"https:\/\/www.europesays.com\/fr\/wp-json\/wp\/v2\/tags?post=4257"}],"curies":[{"name":"wp","href":"https:\/\/api.w.org\/{rel}","templated":true}]}}