{"id":425714,"date":"2025-09-29T09:17:12","date_gmt":"2025-09-29T09:17:12","guid":{"rendered":"https:\/\/www.europesays.com\/fr\/425714\/"},"modified":"2025-09-29T09:17:12","modified_gmt":"2025-09-29T09:17:12","slug":"66-milliards-de-depenses-publiques-mais-une-absence-de-derapage-budgetaire-selon-la-cour-des-comptes","status":"publish","type":"post","link":"https:\/\/www.europesays.com\/fr\/425714\/","title":{"rendered":"6,6 milliards de d\u00e9penses publiques mais une \u00ab\u00a0absence de d\u00e9rapage budg\u00e9taire\u00a0\u00bb selon la Cour des comptes"},"content":{"rendered":"\n<p class=\"c-chapo \">\n  Un rapport de la Cour des comptes, publi\u00e9 lundi, a \u00e9valu\u00e9 sur le plan \u00e9conomique les Jeux olympiques et paralympiques de Paris, avec un investissement publique r\u00e9\u00e9valu\u00e9 \u00e0 6,6 milliards d&rsquo;euros.\n<\/p>\n<p>      lire plus tard<\/p>\n<p id=\"dialog__title\" class=\"dialog__title\">Pour sauvegarder cet article, connectez-vous ou cr\u00e9ez un compte franceinfo<\/p>\n<p class=\"dialog__description\">Sans paiement. Sans abonnement.<\/p>\n<p>        Fermer la fen\u00eatre d\u2019activation des notifications France Info<\/p>\n<p>      cr\u00e9er votre compte<\/p>\n<p>      se connecter<\/p>\n<p>        Fermer la fen\u00eatre de pr\u00e9sentation<\/p>\n<p>    <img loading=\"lazy\" decoding=\"async\" class=\"signature__image lazyload\" width=\"100\" height=\"100\" data- alt=\"\" src=\"https:\/\/www.europesays.com\/fr\/wp-content\/uploads\/2025\/07\/logosport-fond-blanc-68664bf99f8a0368288482.jpg\"\/><\/p>\n<p>          France T\u00e9l\u00e9visions &#8211; R\u00e9daction Sport<\/p>\n<p>    Publi\u00e9 le 29\/09\/2025 10:37<\/p>\n<p>      Mis \u00e0 jour le 29\/09\/2025 10:42<\/p>\n<p>        Temps de lecture : 2min<\/p>\n<p>    <img decoding=\"async\"  alt=\"La tour Eiffel par\u00e9e des anneaux olympiques (photo d'illustration). (ADNAN FARZAT \/ AFP)\" width=\"432\" height=\"243\" src=\"https:\/\/www.europesays.com\/fr\/wp-content\/uploads\/2025\/09\/075-farzat-notitle240818-npdli-68da41d195951898493167.jpg\" fetchpriority=\"high\"\/><\/p>\n<p>      La tour Eiffel par\u00e9e des anneaux olympiques (photo d&rsquo;illustration). (ADNAN FARZAT \/ AFP)<\/p>\n<p>Les Jeux olympiques et paralympiques de Paris 2024 ont co\u00fbt\u00e9 6,6 milliards d&rsquo;euros en d\u00e9penses publiques, selon un rapport, publi\u00e9 lundi 29 septembre, par la Cour des comptes qui souligne \u00ab\u00a0l&rsquo;absence de d\u00e9rapage budg\u00e9taire\u00a0\u00bb, tout en jugeant \u00ab\u00a0modeste \u00e0 ce stade\u00a0\u00bb l&rsquo;impact \u00e9conomique de l&rsquo;\u00e9v\u00e9nement.<\/p>\n<p><a href=\"https:\/\/www.franceinfo.fr\/les-jeux-olympiques\/les-jeux-de-paris-2024-ont-coute-pres-de-six-milliards-d-euros-de-depenses-publiques-selon-la-cour-des-comptes_7332108.html\" rel=\"nofollow noopener\" target=\"_blank\">Les Sages de la rue Cambon r\u00e9\u00e9valuent ainsi \u00e0 la hausse leur premi\u00e8re estimation<\/a> \u00e0 5,9 milliards communiqu\u00e9e en juin dernier. La facture publique actualis\u00e9e se d\u00e9compose en 3,02 milliards d&rsquo;euros d\u00e9pens\u00e9s pour l&rsquo;organisation &#8211; dont 1,44 milliard pour la s\u00e9curit\u00e9 &#8211; et 3,63 milliards pour les infrastructures.<\/p>\n<p>Ont notamment \u00e9t\u00e9 ajout\u00e9es dans \u00ab\u00a0premier bilan d&rsquo;ensemble\u00a0\u00bb les d\u00e9penses des collectivit\u00e9s territoriales (par exemple pour am\u00e9nager des zones de c\u00e9l\u00e9bration), ou encore des d\u00e9penses engag\u00e9es pour assurer la baignabilit\u00e9 de la Seine en vue des \u00e9preuves de natation en eau libre et de triathlon.<\/p>\n<p>Dans ce rapport, la Cour des comptes tient cependant \u00e0 souligner que si les d\u00e9penses d&rsquo;infrastructures ont \u00e9t\u00e9 \u00ab\u00a0dans l&rsquo;ensemble correctement tenues\u00a0\u00bb, celles pour l&rsquo;organisation ont connu \u00ab\u00a0un processus de budg\u00e9tisation des d\u00e9penses de s\u00e9curit\u00e9 qui s&rsquo;est r\u00e9v\u00e9l\u00e9 particuli\u00e8rement erratique\u00a0\u00bb. Du c\u00f4t\u00e9 des recettes publiques, le rapport \u00e9tablit une \u00ab\u00a0premi\u00e8re \u00e9valuation\u00a0\u00bb \u00e0 293 millions d&rsquo;euros li\u00e9s uniquement \u00e0 l&rsquo;organisation, car \u00ab\u00a0\u00e0 ce stade, aucune recette budg\u00e9taire n&rsquo;a pu \u00eatre identifi\u00e9e s&rsquo;agissant des infrastructures\u00a0\u00bb. Concernant les retomb\u00e9es \u00e9conomiques de Paris 2024, la Cour des comptes &#8211; \u00ab\u00a0dans la limite des donn\u00e9es disponibles\u00a0\u00bb &#8211; juge que l&rsquo;impact a \u00e9t\u00e9 \u00ab\u00a0modeste \u00e0 ce stade\u00a0\u00bb et \u00ab\u00a0relativement limit\u00e9 \u00e0 court terme\u00a0\u00bb.<\/p>\n<p>A titre de comparaison, en 2023, les documents budg\u00e9taires avaient tabl\u00e9 sur des investissements publics \u00e0 hauteur de 2,44 milliards pour ces Jeux. Et en mars 2024, le pr\u00e9sident de la Cour des comptes Pierre Moscovici avait estim\u00e9 qu&rsquo;ils \u00ab\u00a0devraient co\u00fbter\u00a0\u00bb entre 3 et 5 milliards d&rsquo;argent public. Lors de la parution de son premier rapport sur le sujet, en juin, Tony Estanguet, ancien pr\u00e9sident du Comit\u00e9 d&rsquo;organisation des Jeux (Cojop), avait rejet\u00e9 ces conclusions : \u00ab\u00a0Paris 2024 conteste vivement le chiffre de six milliards auquel parvient la Cour\u00a0\u00bb.<\/p>\n","protected":false},"excerpt":{"rendered":"Un rapport de la Cour des comptes, publi\u00e9 lundi, a \u00e9valu\u00e9 sur le plan \u00e9conomique les Jeux olympiques&hellip;\n","protected":false},"author":2,"featured_media":425715,"comment_status":"","ping_status":"","sticky":false,"template":"","format":"standard","meta":{"footnotes":""},"categories":[1888],"tags":[1111,1928,11,1927,1777,674,1011,27,12,1926,626,1925,25],"class_list":{"0":"post-425714","1":"post","2":"type-post","3":"status-publish","4":"format-standard","5":"has-post-thumbnail","7":"category-paris","8":"tag-actu","9":"tag-actu-paris","10":"tag-actualites","11":"tag-actualites-paris","12":"tag-eu","13":"tag-europe","14":"tag-fr","15":"tag-france","16":"tag-news","17":"tag-news-paris","18":"tag-paris","19":"tag-paris-news","20":"tag-republique-francaise"},"share_on_mastodon":{"url":"https:\/\/pubeurope.com\/@fr\/115286838254359539","error":""},"_links":{"self":[{"href":"https:\/\/www.europesays.com\/fr\/wp-json\/wp\/v2\/posts\/425714","targetHints":{"allow":["GET"]}}],"collection":[{"href":"https:\/\/www.europesays.com\/fr\/wp-json\/wp\/v2\/posts"}],"about":[{"href":"https:\/\/www.europesays.com\/fr\/wp-json\/wp\/v2\/types\/post"}],"author":[{"embeddable":true,"href":"https:\/\/www.europesays.com\/fr\/wp-json\/wp\/v2\/users\/2"}],"replies":[{"embeddable":true,"href":"https:\/\/www.europesays.com\/fr\/wp-json\/wp\/v2\/comments?post=425714"}],"version-history":[{"count":0,"href":"https:\/\/www.europesays.com\/fr\/wp-json\/wp\/v2\/posts\/425714\/revisions"}],"wp:featuredmedia":[{"embeddable":true,"href":"https:\/\/www.europesays.com\/fr\/wp-json\/wp\/v2\/media\/425715"}],"wp:attachment":[{"href":"https:\/\/www.europesays.com\/fr\/wp-json\/wp\/v2\/media?parent=425714"}],"wp:term":[{"taxonomy":"category","embeddable":true,"href":"https:\/\/www.europesays.com\/fr\/wp-json\/wp\/v2\/categories?post=425714"},{"taxonomy":"post_tag","embeddable":true,"href":"https:\/\/www.europesays.com\/fr\/wp-json\/wp\/v2\/tags?post=425714"}],"curies":[{"name":"wp","href":"https:\/\/api.w.org\/{rel}","templated":true}]}}