{"id":425716,"date":"2025-09-29T09:18:10","date_gmt":"2025-09-29T09:18:10","guid":{"rendered":"https:\/\/www.europesays.com\/fr\/425716\/"},"modified":"2025-09-29T09:18:10","modified_gmt":"2025-09-29T09:18:10","slug":"place-a-la-jeune-garde-a-la-fashion-week-de-paris","status":"publish","type":"post","link":"https:\/\/www.europesays.com\/fr\/425716\/","title":{"rendered":"place \u00e0 la jeune garde \u00e0 la Fashion Week de Paris"},"content":{"rendered":"<p class=\"mb-4 text-lg md:leading-8 break-words\">La Fashion Week f\u00e9minine s&rsquo;ouvre lundi \u00e0 Paris, avec une grande place aux jeunes cr\u00e9ateurs. Apr\u00e8s un mercato in\u00e9dit de directeurs artistiques, le coup d&rsquo;envoi de cette nouvelle \u00e9dition s&rsquo;annonce d\u00e9cisive.<\/p>\n<p class=\"mb-4 text-lg md:leading-8 break-words\">Les jeunes griffes Weinsanto et Julie Kegels, mais aussi le t\u00e9nor Saint Laurent, ouvrent lundi 29 septembre la Fashion Week f\u00e9minine de <a class=\"link \" href=\"https:\/\/www.france24.com\/fr\/tag\/paris\/\" rel=\"nofollow noopener\" target=\"_blank\" data-ylk=\"slk:Paris;elm:context_link;itc:0;sec:content-canvas\">Paris<\/a>, coup d&rsquo;envoi d&rsquo;une \u00e9dition qui se veut d\u00e9cisive, marqu\u00e9e par les d\u00e9buts de nombreux cr\u00e9ateurs.<\/p>\n<p class=\"mb-4 text-lg md:leading-8 break-words\">L&rsquo;Alsacien Victor Weinsanto ouvre le bal, suivi dans la foul\u00e9e par le premier d\u00e9fil\u00e9 au calendrier officiel de la cr\u00e9atrice belge Julie Kegels.<\/p>\n<p class=\"mb-4 text-lg md:leading-8 break-words\">La Su\u00e9doise Ellen Hodakova Larsson, le Fran\u00e7ais d&rsquo;origine turque Burc Akyol et la griffe new-yorkaise Vaquera figurent \u00e9galement au programme de cette premi\u00e8re journ\u00e9e.<\/p>\n<p class=\"mb-4 text-lg md:leading-8 break-words\">En soir\u00e9e, Saint Laurent pr\u00e9sentera sa collection avant un show de l&rsquo;Or\u00e9al Paris sur le parvis de l&rsquo;H\u00f4tel de Ville, gratuit et ouvert au public sur inscription. Des ambassadrices de la marque, dont les actrices Eva Longoria, Jane Fonda et Viola Davis, y sont attendues.<\/p>\n<p class=\"mb-4 text-lg md:leading-8 break-words\">Apr\u00e8s New York, Londres et Milan, plus de 110 maisons vont d\u00e9voiler jusqu&rsquo;au 7 octobre leur collection printemps-\u00e9t\u00e9 2026 \u00e0 travers 76 d\u00e9fil\u00e9s et 37 pr\u00e9sentations.<\/p>\n<p class=\"mb-4 text-lg md:leading-8 break-words\">\u00c0 voir aussi<a class=\"link \" href=\"https:\/\/www.france24.com\/fr\/\u00e9missions\/mode\/20250512-pr\u00eat-\u00e0-porter-automne-hiver-2025-2026-l-art-d-avoir-toujours-raison\" rel=\"nofollow noopener\" target=\"_blank\" data-ylk=\"slk:Pr\u00eat-\u00e0-porter automne-hiver 2025\/2026 : l\u2019art d\u2019avoir toujours raison;elm:context_link;itc:0;sec:content-canvas\">Pr\u00eat-\u00e0-porter automne-hiver 2025\/2026 : l\u2019art d\u2019avoir toujours raison<\/a><\/p>\n<p class=\"mb-4 text-lg md:leading-8 break-words\">Cette saison parisienne refl\u00e8te un mercato in\u00e9dit de directeurs artistiques, signe d&rsquo;une dynamique de renouvellement sans pr\u00e9c\u00e9dent. Le secteur du luxe, confront\u00e9 \u00e0 un contexte \u00e9conomique moins favorable, mise sur ces changements pour se r\u00e9inventer et relancer sa croissance.<\/p>\n<p>Une Fashion Week \u00ab\u00a0sans temps mort\u00a0\u00bb<\/p>\n<p class=\"mb-4 text-lg md:leading-8 break-words\">\u00ab\u00a0On peut parler d&rsquo;une Fashion Week historique\u00a0\u00bb, estime Claire Thomson-Jonville, directrice \u00e9ditoriale de Vogue France.<\/p>\n<p class=\"mb-4 text-lg md:leading-8 break-words\">\u00ab\u00a0On entame un nouveau chapitre, pas tellement de ce qu&rsquo;est la Fashion Week, mais de ce que va \u00eatre la mode des dix prochaines ann\u00e9es\u00a0\u00bb, ajoute Pierre Groppo, r\u00e9dacteur en chef mode et lifestyle de Vanity Fair France.<\/p>\n<p class=\"mb-4 text-lg md:leading-8 break-words\">Le premier d\u00e9fil\u00e9 de Matthieu Blazy chez Chanel, le 6 octobre, constitue le moment le plus attendu. Le Franco-Belge de 41 ans, d\u00e9bauch\u00e9 de Bottega Veneta, a pour mission de tourner la page <a class=\"link \" href=\"https:\/\/www.france24.com\/fr\/tag\/karl-lagerfeld\/\" rel=\"nofollow noopener\" target=\"_blank\" data-ylk=\"slk:Karl Lagerfeld;elm:context_link;itc:0;sec:content-canvas\">Karl Lagerfeld<\/a> et de maintenir l&rsquo;\u00e9quilibre d\u00e9licat qui fait la singularit\u00e9 de la griffe.<\/p>\n<p class=\"mb-4 text-lg md:leading-8 break-words\">\u00c0 voir aussi<a class=\"link \" href=\"https:\/\/www.france24.com\/fr\/\u00e9missions\/mode\/20250721-la-mode-masculine-printemps-\u00e9t\u00e9-2026-militante\" rel=\"nofollow noopener\" target=\"_blank\" data-ylk=\"slk:La mode masculine printemps-\u00e9t\u00e9 2026 ?... Militante !;elm:context_link;itc:0;sec:content-canvas\">La mode masculine printemps-\u00e9t\u00e9 2026 ?&#8230; Militante !<\/a><\/p>\n<p class=\"mb-4 text-lg md:leading-8 break-words\">Autre \u00e9v\u00e9nement majeur : Jonathan Anderson pr\u00e9sentera le 1\u1d49\u02b3 octobre sa premi\u00e8re collection femme pour Dior apr\u00e8s une ligne homme remarqu\u00e9e en juin.<\/p>\n<p class=\"mb-4 text-lg md:leading-8 break-words\">Les regards se tourneront \u00e9galement vers Pierpaolo Piccioli \u00e0 la t\u00eate de Balenciaga, succ\u00e9dant \u00e0 Demna, et vers Duran Lantink chez Jean-Paul Gaultier, devenu le premier directeur artistique permanent depuis le d\u00e9part \u00e0 la retraite de son fondateur en 2020.<\/p>\n<p class=\"mb-4 text-lg md:leading-8 break-words\">\u00c0 ces nouveaut\u00e9s s&rsquo;ajoutent les grands rendez-vous des habitu\u00e9s, comme Louis Vuitton ou Herm\u00e8s, et le retour de marques absentes de longue date, comme Celine et Thom Browne, promettant une Fashion Week \u00ab\u00a0sans temps mort\u00a0\u00bb, selon Elvire von Bardeleben, journaliste mode au Monde.<\/p>\n<p class=\"mb-4 text-lg md:leading-8 break-words\">Avec AFP<\/p>\n","protected":false},"excerpt":{"rendered":"La Fashion Week f\u00e9minine s&rsquo;ouvre lundi \u00e0 Paris, avec une grande place aux jeunes cr\u00e9ateurs. Apr\u00e8s un mercato&hellip;\n","protected":false},"author":2,"featured_media":425717,"comment_status":"","ping_status":"","sticky":false,"template":"","format":"standard","meta":{"footnotes":""},"categories":[1888],"tags":[1111,1928,11,1927,55467,55465,1777,674,992,1011,27,55466,21045,12,1926,626,1925,25,55468],"class_list":{"0":"post-425716","1":"post","2":"type-post","3":"status-publish","4":"format-standard","5":"has-post-thumbnail","7":"category-paris","8":"tag-actu","9":"tag-actu-paris","10":"tag-actualites","11":"tag-actualites-paris","12":"tag-coup-denvoi-2","13":"tag-directeurs-artistiques","14":"tag-eu","15":"tag-europe","16":"tag-fashion-week","17":"tag-fr","18":"tag-france","19":"tag-julie-kegels","20":"tag-la-fashion-week","21":"tag-news","22":"tag-news-paris","23":"tag-paris","24":"tag-paris-news","25":"tag-republique-francaise","26":"tag-weinsanto"},"share_on_mastodon":{"url":"https:\/\/pubeurope.com\/@fr\/115286842058946332","error":""},"_links":{"self":[{"href":"https:\/\/www.europesays.com\/fr\/wp-json\/wp\/v2\/posts\/425716","targetHints":{"allow":["GET"]}}],"collection":[{"href":"https:\/\/www.europesays.com\/fr\/wp-json\/wp\/v2\/posts"}],"about":[{"href":"https:\/\/www.europesays.com\/fr\/wp-json\/wp\/v2\/types\/post"}],"author":[{"embeddable":true,"href":"https:\/\/www.europesays.com\/fr\/wp-json\/wp\/v2\/users\/2"}],"replies":[{"embeddable":true,"href":"https:\/\/www.europesays.com\/fr\/wp-json\/wp\/v2\/comments?post=425716"}],"version-history":[{"count":0,"href":"https:\/\/www.europesays.com\/fr\/wp-json\/wp\/v2\/posts\/425716\/revisions"}],"wp:featuredmedia":[{"embeddable":true,"href":"https:\/\/www.europesays.com\/fr\/wp-json\/wp\/v2\/media\/425717"}],"wp:attachment":[{"href":"https:\/\/www.europesays.com\/fr\/wp-json\/wp\/v2\/media?parent=425716"}],"wp:term":[{"taxonomy":"category","embeddable":true,"href":"https:\/\/www.europesays.com\/fr\/wp-json\/wp\/v2\/categories?post=425716"},{"taxonomy":"post_tag","embeddable":true,"href":"https:\/\/www.europesays.com\/fr\/wp-json\/wp\/v2\/tags?post=425716"}],"curies":[{"name":"wp","href":"https:\/\/api.w.org\/{rel}","templated":true}]}}