{"id":425722,"date":"2025-09-29T09:21:10","date_gmt":"2025-09-29T09:21:10","guid":{"rendered":"https:\/\/www.europesays.com\/fr\/425722\/"},"modified":"2025-09-29T09:21:10","modified_gmt":"2025-09-29T09:21:10","slug":"le-cio-prend-acte-du-retour-de-la-russie-mais-maintient-son-approche-aux-jo","status":"publish","type":"post","link":"https:\/\/www.europesays.com\/fr\/425722\/","title":{"rendered":"le CIO \u00abprend acte\u00bb du retour de la Russie mais maintient son approche aux JO"},"content":{"rendered":"<p>Alors que l\u2019IPC a vot\u00e9 pour le retour des athl\u00e8tes russes et bi\u00e9lorusses aux Jeux paralympiques, le CIO, lui, ne change pas de position.<\/p>\n<p class=\"fig-paragraph\">Le Comit\u00e9 international olympique \u00abprend acte\u00bb de la r\u00e9int\u00e9gration de la Russie et du B\u00e9larus d\u00e9cid\u00e9e samedi par son homologue paralympique &#8211; \u00e0 la surprise g\u00e9n\u00e9rale et \u00e0 une courte majorit\u00e9 -, mais maintient pour les JO une participation sous banni\u00e8re neutre et strictes conditions, a-t-il indiqu\u00e9 lundi. Cette d\u00e9cision permet en principe aux sportifs des deux pays, exclus des Jeux paralympiques d&rsquo;hiver de P\u00e9kin &#8211; au tout d\u00e9but de la guerre &#8211; puis admis \u00e0 titre individuel et sous banni\u00e8re neutre aux Jeux de Paris en 2024, de retrouver leurs pleins droits, c&rsquo;est-\u00e0-dire hymnes, couleurs officielles et pr\u00e9sence au tableau des m\u00e9dailles.<\/p>\n<p class=\"fig-paragraph\">Le CIO rappelle que l&rsquo;IPC, \u00abconjointement avec les f\u00e9d\u00e9rations internationales responsables des sports paralympiques\u00bb &#8211; et qui pour l&rsquo;heure sanctionnent toujours les deux pays -, \u00abest l&rsquo;autorit\u00e9 comp\u00e9tente pour les Jeux paralympiques\u00bb. En revanche, l&rsquo;instance olympique r\u00e9it\u00e8re sa propre \u00abapproche pour les Jeux olympiques d&rsquo;hiver de Milan-Cortina\u00bb (6-22 f\u00e9vrier 2026), d\u00e9cid\u00e9e le 19 septembre par sa commission ex\u00e9cutive et qui reconduit \u00e0 l&rsquo;identique le dispositif des JO 2024 de Paris.<\/p>\n<p>                                    <a class=\"fig-a11y-skip a11y-hidden\" href=\"#fig-a11y-skip-main-inarticle\"><br \/>\n        Passer la publicit\u00e9<br \/>\n    <\/a><\/p>\n<p class=\"fig-paragraph\">Pour peu que les f\u00e9d\u00e9rations internationales leur ouvrent des voies de qualification, Russes et B\u00e9larusses pourront concourir dans les \u00e9preuves individuelles, sous banni\u00e8re neutre, \u00e0 condition de ne pas \u00eatre sous contrat avec l&rsquo;arm\u00e9e ou les services de s\u00e9curit\u00e9 et de ne pas soutenir activement la guerre en Ukraine.<\/p>\n","protected":false},"excerpt":{"rendered":"Alors que l\u2019IPC a vot\u00e9 pour le retour des athl\u00e8tes russes et bi\u00e9lorusses aux Jeux paralympiques, le CIO,&hellip;\n","protected":false},"author":2,"featured_media":425723,"comment_status":"","ping_status":"","sticky":false,"template":"","format":"standard","meta":{"footnotes":""},"categories":[1591],"tags":[11,21246,21249,1887,21244,21243,3996,3237,7941,21250,21247,12,5856,21245,1885,1886,132,21248],"class_list":{"0":"post-425722","1":"post","2":"type-post","3":"status-publish","4":"format-standard","5":"has-post-thumbnail","7":"category-russie","8":"tag-actualites","9":"tag-classements-jeux-olympiques","10":"tag-date-jo","11":"tag-federation-de-russie","12":"tag-jeux-olympiques-dete","13":"tag-jeux-olympiques-dhiver","14":"tag-jeux-olympiques","15":"tag-jo","16":"tag-jo-paris-2024","17":"tag-lieu-jeux-olympiques","18":"tag-medaille-jo","19":"tag-news","20":"tag-paris-2024","21":"tag-resultats-jeux-olympiques","22":"tag-russia","23":"tag-russian-federation","24":"tag-russie","25":"tag-sports-jeux-olympiques"},"share_on_mastodon":{"url":"https:\/\/pubeurope.com\/@fr\/115286853846202255","error":""},"_links":{"self":[{"href":"https:\/\/www.europesays.com\/fr\/wp-json\/wp\/v2\/posts\/425722","targetHints":{"allow":["GET"]}}],"collection":[{"href":"https:\/\/www.europesays.com\/fr\/wp-json\/wp\/v2\/posts"}],"about":[{"href":"https:\/\/www.europesays.com\/fr\/wp-json\/wp\/v2\/types\/post"}],"author":[{"embeddable":true,"href":"https:\/\/www.europesays.com\/fr\/wp-json\/wp\/v2\/users\/2"}],"replies":[{"embeddable":true,"href":"https:\/\/www.europesays.com\/fr\/wp-json\/wp\/v2\/comments?post=425722"}],"version-history":[{"count":0,"href":"https:\/\/www.europesays.com\/fr\/wp-json\/wp\/v2\/posts\/425722\/revisions"}],"wp:featuredmedia":[{"embeddable":true,"href":"https:\/\/www.europesays.com\/fr\/wp-json\/wp\/v2\/media\/425723"}],"wp:attachment":[{"href":"https:\/\/www.europesays.com\/fr\/wp-json\/wp\/v2\/media?parent=425722"}],"wp:term":[{"taxonomy":"category","embeddable":true,"href":"https:\/\/www.europesays.com\/fr\/wp-json\/wp\/v2\/categories?post=425722"},{"taxonomy":"post_tag","embeddable":true,"href":"https:\/\/www.europesays.com\/fr\/wp-json\/wp\/v2\/tags?post=425722"}],"curies":[{"name":"wp","href":"https:\/\/api.w.org\/{rel}","templated":true}]}}