{"id":425726,"date":"2025-09-29T09:23:12","date_gmt":"2025-09-29T09:23:12","guid":{"rendered":"https:\/\/www.europesays.com\/fr\/425726\/"},"modified":"2025-09-29T09:23:12","modified_gmt":"2025-09-29T09:23:12","slug":"totalenergies-va-ceder-50-dun-portefeuille-dactifs-solaires-en-amerique-du-nord-investit-dans-des-actifs-de-gaz-aux-usa-29-09-2025-a-1050","status":"publish","type":"post","link":"https:\/\/www.europesays.com\/fr\/425726\/","title":{"rendered":"TotalEnergies va c\u00e9der 50% d\u2019un portefeuille d\u2019actifs solaires en Am\u00e9rique du Nord, investit dans des actifs de gaz aux USA &#8211; 29\/09\/2025 \u00e0 10:50"},"content":{"rendered":"<p>\n (Actualis\u00e9 avec d\u00e9tails, contexte, communiqu\u00e9 sur la prise de<br \/>\nparticipation dans des actifs de gaz aux USA)\n<\/p>\n<p>\n TotalEnergies<br \/>\n <a href=\"https:\/\/www.boursorama.com\/cours\/1rPTTE\/\" target=\"_blank\" rel=\"noopener\"><br \/>\n  TTEF.PA<br \/>\n <\/a><br \/>\n a<br \/>\nannonc\u00e9 lundi la cession de 50% d&rsquo;un portefeuille d&rsquo;actifs<br \/>\nsolaires en Am\u00e9rique du Nord et un investissement dans des<br \/>\nactifs de production de gaz naturel aux \u00c9tats-Unis, le groupe<br \/>\nfran\u00e7ais tenant lundi sa journ\u00e9e investisseurs.\n<\/p>\n<p>\n Cette vente s&rsquo;inscrit dans la strat\u00e9gie de la major<br \/>\np\u00e9troli\u00e8re fran\u00e7aise, qui consiste \u00e0 d\u00e9velopper des projets<br \/>\nd&rsquo;\u00e9nergies renouvelables pour ensuite vendre des participations<br \/>\npour obtenir des liquidit\u00e9s, qu&rsquo;elle esp\u00e8re consacrer \u00e0<br \/>\nl&rsquo;acquisition de centrales \u00e9lectriques au gaz lucratives aux<br \/>\n\u00c9tats-Unis, en Grande-Bretagne, en Allemagne et sur d&rsquo;autres<br \/>\nmarch\u00e9s d\u00e9r\u00e9glement\u00e9s.\n<\/p>\n<p>\n Cette op\u00e9ration fait partie d&rsquo;une s\u00e9rie d&rsquo;op\u00e9rations<br \/>\ndont directeur g\u00e9n\u00e9ral, Patrick Pouyann\u00e9, a d\u00e9clar\u00e9 qu&rsquo;elles<br \/>\ndevraient rapporter 3,5 milliards de dollars d&rsquo;ici \u00e0 la fin de<br \/>\nl&rsquo;ann\u00e9e (2,99 milliards d&rsquo;euros), afin d&rsquo;\u00e9quilibrer les quelque<br \/>\n3 milliards de dollars d&rsquo;acquisitions.\n<\/p>\n<p>\n TotalEnergies dit avoir sign\u00e9 un accord avec un fond<br \/>\nassurance g\u00e9r\u00e9 par la soci\u00e9t\u00e9 d&rsquo;investissement KKR<br \/>\n <a href=\"https:\/\/www.boursorama.com\/cours\/KKR\/\" target=\"_blank\" rel=\"noopener\"><br \/>\n  KKR.N<br \/>\n <\/a><br \/>\n pour<br \/>\nla cession de 50% d&rsquo;un portefeuille d&rsquo;actifs solaires de 1,4 GW<br \/>\nen Am\u00e9rique du Nord, pour lequel la major p\u00e9troli\u00e8re fran\u00e7aise<br \/>\nrecevra 950 millions de dollars apr\u00e8s finalisation, selon un<br \/>\ncommuniqu\u00e9.\n<\/p>\n<p>\n La transaction porte sur six centrales solaires repr\u00e9sentant<br \/>\nune capacit\u00e9 totale de 1,3\u202fGW, ainsi que 41 installations de<br \/>\nproduction pour les clients B2B totalisant 140 MW, pr\u00e9cise le<br \/>\ncommuniqu\u00e9.\n<\/p>\n<p>\n TotalEnergies conservera une participation de 50% dans ces<br \/>\nactifs qu\u2019elle continuera d\u2019op\u00e9rer apr\u00e8s la finalisation de<br \/>\nl&rsquo;accord.\n<\/p>\n<p>\n Dans un communiqu\u00e9 distinct, TotalEnergies a annonc\u00e9 lundi<br \/>\navoir sign\u00e9 un accord avec Continental Resources pour acqu\u00e9rir<br \/>\nune participation de 49% dans des actifs de production de gaz<br \/>\nnaturel d\u00e9tenus et op\u00e9r\u00e9s par le groupe am\u00e9ricain dans le bassin<br \/>\nd\u2019Anadarko, dans l&rsquo;Etat d&rsquo;Oklahoma aux \u00c9tats-Unis.\n<\/p>\n<p>\n Le potentiel de ces actifs devrait permettre d\u2019atteindre<br \/>\nune production brute d\u2019environ 350 millions de pieds cubiques<br \/>\npar jour (Mpc\/j) d\u2019ici 2030 et de maintenir ce niveau, selon un<br \/>\ncommuniqu\u00e9.\n<\/p>\n<p>\n Cette acquisition compl\u00e8te celles de Dorado et de<br \/>\nConstellation, r\u00e9alis\u00e9es en 2024 et situ\u00e9es dans le bassin<br \/>\nd\u2019Eagle Ford, ajoute TotalEnergies.\n<\/p>\n<p>\n (R\u00e9dig\u00e9 par Etienne Breban, avec Alessandro Parodi et America<br \/>\nHernandez, \u00e9dit\u00e9 par Augustin Turpin)<\/p>\n","protected":false},"excerpt":{"rendered":"(Actualis\u00e9 avec d\u00e9tails, contexte, communiqu\u00e9 sur la prise de participation dans des actifs de gaz aux USA) TotalEnergies&hellip;\n","protected":false},"author":2,"featured_media":8765,"comment_status":"","ping_status":"","sticky":false,"template":"","format":"standard","meta":{"footnotes":""},"categories":[1589],"tags":[400,11,398,408,405,73,1866,403,402,399,404,12,401,406,1864,1865,1863,308,407],"class_list":{"0":"post-425726","1":"post","2":"type-post","3":"status-publish","4":"format-standard","5":"has-post-thumbnail","7":"category-etats-unis","8":"tag-action-cac-40","9":"tag-actualites","10":"tag-bourse-de-paris","11":"tag-boursorama","12":"tag-cotations","13":"tag-etats-unis","14":"tag-etats-unis-damerique","15":"tag-indices-devises","16":"tag-investir","17":"tag-investissement","18":"tag-marche-boursier","19":"tag-news","20":"tag-sicav","21":"tag-trackers","22":"tag-united-states","23":"tag-united-states-of-america","24":"tag-us","25":"tag-usa","26":"tag-warrants"},"share_on_mastodon":{"url":"https:\/\/pubeurope.com\/@fr\/115286861784602973","error":""},"_links":{"self":[{"href":"https:\/\/www.europesays.com\/fr\/wp-json\/wp\/v2\/posts\/425726","targetHints":{"allow":["GET"]}}],"collection":[{"href":"https:\/\/www.europesays.com\/fr\/wp-json\/wp\/v2\/posts"}],"about":[{"href":"https:\/\/www.europesays.com\/fr\/wp-json\/wp\/v2\/types\/post"}],"author":[{"embeddable":true,"href":"https:\/\/www.europesays.com\/fr\/wp-json\/wp\/v2\/users\/2"}],"replies":[{"embeddable":true,"href":"https:\/\/www.europesays.com\/fr\/wp-json\/wp\/v2\/comments?post=425726"}],"version-history":[{"count":0,"href":"https:\/\/www.europesays.com\/fr\/wp-json\/wp\/v2\/posts\/425726\/revisions"}],"wp:featuredmedia":[{"embeddable":true,"href":"https:\/\/www.europesays.com\/fr\/wp-json\/wp\/v2\/media\/8765"}],"wp:attachment":[{"href":"https:\/\/www.europesays.com\/fr\/wp-json\/wp\/v2\/media?parent=425726"}],"wp:term":[{"taxonomy":"category","embeddable":true,"href":"https:\/\/www.europesays.com\/fr\/wp-json\/wp\/v2\/categories?post=425726"},{"taxonomy":"post_tag","embeddable":true,"href":"https:\/\/www.europesays.com\/fr\/wp-json\/wp\/v2\/tags?post=425726"}],"curies":[{"name":"wp","href":"https:\/\/api.w.org\/{rel}","templated":true}]}}