{"id":425736,"date":"2025-09-29T09:29:12","date_gmt":"2025-09-29T09:29:12","guid":{"rendered":"https:\/\/www.europesays.com\/fr\/425736\/"},"modified":"2025-09-29T09:29:12","modified_gmt":"2025-09-29T09:29:12","slug":"ladolescent-arrete-apres-avoir-agresse-une-enseignante-est-mort-liberation","status":"publish","type":"post","link":"https:\/\/www.europesays.com\/fr\/425736\/","title":{"rendered":"l\u2019adolescent arr\u00eat\u00e9 apr\u00e8s avoir agress\u00e9 une enseignante est mort \u2013 Lib\u00e9ration"},"content":{"rendered":"<p class=\"sc-cPiKLX AiZTS text-element\">L\u2019adolescent de 14 ans qui a <a href=\"https:\/\/www.liberation.fr\/societe\/police-justice\/a-benfeld-ou-une-enseignante-a-ete-poignardee-en-classe-cest-pourtant-un-college-sans-probleme-20250924_RFCY5UCDVJD7FPJ7UIIOKESV7M\/\" target=\"_blank\" rel=\"noreferrer noopener\" title=\"https:\/\/www.liberation.fr\/societe\/police-justice\/a-benfeld-ou-une-enseignante-a-ete-poignardee-en-classe-cest-pourtant-un-college-sans-probleme-20250924_RFCY5UCDVJD7FPJ7UIIOKESV7M\/\">agress\u00e9 au couteau une enseignante<\/a> dans le coll\u00e8ge Robert-Schuman de Benfeld (Bas-Rhin) mercredi, avant de se poignarder au cou, est mort, ont fait savoir des sources proches de l\u2019enqu\u00eate ce lundi 29 septembre. Le d\u00e9c\u00e8s du coll\u00e9gien, qui avait \u00e9t\u00e9 hospitalis\u00e9 apr\u00e8s les faits, a \u00e9t\u00e9 prononc\u00e9 dimanche en fin de journ\u00e9e, a pr\u00e9cis\u00e9 la m\u00eame source. <\/p>\n<p class=\"sc-cPiKLX AiZTS text-element\">Selon la gendarmerie, l\u2019adolescent s\u2019\u00e9tait lui-m\u00eame \u00abport\u00e9 des coups de couteau\u00bb au moment de son interpellation. Il avait \u00e9t\u00e9 h\u00e9liport\u00e9, op\u00e9r\u00e9 et s\u00e9dat\u00e9, avec un pronostic vital engag\u00e9, avait indiqu\u00e9 mercredi lors d\u2019une conf\u00e9rence de presse la procureure de la R\u00e9publique de Strasbourg, Clarisse Taron. <\/p>\n<p class=\"sc-cPiKLX AiZTS text-element\">Fascin\u00e9 par les armes et le nazisme, cet adolescent sans ant\u00e9c\u00e9dents judiciaires et qui n\u2019\u00e9tait pas signal\u00e9 comme un \u00e9l\u00e8ve violent a agress\u00e9 une professeure de musique mercredi 24 septembre vers 8 heures, au moment o\u00f9 elle entrait en salle de cours avec une autre classe. L\u2019enseignante sexag\u00e9naire a \u00e9t\u00e9 bless\u00e9e au visage. <\/p>\n<p class=\"sc-cPiKLX AiZTS text-element\">Le coll\u00e9gien s\u2019\u00e9tait ensuite enfui sans s\u2019en prendre \u00e0 d\u2019autres personnes. Interpell\u00e9 alors qu\u2019il circulait \u00e0 v\u00e9lo, il s\u2019\u00e9tait port\u00e9 des coups de couteau au cou au moment o\u00f9 il a \u00e9t\u00e9 rattrap\u00e9. \u00abIl ne s\u2019est pas montr\u00e9 mena\u00e7ant avec les gendarmes\u00bb, avait pr\u00e9cis\u00e9 mercredi le g\u00e9n\u00e9ral Gwendal Durand, chef de groupement de la gendarmerie du Bas-Rhin. <\/p>\n<p class=\"sc-cPiKLX AiZTS text-element\">Le mineur, en classe de 3e, \u00e9tait \u00abtr\u00e8s suivi par l\u2019\u00e9quipe \u00e9ducative de l\u2019\u00e9tablissement\u00bb et \u00aben fragilit\u00e9 scolaire\u00bb, a pr\u00e9cis\u00e9 un porte-parole du rectorat. En situation de handicap, l\u2019adolescent avait \u00e9t\u00e9 plac\u00e9 alors qu\u2019il \u00e9tait encore b\u00e9b\u00e9. Il avait \u00e9t\u00e9 victime de violences de la part d\u2019une famille d\u2019accueil qui a \u00e9t\u00e9 condamn\u00e9e en 2024, a pr\u00e9cis\u00e9 la procureure. <\/p>\n<p class=\"sc-cPiKLX AiZTS text-element\">La ministre d\u00e9missionnaire de l\u2019Education nationale, Elisabeth Borne, s\u2019\u00e9tait rendue au coll\u00e8ge de Benfeld apr\u00e8s les faits. Elle y a pr\u00e9cis\u00e9 que l\u2019adolescent avait \u00ab\u00e9cop\u00e9 d\u2019une sanction disciplinaire avec une exclusion temporaire\u00bb du fait de sa \u00abfascination vis-\u00e0-vis d\u2019Hitler, vis-\u00e0-vis aussi des armes\u00bb. Le coll\u00e9gien avait \u00abde nouveau dessin\u00e9 des symboles \u201cSS\u201d sur un cahier et une proc\u00e9dure disciplinaire \u00e9tait pr\u00e9vue\u00bb, a-t-elle ajout\u00e9. <\/p>\n","protected":false},"excerpt":{"rendered":"L\u2019adolescent de 14 ans qui a agress\u00e9 au couteau une enseignante dans le coll\u00e8ge Robert-Schuman de Benfeld (Bas-Rhin)&hellip;\n","protected":false},"author":2,"featured_media":425737,"comment_status":"","ping_status":"","sticky":false,"template":"","format":"standard","meta":{"footnotes":""},"categories":[2],"tags":[11,1011,27,28275,12,25],"class_list":{"0":"post-425736","1":"post","2":"type-post","3":"status-publish","4":"format-standard","5":"has-post-thumbnail","7":"category-actualites","8":"tag-actualites","9":"tag-fr","10":"tag-france","11":"tag-ministere-de-l-education-nationale","12":"tag-news","13":"tag-republique-francaise"},"share_on_mastodon":{"url":"https:\/\/pubeurope.com\/@fr\/115286885418767983","error":""},"_links":{"self":[{"href":"https:\/\/www.europesays.com\/fr\/wp-json\/wp\/v2\/posts\/425736","targetHints":{"allow":["GET"]}}],"collection":[{"href":"https:\/\/www.europesays.com\/fr\/wp-json\/wp\/v2\/posts"}],"about":[{"href":"https:\/\/www.europesays.com\/fr\/wp-json\/wp\/v2\/types\/post"}],"author":[{"embeddable":true,"href":"https:\/\/www.europesays.com\/fr\/wp-json\/wp\/v2\/users\/2"}],"replies":[{"embeddable":true,"href":"https:\/\/www.europesays.com\/fr\/wp-json\/wp\/v2\/comments?post=425736"}],"version-history":[{"count":0,"href":"https:\/\/www.europesays.com\/fr\/wp-json\/wp\/v2\/posts\/425736\/revisions"}],"wp:featuredmedia":[{"embeddable":true,"href":"https:\/\/www.europesays.com\/fr\/wp-json\/wp\/v2\/media\/425737"}],"wp:attachment":[{"href":"https:\/\/www.europesays.com\/fr\/wp-json\/wp\/v2\/media?parent=425736"}],"wp:term":[{"taxonomy":"category","embeddable":true,"href":"https:\/\/www.europesays.com\/fr\/wp-json\/wp\/v2\/categories?post=425736"},{"taxonomy":"post_tag","embeddable":true,"href":"https:\/\/www.europesays.com\/fr\/wp-json\/wp\/v2\/tags?post=425736"}],"curies":[{"name":"wp","href":"https:\/\/api.w.org\/{rel}","templated":true}]}}