{"id":425740,"date":"2025-09-29T09:31:14","date_gmt":"2025-09-29T09:31:14","guid":{"rendered":"https:\/\/www.europesays.com\/fr\/425740\/"},"modified":"2025-09-29T09:31:14","modified_gmt":"2025-09-29T09:31:14","slug":"la-prodige-anna-huang-remporte-lopen-de-france-feminin","status":"publish","type":"post","link":"https:\/\/www.europesays.com\/fr\/425740\/","title":{"rendered":"La prodige Anna Huang remporte l\u2019Open de France f\u00e9minin"},"content":{"rendered":"<p>                             Par Figaro Golf<\/p>\n<p>                Le 28 septembre 2025 \u00e0 12h12<\/p>\n<p>    Anna Huang<br \/>\n                Johnny Fidelin \/ Icon Sport<\/p>\n<p>Avec un total de (-16), la Cannadienne de 16 ans Anna Huang s\u2019est adjug\u00e9e la 35e \u00e9dition du Lacoste Ladies Open de France sur le Golf Barri\u00e8re Deauville. Elle a devanc\u00e9 l\u2019Allemande Helen Briem et la Sud-Africaine Casandra Alexander (-14).<\/p>\n<p class=\"fig-paragraph\">P\u00e9ril jeune sur Deauville. La Canadienne de 16 ans soul\u00e8ve son second troph\u00e9e en deux semaines sur le LET (tour europ\u00e9en) apr\u00e8s celui d\u00e9croch\u00e9 en Espagne (Sella Open). \u00ab Je suis choqu\u00e9e de ce qui m\u2019arrive, c\u2019est compl\u00e8tement fou. Mon p\u00e8re m\u2019a aid\u00e9e en \u00e9tant mon cadet cette semaine. Etrangement, je n\u2019\u00e9tais pas trop nerveuse.\u00a0\u00bb Ce doubl\u00e9 la propulse \u00e0 la 9e place de l\u2019ordre du m\u00e9rite europ\u00e9en.<\/p>\n<p class=\"fig-paragraph\">C\u00e9line Boutier et Nastasia Nadaud finissent ensemble dans le Top 10 \u00e0 la 9e place \u00e0 -8. Victorieuse du troph\u00e9e en 2021 sur le Golf du M\u00e9doc, Boutier esp\u00e9rait forc\u00e9ment un tout petit mieux qu\u2019un top 10 son troisi\u00e8me d\u2019affil\u00e9e en Normandie (6e en 2022, 10e en 2023)\u00a0: \u00ab De mani\u00e8re g\u00e9n\u00e9rale, je suis un peu frustr\u00e9e du r\u00e9sultat m\u00eame si j\u2019ai pass\u00e9 une tr\u00e8s bonne semaine \u00e0 Deauville (&#8230;) Ce n\u2019est pas quelque chose que je vis toutes les semaines aux Etats-Unis. <strong>Et <\/strong>on n\u2019a pas envie de d\u00e9cevoir les gens qui viennent nous soutenir \u00bb. Quatre Fran\u00e7aises terminent dans le Top 20, dont une autre jeune Giselle Zhao (16 ans), qui prend la 35e place (-3) pour son premier tournoi sur le circuit europ\u00e9en.<\/p>\n","protected":false},"excerpt":{"rendered":"Par Figaro Golf Le 28 septembre 2025 \u00e0 12h12 Anna Huang Johnny Fidelin \/ Icon Sport Avec un&hellip;\n","protected":false},"author":2,"featured_media":425741,"comment_status":"","ping_status":"","sticky":false,"template":"","format":"standard","meta":{"footnotes":""},"categories":[1418],"tags":[6669,1011,27,1472,55469,60],"class_list":{"0":"post-425740","1":"post","2":"type-post","3":"status-publish","4":"format-standard","5":"has-post-thumbnail","7":"category-golf","8":"tag-celine-boutier","9":"tag-fr","10":"tag-france","11":"tag-golf","12":"tag-open-de-france-de-golf","13":"tag-sports"},"share_on_mastodon":{"url":"https:\/\/pubeurope.com\/@fr\/115286893088620644","error":""},"_links":{"self":[{"href":"https:\/\/www.europesays.com\/fr\/wp-json\/wp\/v2\/posts\/425740","targetHints":{"allow":["GET"]}}],"collection":[{"href":"https:\/\/www.europesays.com\/fr\/wp-json\/wp\/v2\/posts"}],"about":[{"href":"https:\/\/www.europesays.com\/fr\/wp-json\/wp\/v2\/types\/post"}],"author":[{"embeddable":true,"href":"https:\/\/www.europesays.com\/fr\/wp-json\/wp\/v2\/users\/2"}],"replies":[{"embeddable":true,"href":"https:\/\/www.europesays.com\/fr\/wp-json\/wp\/v2\/comments?post=425740"}],"version-history":[{"count":0,"href":"https:\/\/www.europesays.com\/fr\/wp-json\/wp\/v2\/posts\/425740\/revisions"}],"wp:featuredmedia":[{"embeddable":true,"href":"https:\/\/www.europesays.com\/fr\/wp-json\/wp\/v2\/media\/425741"}],"wp:attachment":[{"href":"https:\/\/www.europesays.com\/fr\/wp-json\/wp\/v2\/media?parent=425740"}],"wp:term":[{"taxonomy":"category","embeddable":true,"href":"https:\/\/www.europesays.com\/fr\/wp-json\/wp\/v2\/categories?post=425740"},{"taxonomy":"post_tag","embeddable":true,"href":"https:\/\/www.europesays.com\/fr\/wp-json\/wp\/v2\/tags?post=425740"}],"curies":[{"name":"wp","href":"https:\/\/api.w.org\/{rel}","templated":true}]}}