{"id":425744,"date":"2025-09-29T09:34:11","date_gmt":"2025-09-29T09:34:11","guid":{"rendered":"https:\/\/www.europesays.com\/fr\/425744\/"},"modified":"2025-09-29T09:34:11","modified_gmt":"2025-09-29T09:34:11","slug":"resultat-jannik-sinner-fabian-marozsan-atp-500-pekin-quarts-de-finale-lundi-29-septembre-2025-lequipe","status":"publish","type":"post","link":"https:\/\/www.europesays.com\/fr\/425744\/","title":{"rendered":"R\u00e9sultat : Jannik Sinner &#8211; Fabian Marozsan, ATP 500, P\u00e9kin, Quarts de finale, Lundi 29 septembre 2025 &#8211; L&#039;\u00c9quipe"},"content":{"rendered":"<ol>\n<li><a href=\"https:\/\/news.google.com\/rss\/articles\/CBMixAFBVV95cUxQdU45WHJZTlNVV0VCWEVWem9Qb3EtTFIwNWJ0V25wSHphZC1tb2t1MEhScnBjMkJpV0hsMFFQZkltUTAxSWhzRjAwV0NGNHJrYlZnSmhyTGZJN0g4TkwyRVp3MThBeUpFaml2ZXZXYmZ5ZnA4RDVqMkExRzY2N1o5Wk5wUDhnZkJUc0tOaDF3SGEtbVhsME9jOVBIWnZXVnJhTWtqeng0cS1fbWNWQ0c0SWhyeG1MYlJmUzJDNkRzX1NjTUZR?oc=5\" target=\"_blank\" rel=\"nofollow noopener\">R\u00e9sultat : Jannik Sinner &#8211; Fabian Marozsan, ATP 500, P\u00e9kin, Quarts de finale, Lundi 29 septembre 2025<\/a>&nbsp;&nbsp;L&rsquo;\u00c9quipe<\/li>\n<li><a href=\"https:\/\/news.google.com\/rss\/articles\/CBMiugFBVV95cUxQLVFmWUZKVE5XV2xUVmtVMkN4Y0NkZEFfOWNxYUx3LWFfb2V5cDVlRVF0SEMydzQ5dlZDamtkYXpKb3BUU24zRzVVRk4waUQ3bW5hT1kwYVRaSmdPRHR0YzAzYXkyWVBDNUFBTVNzOFVoVV9mVzc2QlByUXR3TmZtaWZOSFB2SkZuZU83ekNmaVpmblg4REhtY3kwOUZDa0doNG9DS2VHY05ZdU96ZWFsRVJwVlNHd2daR2c?oc=5\" target=\"_blank\" rel=\"nofollow noopener\">R\u00e9sultat : Lo\u00efs Boisson &#8211; Emma Navarro, WTA 1000, P\u00e9kin, Troisi\u00e8me tour, Lundi 29 septembre 2025<\/a>&nbsp;&nbsp;L&rsquo;\u00c9quipe<\/li>\n<li><a href=\"https:\/\/news.google.com\/rss\/articles\/CBMihAJBVV95cUxOeEVibUo2SmoyR0xJMUF3VkxGNnYxeXY2bE5naEZUZGU1OHFULW5Ibm1OT2VQNDFiUHFMNGpKZE03Q2FWYWxJSHIyMklZZ0tDMGtlQ3V0NW9MeC1MS2hTQTdtLU1KQVI1ejB0ZjlmLXBYbk5ERF9WalJhVUdGZnNZMEN6Snd4SDNjUDlaUlVrMFRORUlOeXY4VENBWDFjMHd6SkdHNEJ1OUtsTjYwbjNobjU0dm5MS2FfT21JX0F0clVZcWJkb1RQSDdZNnNLd25DRXVXZlZvTWpzVjRfNG5OV1gxSWduMlkzT3c2R1cyWVptaHVuS0dneEFrU0dIWGtyUUJKRg?oc=5\" target=\"_blank\" rel=\"nofollow noopener\">Guingamp &#8211; Dunkerque : Hemia dans les bons coups, Sissoko impactant, le carnet de notes des joueurs guingampais<\/a>&nbsp;&nbsp;Le T\u00e9l\u00e9gramme<\/li>\n<li><a href=\"https:\/\/news.google.com\/rss\/articles\/CBMilgFBVV95cUxOYnVTUHA4RTZqaEJ1b0hqaEQzeVZ6MVExZjgzYjN2M0s4N2J4UkNpakdvdm44VHg3WElpMVFGeUZrNmhZUW9qTEhNNnA2UGwwVXliZDBPXzJxejUwVklBbWNMcVkyZDhSN2oyTThnZV9PWUt4Z3puTGFrY05memhYZVNVWS1XYjR5c3JDUkoxN1gzSGVRaUE?oc=5\" target=\"_blank\" rel=\"nofollow noopener\">France : Amine Hemia passeur et buteur (vid\u00e9o)<\/a>&nbsp;&nbsp;DZfoot<\/li>\n<li><a href=\"https:\/\/news.google.com\/rss\/articles\/CBMi_gFBVV95cUxNSjNTa2hjVkVEaHU0NEhxMmF0OHVQNUpUT1FmUEZYeE1qd1B4d0pfVnBSM3hHMTlVQWNPUHBJX0NQSzZkZ3NFYUxzTm9PTnRhenBVSnhuLWhwS2NVUWp2cklSSkwyT2dQcWo5dGlINk1IdTlFSVh1alpBMUU3Qnd1Ri14eDlwRGE5QTg5V19CWWE0YjN3V0RQYWZNSFVnT2ZzTDN1elhXclJuX0R0cVc2X0M0cXZRU3QyZWE1R1BJWFlOZ280Qkw4V29URGtBbkpHYnRRdGJKZjlUVXoxa1hFRVBCZkdNWVlBVGZVczZqSTA5VGZIb1VxbnV4OWFZdw?oc=5\" target=\"_blank\" rel=\"nofollow noopener\">EA Guingamp &#8211; USL Dunkerque. Les compositions officielles des deux \u00e9quipes pour le match de Ligue<\/a>&nbsp;&nbsp;Maville<\/li>\n<\/ol>\n","protected":false},"excerpt":{"rendered":"R\u00e9sultat : Jannik Sinner &#8211; Fabian Marozsan, ATP 500, P\u00e9kin, Quarts de finale, Lundi 29 septembre 2025&nbsp;&nbsp;L&rsquo;\u00c9quipe R\u00e9sultat&hellip;\n","protected":false},"author":2,"featured_media":1983,"comment_status":"","ping_status":"","sticky":false,"template":"","format":"standard","meta":{"footnotes":""},"categories":[1415],"tags":[1011,27,60,1467],"class_list":{"0":"post-425744","1":"post","2":"type-post","3":"status-publish","4":"format-standard","5":"has-post-thumbnail","7":"category-tennis","8":"tag-fr","9":"tag-france","10":"tag-sports","11":"tag-tennis"},"share_on_mastodon":{"url":"https:\/\/pubeurope.com\/@fr\/115286904876123333","error":""},"_links":{"self":[{"href":"https:\/\/www.europesays.com\/fr\/wp-json\/wp\/v2\/posts\/425744","targetHints":{"allow":["GET"]}}],"collection":[{"href":"https:\/\/www.europesays.com\/fr\/wp-json\/wp\/v2\/posts"}],"about":[{"href":"https:\/\/www.europesays.com\/fr\/wp-json\/wp\/v2\/types\/post"}],"author":[{"embeddable":true,"href":"https:\/\/www.europesays.com\/fr\/wp-json\/wp\/v2\/users\/2"}],"replies":[{"embeddable":true,"href":"https:\/\/www.europesays.com\/fr\/wp-json\/wp\/v2\/comments?post=425744"}],"version-history":[{"count":0,"href":"https:\/\/www.europesays.com\/fr\/wp-json\/wp\/v2\/posts\/425744\/revisions"}],"wp:featuredmedia":[{"embeddable":true,"href":"https:\/\/www.europesays.com\/fr\/wp-json\/wp\/v2\/media\/1983"}],"wp:attachment":[{"href":"https:\/\/www.europesays.com\/fr\/wp-json\/wp\/v2\/media?parent=425744"}],"wp:term":[{"taxonomy":"category","embeddable":true,"href":"https:\/\/www.europesays.com\/fr\/wp-json\/wp\/v2\/categories?post=425744"},{"taxonomy":"post_tag","embeddable":true,"href":"https:\/\/www.europesays.com\/fr\/wp-json\/wp\/v2\/tags?post=425744"}],"curies":[{"name":"wp","href":"https:\/\/api.w.org\/{rel}","templated":true}]}}