{"id":425753,"date":"2025-09-29T09:41:09","date_gmt":"2025-09-29T09:41:09","guid":{"rendered":"https:\/\/www.europesays.com\/fr\/425753\/"},"modified":"2025-09-29T09:41:09","modified_gmt":"2025-09-29T09:41:09","slug":"salon-de-la-photo-du-9-au-12-octobre-les-numeriques-offre-votre-entree","status":"publish","type":"post","link":"https:\/\/www.europesays.com\/fr\/425753\/","title":{"rendered":"Salon de la photo du 9 au 12\u00a0octobre\u00a0: Les Num\u00e9riques offre votre entr\u00e9e"},"content":{"rendered":"<p class=\"ed__a-p ed__bdy__l\"><img loading=\"lazy\" decoding=\"async\" src=\"data:image\/svg+xml,%3Csvg xmlns='http:\/\/www.w3.org\/2000\/svg'%3E%3C\/svg%3E\" draggable=\"false\" width=\"1024\" height=\"683\" class=\"ed__title-xxs\" alt=\"\" style=\"background-color: #f2f2f2; aspect-ratio:1024\/683;\"\/><\/p>\n<p class=\"ed__a-p ed__bdy__l\">Le Salon de la photo investit la Grande Halle de la Villette du 9 au 12\u00a0octobre prochains, transform\u00e9e pour l&rsquo;occasion en lieu d\u2019exposition et d\u2019\u00e9changes o\u00f9 photographes et vid\u00e9astes amateurs et professionnels pourront tester les derni\u00e8res g\u00e9n\u00e9rations de mat\u00e9riels propos\u00e9es par pr\u00e8s de 110\u00a0exposants. Ils pourront m\u00eame faire leurs achats dans les boutiques situ\u00e9es dans le village de vente, o\u00f9 la plupart des marques ont d\u00e9l\u00e9gu\u00e9 leurs meilleurs experts pour vous donner leurs conseils de professionnels.<\/p>\n<p>            Publicit\u00e9, votre contenu continue ci-dessous<\/p>\n<p>        Publicit\u00e9<\/p>\n<p class=\"ed__a-p ed__bdy__l\"><img loading=\"lazy\" decoding=\"async\" src=\"data:image\/svg+xml,%3Csvg xmlns='http:\/\/www.w3.org\/2000\/svg'%3E%3C\/svg%3E\" draggable=\"false\" width=\"1024\" height=\"683\" class=\"ed__title-xxs\" alt=\"\" style=\"background-color: #f2f2f2; aspect-ratio:1024\/683;\"\/><\/p>\n<p>La photo, une passion fran\u00e7aise<\/p>\n<p class=\"ed__a-p ed__bdy__l\">Grand-messe de la photographie fran\u00e7aise d\u00e9sormais ouverte sur l\u2019Europe et le monde depuis la fin de la Photokina \u00e0 Cologne, le Salon de la photo a r\u00e9cemment d\u00e9voil\u00e9 les r\u00e9sultats de son 10e\u00a0barom\u00e8tre photo, en collaboration avec l\u2019Alliance fran\u00e7aise des industries du num\u00e9rique (Afnum). Cette \u00e9tude annuelle, men\u00e9e aupr\u00e8s de 1000\u00a0personnes \u00e2g\u00e9es de 15 \u00e0 65\u00a0ans, r\u00e9v\u00e8le des tendances fascinantes qui t\u00e9moignent d\u2019une profonde transformation des pratiques photographiques en France.<\/p>\n<p class=\"ed__a-p ed__bdy__l\">Selon l\u2019\u00e9tude, 62\u00a0% des photographes amateurs ou professionnels se consid\u00e8rent comme des passionn\u00e9s, soit une augmentation de 9\u00a0points depuis 2015. Cette passion s\u2019accompagne d\u2019un sentiment d\u2019expertise grandissant. Ainsi, 42\u00a0% des pratiquants se consid\u00e8rent comme experts, une progression de 13\u00a0points en 10\u00a0ans. Si la majorit\u00e9 (53\u00a0%) continue de faire des photos pour immortaliser des souvenirs, de nouveaux usages \u00e9mergents, notamment le partage d\u2019instants de vie grands (+7\u00a0points) ou petits (+3\u00a0points). Les motivations varient selon les g\u00e9n\u00e9rations\u00a0: alors que 67\u00a0% des 50-65\u00a0ans photographient pour garder des souvenirs, 34\u00a0% des plus jeunes (G\u00e9n\u00e9ration\u00a0Z) privil\u00e9gient la photo pour le simple plaisir.<\/p>\n<p>            Publicit\u00e9, votre contenu continue ci-dessous<\/p>\n<p>        Publicit\u00e9<\/p>\n<p>Vid\u00e9o et IA red\u00e9finissent le quotidien visuel<\/p>\n<p class=\"ed__a-p ed__bdy__l\">La vid\u00e9o est d\u00e9sormais solidement ancr\u00e9e dans les habitudes des Fran\u00e7ais. 32\u00a0% des pratiquants en font un usage quotidien, un chiffre qui grimpe \u00e0 47\u00a0% chez la G\u00e9n\u00e9ration\u00a0Z. Le ph\u00e9nom\u00e8ne du vlog prend de l&rsquo;ampleur avec 38\u00a0% des 15-29\u00a0ans qui r\u00e9alisent des vid\u00e9os chaque semaine, et 34\u00a0% qui les partagent sur des plateformes.<\/p>\n<p class=\"ed__a-p ed__bdy__l\">L&rsquo;intelligence artificielle (IA) s\u00e9duit aussi et interroge \u00e0 la fois. 57\u00a0% des pratiquants utilisent d\u00e9j\u00e0 l&rsquo;IA pour am\u00e9liorer leurs images. Principalement utilis\u00e9e pour des retouches automatiques, la g\u00e9n\u00e9ration d&rsquo;arri\u00e8re-plans et des t\u00e2ches que l&rsquo;utilisateur ne ma\u00eetrise pas, l&rsquo;IA est vue comme une opportunit\u00e9 par 31\u00a0% des pratiquants. 70\u00a0% des sond\u00e9s souhaitent une mention syst\u00e9matique sur les contenus g\u00e9n\u00e9r\u00e9s par l&rsquo;IA.<\/p>\n<p class=\"ed__a-p ed__bdy__l\"><img loading=\"lazy\" decoding=\"async\" src=\"data:image\/svg+xml,%3Csvg xmlns='http:\/\/www.w3.org\/2000\/svg'%3E%3C\/svg%3E\" draggable=\"false\" width=\"1024\" height=\"683\" class=\"ed__title-xxs\" alt=\"\" style=\"background-color: #f2f2f2; aspect-ratio:1024\/683;\"\/><\/p>\n<p>L&rsquo;impression, incontournable<\/p>\n<p class=\"ed__a-p ed__bdy__l\">L&rsquo;impression photo demeure \u00e9galement une tendance incontournable, car 88\u00a0% des Fran\u00e7ais impriment encore leurs photos, un chiffre qui reste stable depuis 2015. Rien ne remplace une photo imprim\u00e9e pour 66\u00a0% d&rsquo;entre eux. Parall\u00e8lement, l&rsquo;attrait pour le vintage continue de gagner du terrain. La nostalgie de l&rsquo;argentique touche effectivement 54\u00a0% des pratiquants, tandis que 66\u00a0% adorent le design des appareils photo r\u00e9tro. Une tendance particuli\u00e8rement marqu\u00e9e chez la G\u00e9n\u00e9ration\u00a0Z avec 72\u00a0% des jeunes qui affectionnent ce style.<\/p>\n<p class=\"ed__a-p ed__bdy__l\"><img loading=\"lazy\" decoding=\"async\" src=\"data:image\/svg+xml,%3Csvg xmlns='http:\/\/www.w3.org\/2000\/svg'%3E%3C\/svg%3E\" draggable=\"false\" width=\"1024\" height=\"683\" class=\"ed__title-xxs\" alt=\"\" style=\"background-color: #f2f2f2; aspect-ratio:1024\/683;\"\/><\/p>\n<p>Une pratique qui s&rsquo;\u00e9largit et se sp\u00e9cialise<\/p>\n<p class=\"ed__a-p ed__bdy__l\">Si le smartphone est la porte d&rsquo;entr\u00e9e de plus de 7\u00a0jeunes sur\u00a010 vers la photographie, les pratiquants s&rsquo;\u00e9quipent de mani\u00e8re de plus en plus exigeante. Les investissements dans le mat\u00e9riel photo sont en hausse, 21\u00a0% des sond\u00e9s \u00e9valuant leur \u00e9quipement \u00e0 plus de 1000\u00a0\u20ac, un chiffre en progression de 3\u00a0points depuis 2016.<\/p>\n<p>            Publicit\u00e9, votre contenu continue ci-dessous<\/p>\n<p>        Publicit\u00e9<\/p>\n<p class=\"ed__a-p ed__bdy__l\"><img loading=\"lazy\" decoding=\"async\" src=\"data:image\/svg+xml,%3Csvg xmlns='http:\/\/www.w3.org\/2000\/svg'%3E%3C\/svg%3E\" draggable=\"false\" width=\"1024\" height=\"683\" class=\"ed__title-xxs\" alt=\"\" style=\"background-color: #f2f2f2; aspect-ratio:1024\/683;\"\/><\/p>\n<p>110 exposants repr\u00e9sentant 180\u00a0marques<\/p>\n<p class=\"ed__a-p ed__bdy__l\">Appareils photo reflex, hybrides, compacts, instantan\u00e9s\u2026\u00a0: le Salon de la photo est l\u2019occasion de d\u00e9couvrir les derni\u00e8res innovations des plus grandes marques d\u2019appareils photo. Optiques, zooms, flashs, tr\u00e9pieds, r\u00e9flecteurs et diffuseurs de lumi\u00e8res, \u00e9clairages, solutions de stockage, accessoires, ce salon est the place to be pour toucher et tester toutes les solutions et le mat\u00e9riel qui vous auront fait r\u00eaver toute l\u2019ann\u00e9e.<\/p>\n<p class=\"ed__a-p ed__bdy__l\"><img loading=\"lazy\" decoding=\"async\" src=\"data:image\/svg+xml,%3Csvg xmlns='http:\/\/www.w3.org\/2000\/svg'%3E%3C\/svg%3E\" draggable=\"false\" width=\"1024\" height=\"683\" class=\"ed__title-xxs\" alt=\"salon de la photo 2025, venez essayer le mat\u00e9riel\" style=\"background-color: #f2f2f2; aspect-ratio:1024\/683;\"\/><\/p>\n<p class=\"ed__a-p ed__bdy__l\">La Sc\u00e8ne live, situ\u00e9e c\u0153ur du salon, accueillera les cr\u00e9ateurs de contenus, les exposants et partenaires photo et vid\u00e9o venus pr\u00e9senter leur travail, leur m\u00e9tier, leurs conseils et partager un moment convivial avec les spectateurs. Les Grandes Rencontres, moments privil\u00e9gi\u00e9s d\u2019\u00e9changes men\u00e9s par de grands journalistes sp\u00e9cialis\u00e9s, seront l&rsquo;occasion de d\u00e9couvrir le processus cr\u00e9atif de grands artistes comme Patrick Zachmann, Florence Levillain, Matthieu Ricard, G\u00e9rard Uf\u00e9ras, Pierre Elie de Pibrac, etc.<\/p>\n<p class=\"ed__a-p ed__bdy__l\"><img loading=\"lazy\" decoding=\"async\" src=\"data:image\/svg+xml,%3Csvg xmlns='http:\/\/www.w3.org\/2000\/svg'%3E%3C\/svg%3E\" draggable=\"false\" width=\"1024\" height=\"683\" class=\"ed__title-xxs\" alt=\"La sc\u00e8ne Live.\" style=\"background-color: #f2f2f2; aspect-ratio:1024\/683;\"\/><\/p>\n<p>La sc\u00e8ne Live.<\/p>\n<p>\u00a9 Salon de la photo<\/p>\n<\/p>\n<p class=\"ed__a-p ed__bdy__l\"><img loading=\"lazy\" decoding=\"async\" src=\"data:image\/svg+xml,%3Csvg xmlns='http:\/\/www.w3.org\/2000\/svg'%3E%3C\/svg%3E\" draggable=\"false\" width=\"1024\" height=\"683\" class=\"ed__title-xxs\" alt=\"Les Grandes Rencontres.\" style=\"background-color: #f2f2f2; aspect-ratio:1024\/683;\"\/><\/p>\n<p>Les Grandes Rencontres.<\/p>\n<p>\u00a9 Salon de la photo<\/p>\n<\/p>\n<p class=\"ed__a-p ed__bdy__l\">Des spots photo seront mis \u00e0 disposition des photographes. V\u00e9ritables ateliers immersifs, vous pourrez\u00a0tester du mat\u00e9riel\u00a0en situation, vous entra\u00eener \u00e0 une pratique, seul ou accompagn\u00e9 d\u2019une marque.<\/p>\n<p class=\"ed__a-p ed__bdy__l\"><img loading=\"lazy\" decoding=\"async\" src=\"data:image\/svg+xml,%3Csvg xmlns='http:\/\/www.w3.org\/2000\/svg'%3E%3C\/svg%3E\" draggable=\"false\" width=\"1024\" height=\"683\" class=\"ed__title-xxs\" alt=\"\" style=\"background-color: #f2f2f2; aspect-ratio:1024\/683;\"\/><\/p>\n<p>La Grande Expo<\/p>\n<p class=\"ed__a-p ed__bdy__l\">Cette ann\u00e9e, la Grande Expo vous permettra de d\u00e9couvrir les collections de la maison d\u2019\u00e9dition romaine Contrasto et de la Fondation Forma, fond\u00e9e elle aussi par Contrasto. L\u2019occasion pour les visiteurs de d\u00e9couvrir \u00e0 travers plus d\u2019une centaine d\u2019\u0153uvres tout un pan de l\u2019histoire italienne contemporaine et artistique, de ses paysages embl\u00e9matiques \u00e0 ses mutations sociales, des ruelles de Rome aux visages de sa population, des regards intimes aux grandes fresques documentaires.<\/p>\n<p class=\"ed__a-p ed__bdy__l\"><img loading=\"lazy\" decoding=\"async\" src=\"data:image\/svg+xml,%3Csvg xmlns='http:\/\/www.w3.org\/2000\/svg'%3E%3C\/svg%3E\" draggable=\"false\" width=\"1144\" height=\"885\" class=\"ed__title-xxs\" alt=\"Piazza Grande Burano, Venezia (1954).\" style=\"background-color: #f2f2f2; aspect-ratio:1144\/885;\"\/><\/p>\n<p>Piazza Grande Burano, Venezia (1954).<\/p>\n<p>\u00a9 Piergiorgio Branzi<\/p>\n<\/p>\n<p class=\"ed__a-p ed__bdy__l\">Le Salon de la photo reste un lieu unique o\u00f9 se m\u00ealent technologie, art et cr\u00e9ation. L\u2019occasion de d\u00e9couvrir les \u0153uvres des laur\u00e9ats du prestigieux concours Les Zooms. Depuis 2010, en collaboration avec le CP+, deux prix y sont d\u00e9cern\u00e9s\u00a0: l\u2019un par le\u00a0public\u00a0et l\u2019autre par la\u00a0presse. Pr\u00e9sid\u00e9 par la\u00a0photographe Laura Serani, le jury est compos\u00e9 de huit professionnels de la presse qui ont d\u00e9sign\u00e9 chacun un(e) photographe professionnel (le) et \u201c\u00e9mergent(e)\u201d\u00a0(fran\u00e7ais(e) ou install\u00e9(e) en France), un talent peu connu ou pas assez reconnu.<\/p>\n<p class=\"ed__a-p ed__bdy__l\"><img loading=\"lazy\" decoding=\"async\" src=\"data:image\/svg+xml,%3Csvg xmlns='http:\/\/www.w3.org\/2000\/svg'%3E%3C\/svg%3E\" draggable=\"false\" width=\"3508\" height=\"4961\" class=\"ed__title-xxs\" alt=\"affiche salon de la photo 2025\" style=\"background-color: #f2f2f2; aspect-ratio:3508\/4961;\"\/><\/p>\n<p class=\"ed__a-p ed__bdy__l\">Voici les \u00e9tapes \u00e0 suivre pour la billetterie du Salon de la photo\u00a0:<\/p>\n<ul class=\"ed__lists ed__bdy__l\">\n<li>Rendez-vous sur le <a href=\"https:\/\/www.lesalondelaphoto.com\/fr-FR\/billetterie?o=AMHM-PARTENAIRES_DIGITAL-SITE-LESNUMERIQUES&amp;utm_source=website&amp;utm_medium=organic&amp;utm_campaign=salondelaphoto-2025-conversion-lesnumeriques-fr&amp;utm_content=cxpm&amp;utm_term=visiteur\" target=\"_blank\" rel=\"nofollow noopener\">site internet du Salon de la photo<\/a>\n<\/li>\n<li>S\u00e9lectionnez votre billet<\/li>\n<li>Munissez-vous de votre code et cliquez sur <strong>Vous avez un code de r\u00e9duction\u00a0? Cliquez ici<\/strong>\n<\/li>\n<li>Saisissez le code <strong>LNW25<\/strong>\n<\/li>\n<li>Cliquez sur <strong>Suite<\/strong>\n<\/li>\n<li>Remplissez le formulaire<\/li>\n<li>Le tour est jou\u00e9, vous allez recevoir votre billet \u00e0 l\u2019adresse email indiqu\u00e9e\u00a0!<\/li>\n<\/ul>\n<p>Le salon est ouvert de 10h \u00e0 19h<\/p>\n<ul class=\"ed__lists ed__bdy__l\">\n<li>\n<strong>M\u00e9tro<\/strong> Ligne\u00a05 station Porte de Pantin<\/li>\n<li>\n<strong>Tramway<\/strong> Ligne 3\u00a0b station Porte de Pantin<\/li>\n<li>\n<strong>Autobus<\/strong> Lignes\u00a075, 151 &amp; PC\u00a02 et 3 station\u00a0Porte de Pantin<\/li>\n<\/ul>\n<p>            Publicit\u00e9, votre contenu continue ci-dessous<\/p>\n<p>        Publicit\u00e9<\/p>\n<p class=\"ed__a-p ed__bdy__l\">Les Num\u00e9riques s\u2019installe \u00e0 Beaugrenelle Paris pour <a href=\"https:\/\/www.lesnumeriques.com\/evenement\/les-jours-les-plus-tech-2025.html\" rel=\"nofollow noopener\" target=\"_blank\">Les Jours Les Plus Tech<\/a> : d\u00e9monstrations de produits, conseils d\u2019usage ou d\u2019achat, \u00e9changes avec nos journalistes\u2026D\u00e9couvrez le <a href=\"https:\/\/www.lesnumeriques.com\/evenement\/les-jours-les-plus-tech-2025.html\" rel=\"nofollow noopener\" target=\"_blank\">programme complet<\/a>.<\/p>\n","protected":false},"excerpt":{"rendered":"Le Salon de la photo investit la Grande Halle de la Villette du 9 au 12\u00a0octobre prochains, transform\u00e9e&hellip;\n","protected":false},"author":2,"featured_media":425754,"comment_status":"","ping_status":"","sticky":false,"template":"","format":"standard","meta":{"footnotes":""},"categories":[1358],"tags":[1348,1384,1385,1386,58,59,1011,27],"class_list":{"0":"post-425753","1":"post","2":"type-post","3":"status-publish","4":"format-standard","5":"has-post-thumbnail","7":"category-arts-et-design","8":"tag-arts","9":"tag-arts-and-design","10":"tag-arts-et-design","11":"tag-design","12":"tag-divertissement","13":"tag-entertainment","14":"tag-fr","15":"tag-france"},"share_on_mastodon":{"url":"https:\/\/pubeurope.com\/@fr\/115286933024562532","error":""},"_links":{"self":[{"href":"https:\/\/www.europesays.com\/fr\/wp-json\/wp\/v2\/posts\/425753","targetHints":{"allow":["GET"]}}],"collection":[{"href":"https:\/\/www.europesays.com\/fr\/wp-json\/wp\/v2\/posts"}],"about":[{"href":"https:\/\/www.europesays.com\/fr\/wp-json\/wp\/v2\/types\/post"}],"author":[{"embeddable":true,"href":"https:\/\/www.europesays.com\/fr\/wp-json\/wp\/v2\/users\/2"}],"replies":[{"embeddable":true,"href":"https:\/\/www.europesays.com\/fr\/wp-json\/wp\/v2\/comments?post=425753"}],"version-history":[{"count":0,"href":"https:\/\/www.europesays.com\/fr\/wp-json\/wp\/v2\/posts\/425753\/revisions"}],"wp:featuredmedia":[{"embeddable":true,"href":"https:\/\/www.europesays.com\/fr\/wp-json\/wp\/v2\/media\/425754"}],"wp:attachment":[{"href":"https:\/\/www.europesays.com\/fr\/wp-json\/wp\/v2\/media?parent=425753"}],"wp:term":[{"taxonomy":"category","embeddable":true,"href":"https:\/\/www.europesays.com\/fr\/wp-json\/wp\/v2\/categories?post=425753"},{"taxonomy":"post_tag","embeddable":true,"href":"https:\/\/www.europesays.com\/fr\/wp-json\/wp\/v2\/tags?post=425753"}],"curies":[{"name":"wp","href":"https:\/\/api.w.org\/{rel}","templated":true}]}}