{"id":425755,"date":"2025-09-29T09:42:16","date_gmt":"2025-09-29T09:42:16","guid":{"rendered":"https:\/\/www.europesays.com\/fr\/425755\/"},"modified":"2025-09-29T09:42:16","modified_gmt":"2025-09-29T09:42:16","slug":"prix-du-livre-pyreneen-2025-et-programme-du-16eme-salon-du-livre-pyreneen-des-4-et-octobre-lourdes-actu","status":"publish","type":"post","link":"https:\/\/www.europesays.com\/fr\/425755\/","title":{"rendered":"Prix du livre Pyr\u00e9n\u00e9en 2025 et Programme du 16\u00e8me Salon du Livre Pyr\u00e9n\u00e9en des 4 et octobre \u2013 LOURDES-ACTU"},"content":{"rendered":"<p><strong>Les Prix seront<\/strong> <strong>remis le samedi 4 octobre \u00e0 18h15,\u00a0au Carr\u00e9 PY\u00a0\u00c9v\u00e8nements\u00a0\u00e0 Bagn\u00e8res-de-Bigorre (65), lors du 16\u00e8me Salon du Livre Pyr\u00e9n\u00e9en.<\/strong><\/p>\n<p>Les 9 membres du jury des Prix du Livre Pyr\u00e9n\u00e9en se sont accord\u00e9s pour \u00e9lire les ouvrages suivants :\u00a0<\/p>\n<p><strong>Prix du Livre Pyr\u00e9n\u00e9en \u2013 Guide 2025<\/strong> qui r\u00e9compense un ouvrage permettant de d\u00e9couvrir en pratique les r\u00e9alit\u00e9s pyr\u00e9n\u00e9ennes, dans quelque domaine que ce soit, du topo guide au livre de cuisine en passant par les atlas, les inventaires\u2026 a \u00e9t\u00e9 attribu\u00e9 \u00e0 :\u00a0\u00ab\u00a0<strong>Randonneuses. Le guide\u00a0\u00bb <\/strong>de Camille Chr\u00e9tien, Cl\u00e9mence Blot, avec la participation de Chlo\u00eb Chaudemanche.<strong> <\/strong>\u00c9ditions du chemin des cr\u00eates<strong> <\/strong>(2025)<\/p>\n<p><strong>Prix \u200b\u200bdu Livre Pyr\u00e9n\u00e9en \u2013 Binaros 2025<\/strong>\u00a0qui met en valeur un ouvrage original traitant des Pyr\u00e9n\u00e9es, \u00e0 la marge des genres d\u00e9j\u00e0 d\u00e9finis. Il permet de r\u00e9compenser les livres de jeunesse, de photos ou d\u2019art, des livres atypiques\u2026 a \u00e9t\u00e9 attribu\u00e9 \u00e0 : \u00ab\u00a0<strong>Em sil\u00eancio\u00a0\u00bb <\/strong>d\u2019Adeline Casier, Editions La bo\u00eete \u00e0 Bulles (2025)<\/p>\n<p><strong>Prix \u200b\u200bdu Livre Pyr\u00e9n\u00e9en \u2013 Connaissance 2025<\/strong>\u00a0quil met en valeur un ouvrage constituant un apport cons\u00e9quent pour la valorisation ou la connaissance des mondes pyr\u00e9n\u00e9ens ou d\u2019un de leurs aspects\u2026a \u00e9t\u00e9 attribu\u00e9 \u00e0 \u00ab\u00a0<strong>R\u00e9inventons la montagne.\u00a0Alpes 2030 : un autre imaginaire est possible\u00a0\u00bb <\/strong>de Fiona Mille. \u00c9ditions du Faubourg (2024)<\/p>\n<p><strong>Prix du Livre Pyr\u00e9n\u00e9en-Litt\u00e9rature 2025<\/strong> qui distingue un ouvrage litt\u00e9raire (fictions, r\u00e9cit\u2026) ayant pour sujet ou cadre les Pyr\u00e9n\u00e9es\u2026 a \u00e9t\u00e9 attribu\u00e9 \u00e0\u00a0: <strong>\u00ab\u00a0Je t\u2019ai donn\u00e9 des yeux et tu as regard\u00e9 les t\u00e9n\u00e8bres\u00a0\u00bb<\/strong> d\u2019Ir\u00e8ne Sol\u00e0<strong><br \/><\/strong>(traduit du catalan par Edmond Raillard). \u00c9ditions du Seuil (2024)<\/p>\n<p><a href=\"https:\/\/i0.wp.com\/lourdesactu.fr\/wp-content\/uploads\/2025\/09\/mail-9-scaled.jpeg?ssl=1\" data-slb-active=\"1\" data-slb-asset=\"600852331\" data-slb-group=\"107432\" target=\"_blank\" rel=\"noopener\"><img loading=\"lazy\" data-recalc-dims=\"1\" decoding=\"async\" width=\"724\" height=\"1024\" data-attachment-id=\"107433\" data-permalink=\"https:\/\/lourdesactu.fr\/2025\/09\/29\/bagneres-de-bigorre-prix-du-livre-pyreneen-2025-et-programme-du-16eme-salon-du-livre-pyreneen-des-4-et-octobre\/mail-9-14\/\" data-orig-file=\"https:\/\/i0.wp.com\/lourdesactu.fr\/wp-content\/uploads\/2025\/09\/mail-9-scaled.jpeg?fit=1811%2C2560&amp;ssl=1\" data-orig-size=\"1811,2560\" data-comments-opened=\"0\" data-image-meta=\"{&quot;aperture&quot;:&quot;0&quot;,&quot;credit&quot;:&quot;&quot;,&quot;camera&quot;:&quot;&quot;,&quot;caption&quot;:&quot;&quot;,&quot;created_timestamp&quot;:&quot;0&quot;,&quot;copyright&quot;:&quot;&quot;,&quot;focal_length&quot;:&quot;0&quot;,&quot;iso&quot;:&quot;0&quot;,&quot;shutter_speed&quot;:&quot;0&quot;,&quot;title&quot;:&quot;&quot;,&quot;orientation&quot;:&quot;0&quot;}\" data-image-title=\"mail (9)\" data-image-description=\"\" data-image-caption=\"\" data-medium-file=\"https:\/\/i0.wp.com\/lourdesactu.fr\/wp-content\/uploads\/2025\/09\/mail-9-scaled.jpeg?fit=212%2C300&amp;ssl=1\" data-large-file=\"https:\/\/i0.wp.com\/lourdesactu.fr\/wp-content\/uploads\/2025\/09\/mail-9-scaled.jpeg?fit=724%2C1024&amp;ssl=1\" src=\"https:\/\/www.europesays.com\/fr\/wp-content\/uploads\/2025\/09\/mail-9.jpeg\" alt=\"\" class=\"wp-image-107433\"  \/><\/a><\/p>\n<p><strong>Le programme\u00a0du 16\u00e8me Salon du Livre Pyr\u00e9n\u00e9en\u00ae.<\/strong><\/p>\n<p>Le programme d\u00e9taill\u00e9 du 16\u00e8me Salon du Livre Pyr\u00e9n\u00e9en des 4 et 5 octobre est sorti. <\/p>\n<p>Vous pouvez en prendre connaissance en suivant ce lien :<\/p>\n<p>\/www.salondulivre-pyreneen.fr\/wp content\/uploads\/2025\/08\/FINAL-Programme-Salon-2025-_WEB.pdf<\/p>\n<p><a href=\"https:\/\/i0.wp.com\/lourdesactu.fr\/wp-content\/uploads\/2025\/09\/mail-10.jpeg?ssl=1\" data-slb-active=\"1\" data-slb-asset=\"2017538669\" data-slb-group=\"107432\" target=\"_blank\" rel=\"noopener\"><img loading=\"lazy\" data-recalc-dims=\"1\" decoding=\"async\" width=\"722\" height=\"1024\" data-attachment-id=\"107434\" data-permalink=\"https:\/\/lourdesactu.fr\/2025\/09\/29\/bagneres-de-bigorre-prix-du-livre-pyreneen-2025-et-programme-du-16eme-salon-du-livre-pyreneen-des-4-et-octobre\/mail-10-13\/\" data-orig-file=\"https:\/\/i0.wp.com\/lourdesactu.fr\/wp-content\/uploads\/2025\/09\/mail-10.jpeg?fit=875%2C1241&amp;ssl=1\" data-orig-size=\"875,1241\" data-comments-opened=\"0\" data-image-meta=\"{&quot;aperture&quot;:&quot;0&quot;,&quot;credit&quot;:&quot;&quot;,&quot;camera&quot;:&quot;&quot;,&quot;caption&quot;:&quot;&quot;,&quot;created_timestamp&quot;:&quot;0&quot;,&quot;copyright&quot;:&quot;&quot;,&quot;focal_length&quot;:&quot;0&quot;,&quot;iso&quot;:&quot;0&quot;,&quot;shutter_speed&quot;:&quot;0&quot;,&quot;title&quot;:&quot;&quot;,&quot;orientation&quot;:&quot;0&quot;}\" data-image-title=\"mail (10)\" data-image-description=\"\" data-image-caption=\"\" data-medium-file=\"https:\/\/i0.wp.com\/lourdesactu.fr\/wp-content\/uploads\/2025\/09\/mail-10.jpeg?fit=212%2C300&amp;ssl=1\" data-large-file=\"https:\/\/i0.wp.com\/lourdesactu.fr\/wp-content\/uploads\/2025\/09\/mail-10.jpeg?fit=722%2C1024&amp;ssl=1\" src=\"https:\/\/www.europesays.com\/fr\/wp-content\/uploads\/2025\/09\/mail-10.jpeg\" alt=\"\" class=\"wp-image-107434\"  \/><\/a><br \/>\n                    <a href=\"#\" rel=\"nofollow\" onclick=\"window.print(); return false;\" title=\"Printer Friendly, PDF &amp; Email\"><br \/>\n                    <img data-recalc-dims=\"1\" decoding=\"async\" class=\"pf-button-img\" src=\"https:\/\/www.europesays.com\/fr\/wp-content\/uploads\/2025\/09\/printfriendly-pdf-email-button.png\" alt=\"Print Friendly, PDF &amp; Email\" style=\"width: 170px;height: 24px;\"\/><br \/>\n                    <\/a><\/p>\n","protected":false},"excerpt":{"rendered":"Les Prix seront remis le samedi 4 octobre \u00e0 18h15,\u00a0au Carr\u00e9 PY\u00a0\u00c9v\u00e8nements\u00a0\u00e0 Bagn\u00e8res-de-Bigorre (65), lors du 16\u00e8me Salon&hellip;\n","protected":false},"author":2,"featured_media":425756,"comment_status":"","ping_status":"","sticky":false,"template":"","format":"standard","meta":{"footnotes":""},"categories":[1357],"tags":[1379,58,59,1011,27,1380],"class_list":{"0":"post-425755","1":"post","2":"type-post","3":"status-publish","4":"format-standard","5":"has-post-thumbnail","7":"category-livres","8":"tag-books","9":"tag-divertissement","10":"tag-entertainment","11":"tag-fr","12":"tag-france","13":"tag-livres"},"share_on_mastodon":{"url":"https:\/\/pubeurope.com\/@fr\/115286937134168637","error":""},"_links":{"self":[{"href":"https:\/\/www.europesays.com\/fr\/wp-json\/wp\/v2\/posts\/425755","targetHints":{"allow":["GET"]}}],"collection":[{"href":"https:\/\/www.europesays.com\/fr\/wp-json\/wp\/v2\/posts"}],"about":[{"href":"https:\/\/www.europesays.com\/fr\/wp-json\/wp\/v2\/types\/post"}],"author":[{"embeddable":true,"href":"https:\/\/www.europesays.com\/fr\/wp-json\/wp\/v2\/users\/2"}],"replies":[{"embeddable":true,"href":"https:\/\/www.europesays.com\/fr\/wp-json\/wp\/v2\/comments?post=425755"}],"version-history":[{"count":0,"href":"https:\/\/www.europesays.com\/fr\/wp-json\/wp\/v2\/posts\/425755\/revisions"}],"wp:featuredmedia":[{"embeddable":true,"href":"https:\/\/www.europesays.com\/fr\/wp-json\/wp\/v2\/media\/425756"}],"wp:attachment":[{"href":"https:\/\/www.europesays.com\/fr\/wp-json\/wp\/v2\/media?parent=425755"}],"wp:term":[{"taxonomy":"category","embeddable":true,"href":"https:\/\/www.europesays.com\/fr\/wp-json\/wp\/v2\/categories?post=425755"},{"taxonomy":"post_tag","embeddable":true,"href":"https:\/\/www.europesays.com\/fr\/wp-json\/wp\/v2\/tags?post=425755"}],"curies":[{"name":"wp","href":"https:\/\/api.w.org\/{rel}","templated":true}]}}