{"id":425757,"date":"2025-09-29T09:43:17","date_gmt":"2025-09-29T09:43:17","guid":{"rendered":"https:\/\/www.europesays.com\/fr\/425757\/"},"modified":"2025-09-29T09:43:17","modified_gmt":"2025-09-29T09:43:17","slug":"qui-est-alice-dufour-eblouissante-en-premiere-effeuilleuse-de-paris-dans-montmartre-sur-tf1","status":"publish","type":"post","link":"https:\/\/www.europesays.com\/fr\/425757\/","title":{"rendered":"Qui est Alice Dufour, \u00e9blouissante en premi\u00e8re effeuilleuse de Paris dans \u00ab\u00a0Montmartre\u00a0\u00bb sur TF1 ?"},"content":{"rendered":"<ul class=\"jsx-862013697 ArticleChapo__List\">\n<li class=\"jsx-862013697 ArticleChapo__List_Item flex\">Dans \u00ab\u00a0Montmartre\u00a0\u00bb elle cr\u00e8ve l&rsquo;\u00e9cran dans le r\u00f4le de C\u00e9leste, une danseuse \u00e0 la recherche de son fr\u00e8re et sa s\u0153ur disparus.<\/li>\n<li class=\"jsx-862013697 ArticleChapo__List_Item flex\">Ancienne gymnaste pass\u00e9e par le Crazy Horse, la com\u00e9dienne est impressionnante dans la fiction \u00e9v\u00e9nement qui arrive ce lundi sur TF1 et sur TF1+.<\/li>\n<li class=\"jsx-862013697 ArticleChapo__List_Item flex\">Habitu\u00e9e \u00e0 travailler avec son corps, elle n&rsquo;a pas \u00e9t\u00e9 effray\u00e9e par le fait de se mettre \u00e0 nu dans la s\u00e9rie.<\/li>\n<\/ul>\n<p data-module=\"article-paragraph\" class=\"jsx-3046738180 Paragraph\">C&rsquo;est un r\u00f4le sur mesure. Alice Dufour cr\u00e8ve l&rsquo;\u00e9cran dans <a href=\"https:\/\/www.tf1info.fr\/culture\/programme-tv-montmartre-3-choses-a-savoir-sur-la-nouvelle-serie-evenement-de-tf1-2393771.html\" target=\"_blank\" rel=\"noopener\">Montmartre, la nouvelle s\u00e9rie \u00e9v\u00e9nement<\/a> qui arrive ce lundi sur TF1 et en streaming sur TF1+. Peu connue du grand public, la com\u00e9dienne de 38 ans joue le r\u00f4le de C\u00e9leste, une danseuse de cancan dans le Paris de 1899.\u00a0<\/p>\n<p data-module=\"article-paragraph\" class=\"jsx-3046738180 Paragraph Paragraph__End\">Traumatis\u00e9e par la mort de son p\u00e8re brutalement assassin\u00e9 devant ses yeux quand elle \u00e9tait enfant, elle tente d\u00e9sesp\u00e9r\u00e9ment de retrouver le fr\u00e8re et de la s\u0153ur dont elle a \u00e9t\u00e9 s\u00e9par\u00e9e. Pour pouvoir payer l\u2019inspecteur charg\u00e9 d&rsquo;enqu\u00eater, elle n\u2019a d\u2019autre choix que de danser nue. Elle devient ainsi malgr\u00e9 elle la premi\u00e8re effeuilleuse de Paris qui fascine autant qu&rsquo;elle fait scandale.<\/p>\n<blockquote data-testid=\"EmbedTwitter\" id=\"tweet-1970157329787294167-:R98cmj9n79m:\" class=\"jsx-aeff1a1c40f54d7a twitter-tweet flex justify-center items-center\"><p>\u00ab\u00a0L&rsquo;erreur de ma vie, ce serait de ne pas tout faire pour retrouver ma famille\u00a0\u00bb \ud83d\udc40 Avec ce pitch, vous \u00eates pr\u00eat pour les deux premiers \u00e9pisodes de \ud835\ude48\ud835\ude64\ud835\ude63\ud835\ude69\ud835\ude62\ud835\ude56\ud835\ude67\ud835\ude69\ud835\ude67\ud835\ude5a, lundi 29 septembre \u00e0 21h10 sur TF1 et TF1+ \ud83c\udf7f  pic.twitter.com\/kGf4xEhpEJ \u2014 TF1 (@TF1)  September 22, 2025<\/p><\/blockquote>\n<p>Elle a \u00e9t\u00e9 danseuse au Crazy Horse<\/p>\n<p data-module=\"article-paragraph\" class=\"jsx-3046738180 Paragraph\">\u00ab\u00a0Quand j\u2019ai lu le sc\u00e9nario et que j&rsquo;ai d\u00e9couvert le personnage de C\u00e9leste, \u00e7a m\u2019a tout de suite parl\u00e9. Je me suis dit que c&rsquo;\u00e9tait moi ! J&rsquo;ai donc pass\u00e9 le casting. Ils ne recherchaient pas forc\u00e9ment une danseuse d&rsquo;ailleurs\u00a0\u00bb, nous a confi\u00e9 Alice Dufour tr\u00e8s \u00e0 l&rsquo;aise dans les diff\u00e9rents num\u00e9ros musicaux sur sc\u00e8ne.<\/p>\n<p data-module=\"article-paragraph\" class=\"jsx-3046738180 Paragraph Paragraph__End\">Et pour cause, avant de devenir com\u00e9dienne, Alice Dufour a pratiqu\u00e9 la gymnastique rythmique pendant 16 ans. Elle a m\u00eame remport\u00e9 trois fois le titre de championne de France en Nationale B s\u00e9nior. \u00c0 21 ans, elle entame une carri\u00e8re de danseuse au Crazy Horse, le c\u00e9l\u00e8bre cabaret parisien, avant de d\u00e9crocher en 2011 le premier r\u00f4le d&rsquo;Iris, le spectacle du <a href=\"https:\/\/www.tf1info.fr\/international\/reportage-video-cirque-du-soleil-le-grand-barnum-en-coulisses-2274624.html\" target=\"_blank\" rel=\"noopener\">Cirque du Soleil <\/a>qu&rsquo;elle joue durant deux ans \u00e0 Los Angeles.\u00a0<\/p>\n<p><img decoding=\"async\" src=\"https:\/\/www.europesays.com\/fr\/wp-content\/uploads\/2025\/09\/montmartre-alice-dufour-2-9d48df-0@1x.jpeg\" alt=\"Alice Dufour est C\u00e9leste dans &quot;Montmartre&quot;.&#10; - JULIEN PANI\u00c9 \/ AUTHENTIC PROD \/ BANIJAY \/ TF1\" loading=\"lazy\" importance=\"low\" fetchpriority=\"low\" class=\"\" data-module=\"article-image\"\/>Alice Dufour est C\u00e9leste dans \u00ab\u00a0Montmartre\u00a0\u00bb.<br \/>\n &#8211; JULIEN PANI\u00c9 \/ AUTHENTIC PROD \/ BANIJAY \/ TF1Un parcours singulier<\/p>\n<p data-module=\"article-paragraph\" class=\"jsx-3046738180 Paragraph\">De retour en France apr\u00e8s avoir pris des cours de com\u00e9die \u00e0 l&rsquo;Actors Studio, elle continue de participer \u00e0 des d\u00e9fil\u00e9s et des spectacles m\u00ealant danse et performance, notamment pour <a href=\"https:\/\/www.tf1info.fr\/culture\/video-thierry-mugler-deces-d-un-createur-hors-normes-2208049.html\" target=\"_blank\" rel=\"noopener\">Thierry Mugler<\/a> et Philippe Decoufl\u00e9. Elle se fait remarquer dans la s\u00e9rie Hard sur Canal+ puis <a href=\"https:\/\/www.tf1info.fr\/culture\/de-lol-saison-3-sur-amazon-prime-video-a-alibi-com-2-au-cinema-philippe-lacheau-a-peur-de-commencer-a-saouler-les-gens-2250336.html\" target=\"_blank\" rel=\"noopener\">dans les com\u00e9dies de Philippe Lacheau<\/a> (Baby Sitting, <a href=\"https:\/\/www.tf1info.fr\/culture\/video-cinema-alibi-com-2-le-retour-d-une-comedie-hilarante-de-philippe-lacheau-2247208.html\" target=\"_blank\" rel=\"noopener\">Alibi.com<\/a>, Superh\u00e9ros malgr\u00e9 lui). Elle tourne \u00e9galement dans trois films sous la direction de <a href=\"https:\/\/www.tf1info.fr\/culture\/mort-de-jean-pierre-mocky-a-l-age-de-90-ans-la-disparition-d-un-realisateur-aussi-irreverencieux-qu-inclassable-2129108.html\" target=\"_blank\" rel=\"noopener\">Jean-Pierre Mocky<\/a>.<\/p>\n<p data-module=\"article-paragraph\" class=\"jsx-3046738180 Paragraph Paragraph__End\">\u00ab\u00a0Je r\u00eavais aussi de faire du th\u00e9\u00e2tre mais je savais que c\u2019\u00e9tait compliqu\u00e9 parce que c&rsquo;est un milieu assez ferm\u00e9, il n\u2019y a pas vraiment d\u2019audition. J&rsquo;ai fait un stage de th\u00e9\u00e2tre avec Nicolas Brian\u00e7on et c\u2019est lui qui m\u2019a aid\u00e9e \u00e0 me lancer\u00a0\u00bb, se souvient la com\u00e9dienne qui entame alors une carri\u00e8re sur les planches. Elle est m\u00eame nomm\u00e9e aux Moli\u00e8res pour son r\u00f4le dans Le Canard \u00e0 l&rsquo;Orange en 2019 et re\u00e7oit le prix Jean-Jacques Cautier de la SACD pour son seul en sc\u00e8ne Mademoiselle Else un an plus tard.\u00a0<\/p>\n<blockquote class=\"jsx-2786790838 Quote__Text\"><p>J&rsquo;ai un rapport tr\u00e8s sain avec mon corps car je l\u2019ai toujours utilis\u00e9 comme une danseuse ou une gymnaste<\/p><\/blockquote>\n<p>Alice Dufour<\/p>\n<p data-module=\"article-paragraph\" class=\"jsx-3046738180 Paragraph Paragraph__End\">Habitu\u00e9e \u00e0 travailler avec son corps, elle n&rsquo;a pas \u00e9t\u00e9 effray\u00e9e par le fait de se mettre \u00e0 nu dans la s\u00e9rie. \u00ab\u00a0J&rsquo;ai un rapport tr\u00e8s sain avec mon corps car je l\u2019ai toujours utilis\u00e9 comme une danseuse ou une gymnaste. C&rsquo;est mon alli\u00e9, il m\u2019appartient et je le ma\u00eetrise\u00a0\u00bb, assure celle qui se d\u00e9finit pourtant comme \u00ab\u00a0pudique\u00a0\u00bb dans la vraie vie. \u00ab\u00a0L\u2019enjeu artistique de la s\u00e9rie d\u00e9passait ma g\u00eane et mon inconfort de me montrer nue pendant le tournage. C\u00e9leste se d\u00e9nude pour essayer de d\u00e9voiler la v\u00e9rit\u00e9 et je trouvais la m\u00e9taphore assez jolie\u00a0\u00bb, admet-elle.<\/p>\n<p><a href=\"https:\/\/www.tf1info.fr\/culture\/du-chouchou-aux-chaussures-elles-ont-adopte-la-garde-robe-de-l-heroine-de-hpi-qui-sont-les-morganettes-de-morgan-alvaro-2393564.html\" rel=\"noopener\" class=\"jsx-3308031228 Link flex\" target=\"_blank\"><img decoding=\"async\" src=\"https:\/\/www.europesays.com\/fr\/wp-content\/uploads\/2025\/09\/morganettes-1-590d7e-0@1x.jpeg\" alt=\"Les Morganettes, fans absolues de &quot;HPI&quot;. \" loading=\"lazy\" importance=\"low\" fetchpriority=\"low\" class=\"\" aria-hidden=\"true\"\/><\/p>\n<p class=\"jsx-3657663356 ReadMoreArticle__Title\">Lire aussi<\/p>\n<p class=\"jsx-3657663356\">\u00ab\u00a0Du chouchou aux chaussures\u00a0\u00bb, elles ont adopt\u00e9 la garde-robe de l&rsquo;h\u00e9ro\u00efne de \u00ab\u00a0HPI\u00a0\u00bb : qui sont les Morganettes ? <\/p>\n<p><\/a><\/p>\n<p data-module=\"article-paragraph\" class=\"jsx-3046738180 Paragraph Paragraph__End\">C\u00f4t\u00e9 vie priv\u00e9e, Alice Dufour file le parfait amour avec le com\u00e9dien Fran\u00e7ois Vincentelli, qu&rsquo;elle a rencontr\u00e9 sur le tournage de Hard. Le couple qui a l&rsquo;habitude de jouer ensemble \u2013 ils se donnent \u00e9galement la r\u00e9plique dans Montmartre \u2013 accueille une petite fille pr\u00e9nomm\u00e9e Colette n\u00e9e en d\u00e9cembre 2021. Le 3 juillet 2023, ils officialisent leur union lors d\u2019un mariage civil \u00e0 la mairie du 8e.\u00a0<\/p>\n<p>Rania HOBALLAH<\/p>\n<p><script async src=\"https:\/\/platform.twitter.com\/widgets.js\" charset=\"utf-8\"><\/script><\/p>\n","protected":false},"excerpt":{"rendered":"Dans \u00ab\u00a0Montmartre\u00a0\u00bb elle cr\u00e8ve l&rsquo;\u00e9cran dans le r\u00f4le de C\u00e9leste, une danseuse \u00e0 la recherche de son fr\u00e8re&hellip;\n","protected":false},"author":2,"featured_media":425758,"comment_status":"","ping_status":"","sticky":false,"template":"","format":"standard","meta":{"footnotes":""},"categories":[1356],"tags":[1111,11,1921,58,59,1011,27,1922,500,2041,10922,4280,252,199,1364,133,2040],"class_list":{"0":"post-425757","1":"post","2":"type-post","3":"status-publish","4":"format-standard","5":"has-post-thumbnail","7":"category-television","8":"tag-actu","9":"tag-actualites","10":"tag-article-video","11":"tag-divertissement","12":"tag-entertainment","13":"tag-fr","14":"tag-france","15":"tag-info","16":"tag-medias","17":"tag-medias-et-divertissement","18":"tag-philippe-lacheau","19":"tag-series-tele","20":"tag-television","21":"tag-tf1","22":"tag-tv","23":"tag-video","24":"tag-video-culture"},"share_on_mastodon":{"url":"https:\/\/pubeurope.com\/@fr\/115286940590664311","error":""},"_links":{"self":[{"href":"https:\/\/www.europesays.com\/fr\/wp-json\/wp\/v2\/posts\/425757","targetHints":{"allow":["GET"]}}],"collection":[{"href":"https:\/\/www.europesays.com\/fr\/wp-json\/wp\/v2\/posts"}],"about":[{"href":"https:\/\/www.europesays.com\/fr\/wp-json\/wp\/v2\/types\/post"}],"author":[{"embeddable":true,"href":"https:\/\/www.europesays.com\/fr\/wp-json\/wp\/v2\/users\/2"}],"replies":[{"embeddable":true,"href":"https:\/\/www.europesays.com\/fr\/wp-json\/wp\/v2\/comments?post=425757"}],"version-history":[{"count":0,"href":"https:\/\/www.europesays.com\/fr\/wp-json\/wp\/v2\/posts\/425757\/revisions"}],"wp:featuredmedia":[{"embeddable":true,"href":"https:\/\/www.europesays.com\/fr\/wp-json\/wp\/v2\/media\/425758"}],"wp:attachment":[{"href":"https:\/\/www.europesays.com\/fr\/wp-json\/wp\/v2\/media?parent=425757"}],"wp:term":[{"taxonomy":"category","embeddable":true,"href":"https:\/\/www.europesays.com\/fr\/wp-json\/wp\/v2\/categories?post=425757"},{"taxonomy":"post_tag","embeddable":true,"href":"https:\/\/www.europesays.com\/fr\/wp-json\/wp\/v2\/tags?post=425757"}],"curies":[{"name":"wp","href":"https:\/\/api.w.org\/{rel}","templated":true}]}}