{"id":425769,"date":"2025-09-29T09:49:10","date_gmt":"2025-09-29T09:49:10","guid":{"rendered":"https:\/\/www.europesays.com\/fr\/425769\/"},"modified":"2025-09-29T09:49:10","modified_gmt":"2025-09-29T09:49:10","slug":"cette-mission-spatiale-revolutionnaire-devoile-les-secrets-atmospheriques-caches-depuis-50-ans","status":"publish","type":"post","link":"https:\/\/www.europesays.com\/fr\/425769\/","title":{"rendered":"cette mission spatiale r\u00e9volutionnaire d\u00e9voile les secrets atmosph\u00e9riques cach\u00e9s depuis 50 ans"},"content":{"rendered":"<tr>\n<td><strong>EN BREF<\/strong><\/td>\n<\/tr>\n<tr>\n<td>\n<ul>\n<li>\ud83d\ude80 La <strong>mission Carruthers Geocorona Observatory<\/strong> explore l\u2019exosph\u00e8re terrestre pour la premi\u00e8re fois.<\/li>\n<li>\ud83d\udc68\u200d\ud83d\ude80 L\u2019h\u00e9ritage de <strong>George Carruthers<\/strong> se concr\u00e9tise avec une technologie d\u2019imagerie avanc\u00e9e.<\/li>\n<li>\ud83c\udf0c Comprendre les <strong>interactions atmosph\u00e9riques<\/strong> aide \u00e0 identifier des exoplan\u00e8tes potentiellement habitables.<\/li>\n<li>\ud83d\udd0d L\u2019observatoire pourrait r\u00e9volutionner notre <strong>compr\u00e9hension des atmosph\u00e8res<\/strong> plan\u00e9taires.<\/li>\n<\/ul>\n<\/td>\n<\/tr>\n<p>La mission de la NASA visant \u00e0 explorer la g\u00e9ocorona de la Terre marque une \u00e9tape significative dans l\u2019\u00e9tude de notre atmosph\u00e8re. Lanc\u00e9e en septembre, cette mission ambitionne d\u2019explorer la partie la plus ext\u00e9rieure de notre atmosph\u00e8re, l\u2019exosph\u00e8re, en se focalisant sur le \u00ab\u00a0halo\u00a0\u00bb visible uniquement en lumi\u00e8re ultraviolette. Ce ph\u00e9nom\u00e8ne, connu sous le nom de g\u00e9ocorona, s\u2019\u00e9tend \u00e0 une distance impressionnante, atteignant presque la moiti\u00e9 de la distance jusqu\u2019\u00e0 la Lune. \u00c0 travers cette mission, la NASA esp\u00e8re non seulement enrichir notre compr\u00e9hension de la Terre, mais aussi jeter un nouvel \u00e9clairage sur la recherche de plan\u00e8tes habitables dans notre galaxie.<\/p>\n<p>La gen\u00e8se de la mission Carruthers Geocorona Observatory<\/p>\n<p>Le lancement de la mission Carruthers Geocorona Observatory est l\u2019aboutissement de d\u00e9cennies de recherches et de r\u00eaves. En avril 1972, une cam\u00e9ra UV primitive, con\u00e7ue par le Dr. George Carruthers, fut utilis\u00e9e sur la Lune pour capturer des images de la g\u00e9ocorona. Bien que ces images aient \u00e9t\u00e9 remarquables, elles ne repr\u00e9sentaient qu\u2019une partie du ph\u00e9nom\u00e8ne. Le Dr. Carruthers avait compris que pour capturer l\u2019ensemble de l\u2019exosph\u00e8re, une mission plus ambitieuse \u00e9tait n\u00e9cessaire.<\/p>\n<p>Apr\u00e8s plus de 50 ans, la NASA r\u00e9alise ce r\u00eave en lan\u00e7ant un observatoire \u00e9quip\u00e9 de technologies avanc\u00e9es. Ce nouvel appareil, bien plus sophistiqu\u00e9 que la cam\u00e9ra originale, promet de fournir des images compl\u00e8tes et d\u00e9taill\u00e9es de la g\u00e9ocorona. Avec des capacit\u00e9s d\u2019imagerie \u00e0 champ large et \u00e0 champ proche, cet observatoire est con\u00e7u pour analyser les interactions entre l\u2019exosph\u00e8re, l\u2019atmosph\u00e8re inf\u00e9rieure et les particules solaires. Cette avanc\u00e9e technologique met en lumi\u00e8re la d\u00e9termination de la communaut\u00e9 scientifique \u00e0 repousser les limites de la connaissance.<\/p>\n<blockquote class=\"wp-embedded-content\" data-secret=\"E9gvZaY6h4\">\n<p><a href=\"https:\/\/www.le-gaz.fr\/2024\/11\/11\/records-de-gaz-a-effet-de-serre-en-2023-un-avertissement-alarmant-de-lonu-avant-la-cop29\/\" rel=\"nofollow noopener\" target=\"_blank\">Records de gaz \u00e0 effet de serre en 2023 : un avertissement alarmant de l\u2019ONU avant la COP29<\/a><\/p>\n<\/blockquote>\n<p>L&rsquo;importance de l&rsquo;exosph\u00e8re et de la g\u00e9ocorona<\/p>\n<p>L&rsquo;exosph\u00e8re, la couche ext\u00e9rieure de notre atmosph\u00e8re, joue un r\u00f4le crucial dans la protection de notre plan\u00e8te. Elle interagit avec le vent solaire, un flux de particules charg\u00e9es \u00e9manant du Soleil. Cette interaction est primordiale pour comprendre comment la Terre perd son hydrog\u00e8ne, \u00e9l\u00e9ment essentiel de l&rsquo;eau. L&rsquo;\u00e9tude de ce processus pourrait offrir des indices pr\u00e9cieux sur la capacit\u00e9 des exoplan\u00e8tes \u00e0 abriter de l&rsquo;eau, et donc potentiellement la vie.<\/p>\n<blockquote>\n<p>L&rsquo;exosph\u00e8re commence \u00e0 environ 480 kilom\u00e8tres au-dessus de la Terre et s&rsquo;\u00e9tend jusqu&rsquo;\u00e0 50 000 kilom\u00e8tres, presque jusqu&rsquo;\u00e0 la Lune.<\/p>\n<p>https:\/\/www.le-gaz.fr\/2025\/09\/18\/on-reproduit-lenergie-du-soleil-cette-percee-de-durham-sur-la-fusion-qui-bouleverse-la-science-mondiale\/<\/p>\n<\/blockquote>\n<p>Comprendre ces interactions aide \u00e9galement \u00e0 pr\u00e9voir les conditions de l&rsquo;espace autour de la Terre, ce qui est essentiel pour la s\u00e9curit\u00e9 des missions spatiales et des satellites en orbite. Ainsi, la mission Carruthers Geocorona Observatory ne se contente pas d&rsquo;explorer un ph\u00e9nom\u00e8ne atmosph\u00e9rique; elle pourrait \u00e9galement influencer la mani\u00e8re dont nous pr\u00e9parons nos futurs voyages dans l&rsquo;espace.<\/p>\n<p>Technologie avanc\u00e9e et objectifs scientifiques<\/p>\n<p>Le Carruthers Geocorona Observatory est \u00e9quip\u00e9 de technologies de pointe pour r\u00e9aliser ses objectifs scientifiques. Parmi elles, une cam\u00e9ra UV avanc\u00e9e capable de capturer des images d\u00e9taill\u00e9es de l&rsquo;exosph\u00e8re, r\u00e9v\u00e9lant ainsi des aspects invisibles \u00e0 l&rsquo;\u0153il nu. Cette technologie permet de surveiller les interactions entre le vent solaire et l&rsquo;atmosph\u00e8re terrestre, offrant des insights pr\u00e9cieux sur la dynamique de notre syst\u00e8me solaire.<\/p>\n<blockquote class=\"wp-embedded-content\" data-secret=\"7tpQuM1vUr\">\n<p><a href=\"https:\/\/www.le-gaz.fr\/2025\/09\/23\/on-detecte-un-signal-a-2-900-km-sous-terre-les-satellites-revelent-la-transformation-terrifiante-qui-bouleverse-le-noyau-de-notre-planete\/\" rel=\"nofollow noopener\" target=\"_blank\">\u00ab On d\u00e9tecte un signal \u00e0 2 900 km sous terre \u00bb : les satellites r\u00e9v\u00e8lent la transformation terrifiante qui bouleverse le noyau de notre plan\u00e8te<\/a><\/p>\n<\/blockquote>\n<p>Cette mission est \u00e9galement une opportunit\u00e9 de tester de nouvelles technologies en mati\u00e8re d&rsquo;imagerie spatiale. Les donn\u00e9es recueillies ne serviront pas uniquement \u00e0 \u00e9tudier la Terre, mais permettront \u00e9galement d&rsquo;affiner nos techniques pour l&rsquo;exploration d&rsquo;autres plan\u00e8tes. La capacit\u00e9 \u00e0 d\u00e9tecter et analyser des halos similaires autour d&rsquo;exoplan\u00e8tes pourrait devenir un outil essentiel dans la recherche de mondes habitables.<\/p>\n<p>Un hommage \u00e0 un pionnier de l&rsquo;astronomie<\/p>\n<p>La mission Carruthers Geocorona Observatory est aussi un hommage \u00e0 George Carruthers, l&rsquo;ing\u00e9nieur et physicien dont la vision a permis cette avanc\u00e9e scientifique. Malheureusement disparu en 2020, Carruthers laisse derri\u00e8re lui un h\u00e9ritage durable dans le domaine de l&rsquo;astronomie. Sa passion pour l&rsquo;exploration spatiale et son d\u00e9sir de comprendre les myst\u00e8res de notre atmosph\u00e8re continuent d&rsquo;inspirer les nouvelles g\u00e9n\u00e9rations de scientifiques.<\/p>\n<blockquote>\n<p>\u00ab Voir notre plan\u00e8te sous cet angle unique est un r\u00eave que Carruthers nourrissait depuis longtemps \u00bb, a d\u00e9clar\u00e9 un porte-parole de la NASA.<\/p>\n<\/blockquote>\n<p>Alors que l&rsquo;observatoire commence sa mission, il incarne non seulement les aspirations d&rsquo;un homme, mais aussi celles de toute une communaut\u00e9 scientifique. C&rsquo;est un rappel poignant de l&rsquo;impact que des pionniers comme Carruthers peuvent avoir sur notre compr\u00e9hension du cosmos.<\/p>\n<p>La mission Carruthers Geocorona Observatory s&rsquo;annonce comme une \u00e9tape cruciale dans notre exploration de l&rsquo;atmosph\u00e8re terrestre et au-del\u00e0. En \u00e9clairant la g\u00e9ocorona, elle promet de nouvelles d\u00e9couvertes passionnantes qui pourraient transformer notre compr\u00e9hension des atmosph\u00e8res plan\u00e9taires. Alors que nous nous pr\u00e9parons \u00e0 recevoir les premi\u00e8res donn\u00e9es de cet observatoire, une question persiste : quelles nouvelles r\u00e9v\u00e9lations sur notre plan\u00e8te et les exoplan\u00e8tes nous r\u00e9serve cette mission audacieuse ?<\/p>\n<p>Cet article s\u2019appuie sur des sources v\u00e9rifi\u00e9es et l\u2019assistance de technologies \u00e9ditoriales.<\/p>\n<p id=\"rating\">\u00c7a vous a plu ?\u00a04.5\/5 (24)<\/p>\n","protected":false},"excerpt":{"rendered":"EN BREF \ud83d\ude80 La mission Carruthers Geocorona Observatory explore l\u2019exosph\u00e8re terrestre pour la premi\u00e8re fois. \ud83d\udc68\u200d\ud83d\ude80 L\u2019h\u00e9ritage de&hellip;\n","protected":false},"author":2,"featured_media":425770,"comment_status":"","ping_status":"","sticky":false,"template":"","format":"standard","meta":{"footnotes":""},"categories":[7],"tags":[1011,27,43,40,41,39,42,44],"class_list":{"0":"post-425769","1":"post","2":"type-post","3":"status-publish","4":"format-standard","5":"has-post-thumbnail","7":"category-sciences-et-technologies","8":"tag-fr","9":"tag-france","10":"tag-science","11":"tag-science-and-technology","12":"tag-sciences","13":"tag-sciences-et-technologies","14":"tag-technologies","15":"tag-technology"},"share_on_mastodon":{"url":"https:\/\/pubeurope.com\/@fr\/115286963910963733","error":""},"_links":{"self":[{"href":"https:\/\/www.europesays.com\/fr\/wp-json\/wp\/v2\/posts\/425769","targetHints":{"allow":["GET"]}}],"collection":[{"href":"https:\/\/www.europesays.com\/fr\/wp-json\/wp\/v2\/posts"}],"about":[{"href":"https:\/\/www.europesays.com\/fr\/wp-json\/wp\/v2\/types\/post"}],"author":[{"embeddable":true,"href":"https:\/\/www.europesays.com\/fr\/wp-json\/wp\/v2\/users\/2"}],"replies":[{"embeddable":true,"href":"https:\/\/www.europesays.com\/fr\/wp-json\/wp\/v2\/comments?post=425769"}],"version-history":[{"count":0,"href":"https:\/\/www.europesays.com\/fr\/wp-json\/wp\/v2\/posts\/425769\/revisions"}],"wp:featuredmedia":[{"embeddable":true,"href":"https:\/\/www.europesays.com\/fr\/wp-json\/wp\/v2\/media\/425770"}],"wp:attachment":[{"href":"https:\/\/www.europesays.com\/fr\/wp-json\/wp\/v2\/media?parent=425769"}],"wp:term":[{"taxonomy":"category","embeddable":true,"href":"https:\/\/www.europesays.com\/fr\/wp-json\/wp\/v2\/categories?post=425769"},{"taxonomy":"post_tag","embeddable":true,"href":"https:\/\/www.europesays.com\/fr\/wp-json\/wp\/v2\/tags?post=425769"}],"curies":[{"name":"wp","href":"https:\/\/api.w.org\/{rel}","templated":true}]}}