{"id":425774,"date":"2025-09-29T09:51:11","date_gmt":"2025-09-29T09:51:11","guid":{"rendered":"https:\/\/www.europesays.com\/fr\/425774\/"},"modified":"2025-09-29T09:51:11","modified_gmt":"2025-09-29T09:51:11","slug":"le-pays-a-t-il-perdu-plus-de-10-millions-dhabitants-depuis-2022","status":"publish","type":"post","link":"https:\/\/www.europesays.com\/fr\/425774\/","title":{"rendered":"Le pays a-t-il perdu plus de 10\u00a0millions d\u2019habitants depuis\u00a02022\u00a0?"},"content":{"rendered":"<p>Plus de trois ans apr\u00e8s le d\u00e9but de la guerre, la population de l\u2019Ukraine a consid\u00e9rablement diminu\u00e9, et par la m\u00eame occasion, le vivier de recrutement de soldats pour r\u00e9sister \u00e0 l\u2019invasion russe. En\u00a02025, la population de l\u2019Ukraine serait ainsi \u00ab\u00a0tomb\u00e9e \u00e0 28,7\u00a0millions d\u2019habitants\u00a0\u00bb, affirme l\u2019internaute \u00ab\u00a0Renard Jean-Michel\u00a0\u00bb, sur X, citant le \u00ab\u00a0Service national de la migration\u00a0\u00bb comme source. Il ajoute\u00a0: \u00ab\u00a0en d\u00e9cembre\u00a02019, le recensement \u00e9lectronique enregistrait 37,3\u00a0millions d\u2019habitants\u00a0\u00bb.<\/p>\n<blockquote class=\"twitter-tweet\" align=\"center\" data-lang=\"fr_FR\">\n<p lang=\"fr\" dir=\"ltr\">L&rsquo;Ukraine a perdu pr\u00e8s de 9 millions d&rsquo;habitants en six ans.<\/p>\n<p>La population de l&rsquo;Ukraine est tomb\u00e9e \u00e0 28,7 millions d&rsquo;habitants, rapportent les m\u00e9dias ukrainiens en se basant sur les donn\u00e9es du Service national de la migration.<\/p>\n<p>Pour comparaison : en d\u00e9cembre 2019, le recensement\u2026 <a href=\"https:\/\/t.co\/9HLzSdBCbW\" rel=\"nofollow\">pic.twitter.com\/9HLzSdBCbW<\/a><\/p>\n<p>\u2014 Renard Jean-Michel (@Renardpaty) <a href=\"https:\/\/twitter.com\/Renardpaty\/status\/1970699342697660751?ref_src=twsrc%5Etfw\" rel=\"nofollow noopener\" target=\"_blank\">September 24, 2025<\/a><\/p><\/blockquote>\n<p class=\"mb-xxl@xs color-ultramarine font-weight-semi-bold@xs font-source-serif-pro heading-s@xs\">L\u2019acc\u00e8s \u00e0 ce contenu a \u00e9t\u00e9 bloqu\u00e9 afin de respecter votre choix de consentement<\/p>\n<p class=\"mb-m@xs text-l@xs\">En cliquant sur\u00ab J\u2019accepte \u00bb, vous acceptez le d\u00e9p\u00f4t de cookies par des services externes et aurez ainsi acc\u00e8s aux contenus de nos partenaires.<\/p>\n<p class=\"mb-xl@xs text-s@xs\">Plus d\u2019informations sur la page<a href=\"https:\/\/www.20minutes.fr\/gestion-cookies\" class=\"mx-xxs@xs color-ultramarine\" rel=\"nofollow noopener\" target=\"_blank\">Politique de gestion des cookies<\/a><\/p>\n<p>J\u2019accepte<\/p>\n<p>Une baisse de \u00ab\u00a0pr\u00e8s de 9\u00a0millions d\u2019habitants en six ans\u00a0\u00bb, \u00e9crit \u00ab\u00a0Renard Jean-Michel\u00a0\u00bb dans sa publication. Il va plus loin en sortant, ce qu\u2019il appelle \u00eatre les chiffres du \u00ab\u00a0dernier recensement officiel\u00a0\u00bb, qui date de\u00a02001\u00a0: \u00ab\u00a0environ 48\u00a0millions d\u2019habitants\u00a0\u00bb.<\/p>\n<p>FAKE OFF<\/p>\n<p>En r\u00e9alit\u00e9, le chiffre de \u00ab\u00a028,7\u00a0millions\u00a0\u00bb d\u2019Ukrainiens donn\u00e9 par l\u2019internaute ne correspond pas exactement \u00e0 la population du pays. C\u2019est le nombre total de personnes ayant officiellement d\u00e9clar\u00e9 leur lieu de r\u00e9sidence en Ukraine, au 1er\u00a0septembre 2025, d\u2019apr\u00e8s les donn\u00e9es fournies par le Service national des migrations du pays, peut-on lire dans <a href=\"https:\/\/itd.rada.gov.ua\/billinfo\/Bills\/Card\/57325\" target=\"_blank\" class=\"c-link c-link--is-underlined\" rel=\"nofollow noopener\">la note explicative, dat\u00e9e du 15\u00a0septembre dernier, du projet de loi<\/a> du gouvernement ukrainien sur le budget 2026. Ce chiffre \u00e9tant provisoire, il peut encore monter jusqu\u2019\u00e0 la fin de l\u2019ann\u00e9e.<\/p>\n<p>En\u00a02019, selon les <a href=\"https:\/\/www.ukrstat.gov.ua\/operativ\/menu\/menu_u\/ds.htm\" target=\"_blank\" class=\"c-link c-link--is-underlined\" rel=\"nofollow noopener\">donn\u00e9es du service national des statistiques de l\u2019Ukraine<\/a>, environ 42\u00a0millions de personnes r\u00e9sidaient sur le territoire ukrainien (hors Crim\u00e9e et ville de S\u00e9bastopol). En\u00a02022, avant que la Russie n\u2019envahisse l\u2019Ukraine, ce chiffre s\u2019\u00e9levait \u00e0 pr\u00e8s de 41\u00a0millions (l\u00e0 aussi hors Crim\u00e9e et ville de S\u00e9bastopole). M\u00eame si ces donn\u00e9es ne correspondant pas exactement aux chiffres de la population, on note bien une baisse significative entre\u00a02019 et\u00a02025. Et m\u00eame sur les trois derni\u00e8res ann\u00e9es, entre\u00a02022 et\u00a02025.<\/p>\n<p><a href=\"https:\/\/www.20minutes.fr\/monde\/ukraine\/\" class=\"c-link c-btn c-btn--primary\" rel=\"nofollow noopener\" target=\"_blank\">Retrouvez les derni\u00e8res infos sur la guerre en Ukraine<\/a><\/p>\n<p>L\u2019<a href=\"https:\/\/news.un.org\/fr\/story\/2024\/10\/1149906#:~:text=Selon%20les%20chiffres%20officiels%2C%20l,millions%20d%27habitants%20en%202021.\" target=\"_blank\" class=\"c-link c-link--is-underlined\" rel=\"nofollow noopener\">Agence de l\u2019ONU en charge des questions de sant\u00e9 sexuelle et reproductive<\/a> (UNFPA) estimait, en octobre\u00a02024, cette baisse de la population \u00e0 \u00ab\u00a0plus de 10\u00a0millions d\u2019habitants depuis l\u2019invasion russe\u00a0\u00bb. Des donn\u00e9es \u00ab\u00a0\u00e0 prendre avec pr\u00e9caution\u00a0\u00bb tout de m\u00eame, car \u00ab\u00a0nous n\u2019avons pas de recensement\u00a0\u00bb, avait d\u00e9clar\u00e9 Florence Bauer, Directrice r\u00e9gionale de l\u2019UNFPA pour l\u2019Europe de l\u2019Est et l\u2019Asie centrale.<\/p>\n<p>Pr\u00e8s de 6\u00a0millions de r\u00e9fugi\u00e9s ukrainiens<\/p>\n<p>Cette baisse significative s\u2019explique notamment par les pertes humaines li\u00e9es au conflit, estim\u00e9es \u00e0 des milliers de civils et combattants. Suite \u00e0 l\u2019invasion russe, de nombreux Ukrainiens ont \u00e9galement fui l\u2019Ukraine pour se r\u00e9fugier dans d\u2019autres pays. Au 2\u00a0septembre 2025, <a href=\"https:\/\/data.unhcr.org\/en\/situations\/ukraine#_ga=2.109891397.1386126798.1654604382-2036912627.1583167973\" target=\"_blank\" class=\"c-link c-link--is-underlined\" rel=\"nofollow noopener\">l\u2019Agence des Nations Unies pour les r\u00e9fugi\u00e9s (UNHCR)<\/a> compte 5.137.910 r\u00e9fugi\u00e9s venus d\u2019Ukraine \u00e0 travers l\u2019Europe. Ce nombre monte \u00e0 5.698.470 si l\u2019on prend le monde entier.<\/p>\n<\/p>\n<p>Toujours selon les donn\u00e9es de cette agence des Nations Unies, l\u2019Allemagne est le pays o\u00f9 il y a le plus grand nombre de r\u00e9fugi\u00e9s venant d\u2019Ukraine (1.233.280). Suivent le Royaume-Uni (254.580) et l\u2019Espagne (243.670). En France, le nombre de r\u00e9fugi\u00e9s venus d\u2019Ukraine s\u2019\u00e9levait, au 31\u00a0juillet 2025, \u00e0 74.010.<\/p>\n<p>Le vivier de recrutement de l\u2019arm\u00e9e se retrouve ainsi impact\u00e9 par ces d\u00e9parts \u00e0 l\u2019\u00e9tranger. Pour compenser cette p\u00e9nurie de soldats, le <a href=\"https:\/\/www.20minutes.fr\/monde\/ukraine\/4165853-20250729-guerre-ukraine-zelensky-autorise-recrutement-plus-60-ans-25-morts-frappes-russes\" class=\"c-link c-link--is-underlined\" rel=\"nofollow noopener\" target=\"_blank\">recrutement dans l\u2019arm\u00e9e des personnes \u00e2g\u00e9es de plus de 60 ans<\/a> a \u00e9t\u00e9 autoris\u00e9 le 29\u00a0juillet dernier, tandis que l\u2019\u00e2ge minimal pour \u00eatre recrut\u00e9 avait \u00e9t\u00e9 abaiss\u00e9 \u00e0 25 ans en\u00a02024. Plus de 70.000 femmes servent \u00e9galement au sein de l\u2019arm\u00e9e, <a href=\"https:\/\/mod.gov.ua\/en\/news\/serhii-melnyk-over-5-500-women-are-currently-serving-on-the-front-line\" target=\"_blank\" class=\"c-link c-link--is-underlined\" rel=\"nofollow noopener\">selon le minist\u00e8re de la D\u00e9fense ukrainien<\/a>.<\/p>\n<p><script async src=\"https:\/\/platform.twitter.com\/widgets.js\" charset=\"utf-8\"><\/script><\/p>\n","protected":false},"excerpt":{"rendered":"Plus de trois ans apr\u00e8s le d\u00e9but de la guerre, la population de l\u2019Ukraine a consid\u00e9rablement diminu\u00e9, et&hellip;\n","protected":false},"author":2,"featured_media":425775,"comment_status":"","ping_status":"","sticky":false,"template":"","format":"standard","meta":{"footnotes":""},"categories":[5],"tags":[47,11,674,840,1011,27,131,14,74,12,3521,940,132,28],"class_list":{"0":"post-425774","1":"post","2":"type-post","3":"status-publish","4":"format-standard","5":"has-post-thumbnail","7":"category-international","8":"tag-actualite","9":"tag-actualites","10":"tag-europe","11":"tag-fake-off","12":"tag-fr","13":"tag-france","14":"tag-guerre-en-ukraine","15":"tag-international","16":"tag-monde","17":"tag-news","18":"tag-onu","19":"tag-population","20":"tag-russie","21":"tag-world"},"share_on_mastodon":{"url":"https:\/\/pubeurope.com\/@fr\/115286971805520029","error":""},"_links":{"self":[{"href":"https:\/\/www.europesays.com\/fr\/wp-json\/wp\/v2\/posts\/425774","targetHints":{"allow":["GET"]}}],"collection":[{"href":"https:\/\/www.europesays.com\/fr\/wp-json\/wp\/v2\/posts"}],"about":[{"href":"https:\/\/www.europesays.com\/fr\/wp-json\/wp\/v2\/types\/post"}],"author":[{"embeddable":true,"href":"https:\/\/www.europesays.com\/fr\/wp-json\/wp\/v2\/users\/2"}],"replies":[{"embeddable":true,"href":"https:\/\/www.europesays.com\/fr\/wp-json\/wp\/v2\/comments?post=425774"}],"version-history":[{"count":0,"href":"https:\/\/www.europesays.com\/fr\/wp-json\/wp\/v2\/posts\/425774\/revisions"}],"wp:featuredmedia":[{"embeddable":true,"href":"https:\/\/www.europesays.com\/fr\/wp-json\/wp\/v2\/media\/425775"}],"wp:attachment":[{"href":"https:\/\/www.europesays.com\/fr\/wp-json\/wp\/v2\/media?parent=425774"}],"wp:term":[{"taxonomy":"category","embeddable":true,"href":"https:\/\/www.europesays.com\/fr\/wp-json\/wp\/v2\/categories?post=425774"},{"taxonomy":"post_tag","embeddable":true,"href":"https:\/\/www.europesays.com\/fr\/wp-json\/wp\/v2\/tags?post=425774"}],"curies":[{"name":"wp","href":"https:\/\/api.w.org\/{rel}","templated":true}]}}