{"id":425781,"date":"2025-09-29T09:55:10","date_gmt":"2025-09-29T09:55:10","guid":{"rendered":"https:\/\/www.europesays.com\/fr\/425781\/"},"modified":"2025-09-29T09:55:10","modified_gmt":"2025-09-29T09:55:10","slug":"steel-a-saint-etienne-trois-nouvelles-boutiques-annoncees-dont-une-attendue","status":"publish","type":"post","link":"https:\/\/www.europesays.com\/fr\/425781\/","title":{"rendered":"Steel \u00e0 Saint-Etienne. Trois nouvelles boutiques annonc\u00e9es, dont une attendue"},"content":{"rendered":"<p>            Par<br \/>\n        <strong><br \/>\n            <a href=\"https:\/\/actu.fr\/auteur\/mathias-souteyrat\" title=\"Consulter tous les articles de Mathias Souteyrat\" rel=\"nofollow noopener\" target=\"_blank\">Mathias Souteyrat<\/a><br \/>\n        <\/strong><\/p>\n<p>        Publi\u00e9 le<\/p>\n<p>            29 sept. 2025 \u00e0 11h46        <\/p>\n<p>Du nouveau dans le <a href=\"https:\/\/actu.fr\/tag\/centre-commercial-steel\" rel=\"nofollow noopener\" target=\"_blank\">centre commercial Steel<\/a> \u00e0 <a href=\"https:\/\/actu.fr\/saint-etienne\/\" rel=\"nofollow noopener\" target=\"_blank\">Saint-Etienne<\/a> qui a f\u00eat\u00e9 r\u00e9cemment ses 5 ans d\u2019ouvertures et ses 28 millions de visiteurs. Trois nouvelles boutiques vont bient\u00f4t arriver. Voici ce que l\u2019on sait.<\/p>\n<p>Rituals a d\u00e9j\u00e0 un magasin dans l\u2019hyper-centre<\/p>\n<p class=\" wall-content\">Il s\u2019agit, selon les informations d\u2019<a href=\"https:\/\/www.activradio.com\/saint-etienne-3-nouvelles-enseignes-debarquent-a-steel\" rel=\"nofollow noopener\" target=\"_blank\">Activ Radio<\/a>, confirm\u00e9es \u00e0 notre r\u00e9daction, de l\u2019enseigne <strong>Rituals<\/strong>, sp\u00e9cialis\u00e9e dans les produits pour le bain, les soins du corps et produits parfum\u00e9s pour la maison. Elle devrait ouvrir \u00e0 partir de d\u00e9but novembre 2025 selon les offres de poste en ligne.\u00a0<\/p>\n<p class=\" wall-content\">Une boutique de cette marque existe d\u00e9j\u00e0 dans l\u2019hyper centre st\u00e9phanois au 10 rue G\u00e9n\u00e9ral Foy.<\/p>\n<p>Une bijouterie et une boutique de parfums<\/p>\n<p class=\" wall-content\">Une bijouterie <strong>Histoire d\u2019Or<\/strong> va \u00e9galement s\u2019installer dans le centre commercial. Enfin, un magasin <strong>Adopt<\/strong>, cr\u00e9ateur de parfums, devrait ouvrir dans l\u2019ann\u00e9e 2026.<\/p>\n<p class=\" wall-content\">\u00ab\u00a0Depuis son ouverture en septembre 2020, 28 millions de personnes ont franchi les portes du centre commercial, dont plus de 2 millions depuis le d\u00e9but de l\u2019ann\u00e9e 2025\u00a0\u00bb, met en avant Apsys, les propri\u00e9taires des lieux.\u00a0<\/p>\n<p class=\" wall-content\">Personnalisez votre actualit\u00e9 en ajoutant vos villes et m\u00e9dias en favori avec <a href=\"https:\/\/moncompte.actu.fr\" title=\"D\u00e9couvez Mon Actu\" rel=\"nofollow noopener\" data-trk=\"{&quot;cta&quot;:{&quot;action&quot;:&quot;https:\\\/\\\/moncompte.actu.fr&quot;,&quot;category&quot;:&quot;mon compte&quot;,&quot;from&quot;:&quot;article footer&quot;,&quot;name&quot;:&quot;Mon actu&quot;,&quot;type&quot;:&quot;cta&quot;}}\" target=\"_blank\">Mon Actu<\/a>.<\/p>\n","protected":false},"excerpt":{"rendered":"Par Mathias Souteyrat Publi\u00e9 le 29 sept. 2025 \u00e0 11h46 Du nouveau dans le centre commercial Steel \u00e0&hellip;\n","protected":false},"author":2,"featured_media":425782,"comment_status":"","ping_status":"","sticky":false,"template":"","format":"standard","meta":{"footnotes":""},"categories":[9653],"tags":[1111,11,2430,16733,33,1777,674,1011,27,12,3147,25,4001],"class_list":{"0":"post-425781","1":"post","2":"type-post","3":"status-publish","4":"format-standard","5":"has-post-thumbnail","7":"category-saint-etienne","8":"tag-actu","9":"tag-actualites","10":"tag-auvergne-rhone-alpes","11":"tag-centre-commercial-steel","12":"tag-economie","13":"tag-eu","14":"tag-europe","15":"tag-fr","16":"tag-france","17":"tag-news","18":"tag-nouveaux-commerces","19":"tag-republique-francaise","20":"tag-saint-etienne"},"share_on_mastodon":{"url":"https:\/\/pubeurope.com\/@fr\/115286987675196866","error":""},"_links":{"self":[{"href":"https:\/\/www.europesays.com\/fr\/wp-json\/wp\/v2\/posts\/425781","targetHints":{"allow":["GET"]}}],"collection":[{"href":"https:\/\/www.europesays.com\/fr\/wp-json\/wp\/v2\/posts"}],"about":[{"href":"https:\/\/www.europesays.com\/fr\/wp-json\/wp\/v2\/types\/post"}],"author":[{"embeddable":true,"href":"https:\/\/www.europesays.com\/fr\/wp-json\/wp\/v2\/users\/2"}],"replies":[{"embeddable":true,"href":"https:\/\/www.europesays.com\/fr\/wp-json\/wp\/v2\/comments?post=425781"}],"version-history":[{"count":0,"href":"https:\/\/www.europesays.com\/fr\/wp-json\/wp\/v2\/posts\/425781\/revisions"}],"wp:featuredmedia":[{"embeddable":true,"href":"https:\/\/www.europesays.com\/fr\/wp-json\/wp\/v2\/media\/425782"}],"wp:attachment":[{"href":"https:\/\/www.europesays.com\/fr\/wp-json\/wp\/v2\/media?parent=425781"}],"wp:term":[{"taxonomy":"category","embeddable":true,"href":"https:\/\/www.europesays.com\/fr\/wp-json\/wp\/v2\/categories?post=425781"},{"taxonomy":"post_tag","embeddable":true,"href":"https:\/\/www.europesays.com\/fr\/wp-json\/wp\/v2\/tags?post=425781"}],"curies":[{"name":"wp","href":"https:\/\/api.w.org\/{rel}","templated":true}]}}